{"id":1261213,"date":"2025-11-04T20:10:41","date_gmt":"2025-11-05T02:10:41","guid":{"rendered":"https:\/\/www.acapulcopress.com\/?p=1261213"},"modified":"2025-11-04T20:18:42","modified_gmt":"2025-11-05T02:18:42","slug":"david-beckham-coronado-caballero-por-el-rey-carlos-iii","status":"publish","type":"post","link":"https:\/\/www.acapulcopress.com\/index.php\/2025\/11\/04\/david-beckham-coronado-caballero-por-el-rey-carlos-iii\/","title":{"rendered":"David Beckham coronado Caballero por el rey Carlos III"},"content":{"rendered":"<p>LONDRES * 4 de noviembre 2025<br \/>\n<em>)<a href=\"https:\/\/efe.com\/deportes\/2025-11-04\/david-beckham-caballero-por-el-ry-carlos-iii\/\" target=\"_blank\" rel=\"noopener\"> Efe<\/a><\/em><br \/>\n<strong>David Beckham<\/strong>, exjugador del <em>Manchester United<\/em> y del <em>Real Madrid<\/em>, entre otros, y de la selecci\u00f3n inglesa, ha sido coronado caballero por el rey <strong>Carlos III<\/strong> este martes por sus servicios al f\u00fatbol y a la sociedad brit\u00e1nica.<\/p>\n<p>El exfutbolista de 50 a\u00f1os fue nominado en la lista de honores del rey las navidades pasadas y fue declarado caballero, es decir que portar\u00e1 el \u2018Sir\u2019, en una ceremonia celebrada este martes en Berkshire (Inglaterra).<\/p>\n<p>\u00abNo podr\u00eda estar m\u00e1s orgulloso de eso. La gente sabe lo patri\u00f3tico que soy y lo mucho que amo a mi pa\u00eds. Siempre he dicho lo importante que es la monarqu\u00eda para mi familia. He tenido mucha suerte durante mi vida de viajar alrededor del mundo y toda la gente quer\u00eda preguntarme sobre nuestra monarqu\u00eda. Eso me da mucho orgullo\u00bb, dijo Beckham.<\/p>\n<p>Criado en la cantera del <em>Manchester United<\/em>, Beckham estuvo once a\u00f1os con los mancunianos antes de marcharse en 2003 al <em>Real Madrid<\/em> tras haber ganado varias <em>Premier League<\/em> y una <em>Champions League<\/em>. No pudo replicar el \u00e9xito del <em>United<\/em> con los \u2018blancos\u2019, con los que solo gan\u00f3 una liga espa\u00f1ola en los cuatro a\u00f1os que estuvo, pero dej\u00f3 un gran impacto en la capital madrile\u00f1a antes de irse al <em>LA Galaxy<\/em>.<\/p>\n<p>Durante su estancia en Los \u00c1ngeles, Beckham vivi\u00f3 dos cesiones en el<em> Milan<\/em> y una en el <em>Paris Saint Germain<\/em> hasta que finaliz\u00f3 su carrera en 2013 y se convirti\u00f3 en propietario de una franquicia de la MLS, el actual <em>Inter<\/em> de Miami, que cuenta en sus filas con <strong>Leo Messi<\/strong> y <strong>Luis Su\u00e1rez<\/strong>.<\/p>\n<p>A nivel internacional, Beckham jug\u00f3 115 partidos con Inglaterra, fue capit\u00e1n durante seis a\u00f1os y disput\u00f3 dos <em>Copas del Mundo<\/em> y dos <em>Eurocopas<\/em>.<\/p>\n<p>Fuera de los terrenos de juego, adem\u00e1s de por su faceta de modelo, a Beckham se le ha conocido por sus acciones caritativas, siendo embajador de <em>Unicef<\/em> desde 2005.<\/p>\n<p><em>) <a href=\"http:\/\/fb.me\/steparious\" target=\"_blank\" rel=\"noopener\">fb.me\/steparious<\/a> ) <a href=\"http:\/\/fb.me\/acapulcopress\" target=\"_blank\" rel=\"noopener\">fb.me\/acapulcopress<\/a><\/em><\/p>\n","protected":false},"excerpt":{"rendered":"<p>David Beckham, exjugador del Manchester United y del Real Madrid, entre otros, y de la selecci\u00f3n inglesa, ha sido coronado caballero por el rey Carlos III este martes por sus servicios al f\u00fatbol <\/p>\n","protected":false},"author":1,"featured_media":1261214,"comment_status":"closed","ping_status":"open","sticky":false,"template":"","format":"standard","meta":{"footnotes":""},"categories":[1988,19],"tags":[18888,12345,15332,15540,17527],"class_list":["post-1261213","post","type-post","status-publish","format-standard","has-post-thumbnail","hentry","category-lifestyles","category-sports","tag-fb-me-steparious","tag-manchester-united","tag-real-madrid","tag-rey-carlos-iii","tag-unicef"],"_links":{"self":[{"href":"https:\/\/www.acapulcopress.com\/index.php\/wp-json\/wp\/v2\/posts\/1261213","targetHints":{"allow":["GET"]}}],"collection":[{"href":"https:\/\/www.acapulcopress.com\/index.php\/wp-json\/wp\/v2\/posts"}],"about":[{"href":"https:\/\/www.acapulcopress.com\/index.php\/wp-json\/wp\/v2\/types\/post"}],"author":[{"embeddable":true,"href":"https:\/\/www.acapulcopress.com\/index.php\/wp-json\/wp\/v2\/users\/1"}],"replies":[{"embeddable":true,"href":"https:\/\/www.acapulcopress.com\/index.php\/wp-json\/wp\/v2\/comments?post=1261213"}],"version-history":[{"count":3,"href":"https:\/\/www.acapulcopress.com\/index.php\/wp-json\/wp\/v2\/posts\/1261213\/revisions"}],"predecessor-version":[{"id":1261217,"href":"https:\/\/www.acapulcopress.com\/index.php\/wp-json\/wp\/v2\/posts\/1261213\/revisions\/1261217"}],"wp:featuredmedia":[{"embeddable":true,"href":"https:\/\/www.acapulcopress.com\/index.php\/wp-json\/wp\/v2\/media\/1261214"}],"wp:attachment":[{"href":"https:\/\/www.acapulcopress.com\/index.php\/wp-json\/wp\/v2\/media?parent=1261213"}],"wp:term":[{"taxonomy":"category","embeddable":true,"href":"https:\/\/www.acapulcopress.com\/index.php\/wp-json\/wp\/v2\/categories?post=1261213"},{"taxonomy":"post_tag","embeddable":true,"href":"https:\/\/www.acapulcopress.com\/index.php\/wp-json\/wp\/v2\/tags?post=1261213"}],"curies":[{"name":"wp","href":"https:\/\/api.w.org\/{rel}","templated":true}]}}