{"id":1261228,"date":"2025-11-05T18:56:55","date_gmt":"2025-11-06T00:56:55","guid":{"rendered":"https:\/\/www.acapulcopress.com\/?p=1261228"},"modified":"2025-11-05T18:57:52","modified_gmt":"2025-11-06T00:57:52","slug":"asumio-grecia-quiroz-la-presidencia-municipal-de-uruapan","status":"publish","type":"post","link":"https:\/\/www.acapulcopress.com\/index.php\/2025\/11\/05\/asumio-grecia-quiroz-la-presidencia-municipal-de-uruapan\/","title":{"rendered":"Asumi\u00f3 Grecia Quiroz la presidencia de Uruapan"},"content":{"rendered":"<p>URUAPAN, Michoac\u00e1n * 5 de noviembre 2025<br \/>\n<em>) Agencias | Redacci\u00f3n<\/em><br \/>\nCon una foto de<strong> Carlos Manzo<\/strong> a su lado y sujetando con fuerza en la mano izquierda un sombrero que simboliz\u00f3 el movimiento encauzado por su\u00a0 esposo,<strong> Grecia Itzel Quiroz Garc\u00eda<\/strong> rindi\u00f3 protesta como alcaldesa de Uruapan, prometiendo continuar con el legado del extinto alcalde asesinado de siete balazos el pasado 1 de noviembre durante el<em> Festival de las Velas<\/em>, celebraci\u00f3n que se lleva a cabo anualmente en el municipio con motivo de la festividad de <em>D\u00eda de Muertos<\/em>.<\/p>\n<p>\u201cEl legado de Carlos Manzo va a seguir, as\u00ed hayan callado su voz, as\u00ed quienes hayan dado la indicaci\u00f3n de arrebatarle la vida de la manera m\u00e1s<\/p>\n<p><a href=\"https:\/\/www.acapulcopress.com\/wp-content\/uploads\/2025\/11\/grecia-quiroz-2.jpg\"><img loading=\"lazy\" decoding=\"async\" class=\"alignleft wp-image-1261229 size-cmsmasters-square-thumb\" src=\"https:\/\/www.acapulcopress.com\/wp-content\/uploads\/2025\/11\/grecia-quiroz-2-360x360.jpg\" alt=\"\" width=\"360\" height=\"360\" srcset=\"https:\/\/www.acapulcopress.com\/wp-content\/uploads\/2025\/11\/grecia-quiroz-2-360x360.jpg 360w, https:\/\/www.acapulcopress.com\/wp-content\/uploads\/2025\/11\/grecia-quiroz-2-150x150.jpg 150w, https:\/\/www.acapulcopress.com\/wp-content\/uploads\/2025\/11\/grecia-quiroz-2-70x70.jpg 70w\" sizes=\"auto, (max-width: 360px) 100vw, 360px\" \/><\/a><\/p>\n<p>cruel; esto seguir\u00e1, esto continuar\u00e1. El <em>Movimiento del Sombrero<\/em> no parar\u00e1, llegar\u00e1 a gran nivel, y todos ustedes van a ser testigo de ello\u201d, declar\u00f3 con voz entrecortada pero firme.<\/p>\n<p>La mujer fue custodiada por elementos de la <em>Guardia Nacional<\/em> durante su trayecto al Congreso estatal, que con 38 de 40 votos a favor aprob\u00f3 su designaci\u00f3n como alcaldesa sustituta.<\/p>\n<p>\u00bbLe pido a los ciudadanos que sigamos luchando. Apagaron su luz, apagaron su vida, pero no lo callar\u00e1n nunca\u00bb, dijo Quiroz en tribuna.<\/p>\n<p>\u00bb\u00a1No est\u00e1s sola! \u00a1No est\u00e1s sola, no est\u00e1s sola!\u00bb, gritaron legisladores afines al <em>Movimiento del Sombrero<\/em>, fundado por su esposo.<\/p>\n<p>\u00bbVoy a seguir su legado y lo har\u00e9 de una manera honrada. Su legado se ir\u00e1 limpio. Su legado fue limpio e independiente. El movimiento seguir\u00e1 libre e independiente\u00bb, expres\u00f3 Quiroz.<\/p>\n<p>\u00bbQu\u00e9 triste que tuvo que pasar esto a Carlos Manzo para que ahora s\u00ed nos quieran brindar seguridad; qu\u00e9 triste que ahora s\u00ed quieran blindarnos, qu\u00e9 triste porque \u00e9l lo grit\u00f3\u00bb, reclam\u00f3 Quiroz en el Congreso michoacano.<\/p>\n<p><a href=\"https:\/\/www.acapulcopress.com\/wp-content\/uploads\/2025\/11\/grecia-quiroz-3.jpg\"><img loading=\"lazy\" decoding=\"async\" class=\"alignleft wp-image-1261230 size-cmsmasters-square-thumb\" src=\"https:\/\/www.acapulcopress.com\/wp-content\/uploads\/2025\/11\/grecia-quiroz-3-360x360.jpg\" alt=\"\" width=\"360\" height=\"360\" srcset=\"https:\/\/www.acapulcopress.com\/wp-content\/uploads\/2025\/11\/grecia-quiroz-3-360x360.jpg 360w, https:\/\/www.acapulcopress.com\/wp-content\/uploads\/2025\/11\/grecia-quiroz-3-150x150.jpg 150w, https:\/\/www.acapulcopress.com\/wp-content\/uploads\/2025\/11\/grecia-quiroz-3-70x70.jpg 70w\" sizes=\"auto, (max-width: 360px) 100vw, 360px\" \/><\/a><\/p>\n<p>\u00bb\u00c9l pidi\u00f3 auxilio una y otra vez. Tem\u00eda por la vida de sus hijos, tem\u00eda por mi vida, pero no lo escucharon. Seguir\u00e9 su legado\u00bb, complement\u00f3.<\/p>\n<p>En abril de este a\u00f1o, Grecia Quiroz asumi\u00f3 como presidenta honoraria del DIF Uruapan, con el compromiso de fortalecer dicha instituci\u00f3n y estar al servicio de los sectores m\u00e1s vulnerables.<\/p>\n<p>En su toma de protesta, reconoci\u00f3 las carencias materiales de la instituci\u00f3n, pero afirm\u00f3 tener confianza en que con esfuerzo y trabajo en equipo podr\u00edan superarse.<\/p>\n<p>Su experiencia al frente del DIF municipal, Grecia Quiroz aspir\u00f3 en 2024 a una diputaci\u00f3n local por el distrito 20 de Uruapan, postulada como candidata independiente por la asociaci\u00f3n civil Mujeres Empoderando Uruapan, candidatura a la que renunci\u00f3 en enero de 2025.<\/p>\n<p>En medio del luto por el asesinato de Carlos Manzo Rodr\u00edguez, la esposa del alcalde transform\u00f3 su dolor en un discurso de resistencia.<\/p>\n<p>Durante el homenaje p\u00f3stumo, Quiroz Garc\u00eda\u00a0 dej\u00f3 claro que el legado de su esposo no terminar\u00e1 con su muerte.<br \/>\n<em>) <a href=\"http:\/\/fb.me\/steparious\" target=\"_blank\" rel=\"noopener\">fb.me\/steparious<\/a> ) <a href=\"http:\/\/fb.me\/acapulcopress\" target=\"_blank\" rel=\"noopener\">fb.me\/acapulcopress<\/a><\/em><\/p>\n","protected":false},"excerpt":{"rendered":"<p>URUAPAN, Michoac\u00e1n * 5 de noviembre 2025 ) Agencias | Redacci\u00f3n Con una foto de Carlos Manzo a su lado y sujetando con fuerza en la mano izquierda un sombrero que simboliz\u00f3 el movimiento encauzado por su\u00a0 esposo, Grecia Itzel Quiroz Garc\u00eda rindi\u00f3 protesta como alcaldesa de Uruapan, prometiendo continuar con el legado del extinto&#8230;<\/p>\n","protected":false},"author":1,"featured_media":1261231,"comment_status":"closed","ping_status":"open","sticky":false,"template":"","format":"standard","meta":{"footnotes":""},"categories":[1997],"tags":[18478,18755,7186,18892,18890],"class_list":["post-1261228","post","type-post","status-publish","format-standard","has-post-thumbnail","hentry","category-noticias-destacadas","tag-carlos-alberto-manzo-rodriguez","tag-carlos-manzo-el-del-sombrero","tag-dia-de-muertos","tag-festival-de-las-velas","tag-grecia-itzel-quiroz-garcia"],"_links":{"self":[{"href":"https:\/\/www.acapulcopress.com\/index.php\/wp-json\/wp\/v2\/posts\/1261228","targetHints":{"allow":["GET"]}}],"collection":[{"href":"https:\/\/www.acapulcopress.com\/index.php\/wp-json\/wp\/v2\/posts"}],"about":[{"href":"https:\/\/www.acapulcopress.com\/index.php\/wp-json\/wp\/v2\/types\/post"}],"author":[{"embeddable":true,"href":"https:\/\/www.acapulcopress.com\/index.php\/wp-json\/wp\/v2\/users\/1"}],"replies":[{"embeddable":true,"href":"https:\/\/www.acapulcopress.com\/index.php\/wp-json\/wp\/v2\/comments?post=1261228"}],"version-history":[{"count":2,"href":"https:\/\/www.acapulcopress.com\/index.php\/wp-json\/wp\/v2\/posts\/1261228\/revisions"}],"predecessor-version":[{"id":1261233,"href":"https:\/\/www.acapulcopress.com\/index.php\/wp-json\/wp\/v2\/posts\/1261228\/revisions\/1261233"}],"wp:featuredmedia":[{"embeddable":true,"href":"https:\/\/www.acapulcopress.com\/index.php\/wp-json\/wp\/v2\/media\/1261231"}],"wp:attachment":[{"href":"https:\/\/www.acapulcopress.com\/index.php\/wp-json\/wp\/v2\/media?parent=1261228"}],"wp:term":[{"taxonomy":"category","embeddable":true,"href":"https:\/\/www.acapulcopress.com\/index.php\/wp-json\/wp\/v2\/categories?post=1261228"},{"taxonomy":"post_tag","embeddable":true,"href":"https:\/\/www.acapulcopress.com\/index.php\/wp-json\/wp\/v2\/tags?post=1261228"}],"curies":[{"name":"wp","href":"https:\/\/api.w.org\/{rel}","templated":true}]}}