{"id":1261237,"date":"2025-11-05T20:45:38","date_gmt":"2025-11-06T02:45:38","guid":{"rendered":"https:\/\/www.acapulcopress.com\/?p=1261237"},"modified":"2025-11-05T20:47:09","modified_gmt":"2025-11-06T02:47:09","slug":"el-sacrificio-de-carlos-manzo-no-sera-en-vano","status":"publish","type":"post","link":"https:\/\/www.acapulcopress.com\/index.php\/2025\/11\/05\/el-sacrificio-de-carlos-manzo-no-sera-en-vano\/","title":{"rendered":"El sacrificio de Carlos Manzo, no ser\u00e1 en vano"},"content":{"rendered":"<p><em>Marem\u00e1gnum<\/em><br \/>\n\u00bb<a href=\"https:\/\/www.facebook.com\/ricardocastill01\" target=\"_blank\" rel=\"noopener\"> <strong>RICARDO<\/strong> |<strong> CASTILLO BARRIENTOS<\/strong><\/a><\/p>\n<p>Una gran consternaci\u00f3n caus\u00f3 el fin de semana, el proditorio crimen del presidente municipal de Uruapan, Michoac\u00e1n, C<strong>arlos Manzo Rodr\u00edguez<\/strong>, ejecutado en el coraz\u00f3n de la ciudad, a manos de un joven sicario entrenado para vaciar en su humanidad la carga completa de una pavorosa pistola nueve mil\u00edmetros.<\/p>\n<p>El alcalde Manzo hab\u00eda sido amenazado de muerte por dirigentes regionales del C\u00e1rtel Jalisco Nueva Generaci\u00f3n (<strong>CJNG<\/strong>) y Los Templarios, debido a su f\u00e9rrea defensa de la poblaci\u00f3n, a costa de su propia vida, estaba consciente de esa eventualidad, como ocurri\u00f3.<\/p>\n<p>El polit\u00f3logo y dirigente del <strong>Movimiento del Sombrero<\/strong>, pag\u00f3 cara su osad\u00eda de enfrentar y tratar de erradicar a la delincuencia organizada, sin considerar factores adversos e intereses econ\u00f3micos y pol\u00edticos entrelazados, que ordenaron quitarle la vida a como diera lugar.<\/p>\n<p>Se viene incrementando el n\u00famero de presidentes municipales masacrados por no plegarse a los designios e intereses de grupos delictivos, que mantienen bajo control a gran cantidad de municipios del pa\u00eds, de bajo y mediano desarrollo econ\u00f3mico y social y uno que otro grande, mediante financiamientos de candidatos con posibilidades de ganar elecciones, sin importar el partido pol\u00edtico.<\/p>\n<p>El presidente municipal sacrificado se hab\u00eda convertido en un personaje de la pol\u00edtica nacional, por su firme actitud de valent\u00eda, no conocida en la clase pol\u00edtica mexicana, enriquecida al amparo del poder y estrechos v\u00ednculos criminales. Hab\u00eda ganado la simpat\u00eda de muchos mexicanos que segu\u00edan con inter\u00e9s y expectaci\u00f3n sus acciones de gobierno, en el combate directo a la criminalidad.<\/p>\n<p>Manzo Rodr\u00edguez hab\u00eda ganado gran popularidad nacional hasta convertirse en el \u201c<strong>Bukele Mexicano<\/strong>\u201d, en relaci\u00f3n con el presidente de la Rep\u00fablica El Salvador, quien ha logrado someter a las bandas criminales, reduciendo al m\u00ednimo los \u00edndices de violencias.<\/p>\n<p>Los anillos de seguridad interior y exterior de 20 elementos polic\u00edacos, fueron vulnerados por el potencial asesino, sin ning\u00fan efecto el protocolo dispuesto para proteger la vida del funcionario p\u00fablico, quien ya se perfilaba para gobernador de Michoac\u00e1n en la elecci\u00f3n de 2027.<\/p>\n<p>Se tiene conocimiento que los municipios de la mayor\u00eda de las entidades federativas, se encuentran infiltrados por elementos del crimen organizado, apoderados de los cargos m\u00e1s importantes: presidentes, secretarios de Seguridad P\u00fablica, secretarios de Finanzas, secretarios de Obras P\u00fablicas y Desarrollo Urbano y otros.<\/p>\n<p>Varios gobiernos estatales han sido omisos o rebasados frente a la evidente realidad, dejando desprotegidas a las autoridades municipales obligadas en algunos casos, a someterse a las \u00f3rdenes criminales, para no pagar el alto costo con la p\u00e9rdida de vidas.<\/p>\n<p>El <strong>Gabinete de Seguridad Federal<\/strong> encabezado por la presidenta Claudia Sheinbaum, est\u00e1 dando tibias muestras de correcci\u00f3n de la estrategia de seguridad p\u00fablica con resultados p\u00edrricos ante la gravedad del inmenso problema de inseguridad y violencia, que prevalece en el pa\u00eds, aunque se repita hasta el cansancio que las cifras van disminuyendo y vamos por el camino correcto.<\/p>\n<p>La presidenta Sheinbaum como <strong>Comandanta Suprema de las Fuerzas Armadas<\/strong>, est\u00e1 obligada a dar un <strong>golpe de tim\u00f3n<\/strong>, antes que surjan g\u00e9rmenes de ingobernabilidad, porque los programas sociales resultar\u00edan insuficientes para mantener la tranquilidad ciudadana en el territorio nacional.<\/p>\n<p>El sacrificio de Carlos Manzo, no ser\u00e1 en vano. \u00a1Descanse en Paz!<\/p>\n<p><strong>Marea Baja.-<\/strong> Despu\u00e9s de sortear con tropiezos la pol\u00e9mica del famoso collar de luxe, la alcaldesa Abelina L\u00f3pez Rodr\u00edguez, se apresta para mover el bote y dar sus mejores pasos, en el Festival de La Nao, del 10 al 15 de noviembre, con un gran elenco de estrellas de talla internacional de Hungr\u00eda Chile, Colombia y M\u00e9xico.<\/p>\n<p>Bajo el lema \u201cSomos Pac\u00edfico\u201d, el Ayuntamiento emiti\u00f3 una convocatoria a nivel nacional para participar en las disciplinas de danza, m\u00fasica, teatro, literatura, cine y artes visuales, aunque no se mencionan los premios a que se har\u00e1n acreedores. No faltar\u00e1n las grandes luminarias del firmamento art\u00edstico nacional como todos los a\u00f1os, a muy alto costo.<\/p>\n<p><strong>Marea Alta.-<\/strong> El cinismo del delegado del Bienestar; Iv\u00e1n Hern\u00e1ndez D\u00edaz, no tiene l\u00edmites en su desbocada carrera por agenciarse alguna candidatura morenista, acudiendo personalmente a la entrega de tarjetas de los <strong>Programas Sociales<\/strong>, lo cual no hac\u00eda, sino ahora que se acerca el proceso electoral del 2027.<\/p>\n<p>Hern\u00e1ndez D\u00edaz, cabeza del grupo \u201c<em>Nu\u00f1ista<\/em>\u201d, junto con Jacinto Gonz\u00e1lez Varona, dirigente estatal de <strong>MORENA<\/strong>, no tiene ninguna consideraci\u00f3n con los beneficiarios de programas federales, (ancianos, mujeres, j\u00f3venes y ni\u00f1os) que tienen que esperar horas para recibir las dichosas <strong>tarjetas del Bienestar<\/strong>, con el fin de darse a conocer con la gente; como lo hace burdamente en las redes sociales, con recursos p\u00fablicos y no hay nadie quien lo frene en sus ambiciones pol\u00edticas.<\/p>\n<p><strong>Maremoto.-<\/strong> Qui\u00e9n anda que no cabe de gusto es el rector de la <strong>UAGro<\/strong>, Javier Salda\u00f1a Almaz\u00e1n, despu\u00e9s que los miembros de la Comisi\u00f3n de Educaci\u00f3n, aprobaron por mayor\u00eda la iniciativa de reforma a la <strong>Ley Org\u00e1nica de la UAGro<\/strong>., solo faltar\u00eda que el pleno del Congreso del Estado, ratifique el acuerdo de la dichosa Comisi\u00f3n.<\/p>\n<p>La resistencia universitaria espera que los diputados morenistas reaccionen y corrijan la plana, lo que resultar\u00e1 imposible, por eso han anticipado que dirigir\u00e1n su protesta ante la <strong>CODDEHUM<\/strong>, la <strong>CNDH<\/strong> e interponer una Controversia Constitucional ante la Suprema Corte de Justicia de la Naci\u00f3n (<strong>SCJN<\/strong>).<br \/>\n<em>) <a href=\"http:\/\/fb.me\/steparious\" target=\"_blank\" rel=\"noopener\">fb.me\/steparious<\/a> ) <a href=\"http:\/\/) fb.me\/steparious ) fb.me\/acapulcopress\" target=\"_blank\" rel=\"noopener\">fb.me\/acapulcopress<\/a><\/em><\/p>\n","protected":false},"excerpt":{"rendered":"<p>Ricardo Castillo | Una gran consternaci\u00f3n caus\u00f3 el proditorio crimen de Carlos Manzo, presidente municipal de Uruapan<\/p>\n","protected":false},"author":1,"featured_media":1261238,"comment_status":"closed","ping_status":"open","sticky":false,"template":"","format":"standard","meta":{"footnotes":""},"categories":[2071,1991],"tags":[18894,18893,12503,15575],"class_list":["post-1261237","post","type-post","status-publish","format-standard","has-post-thumbnail","hentry","category-opinion-analisis-columnas","category-libertad-de-expresion","tag-arlos-manzo-rodriguez","tag-carlos-manzo","tag-maremagnum","tag-ricardo-castillo-barrientos"],"_links":{"self":[{"href":"https:\/\/www.acapulcopress.com\/index.php\/wp-json\/wp\/v2\/posts\/1261237","targetHints":{"allow":["GET"]}}],"collection":[{"href":"https:\/\/www.acapulcopress.com\/index.php\/wp-json\/wp\/v2\/posts"}],"about":[{"href":"https:\/\/www.acapulcopress.com\/index.php\/wp-json\/wp\/v2\/types\/post"}],"author":[{"embeddable":true,"href":"https:\/\/www.acapulcopress.com\/index.php\/wp-json\/wp\/v2\/users\/1"}],"replies":[{"embeddable":true,"href":"https:\/\/www.acapulcopress.com\/index.php\/wp-json\/wp\/v2\/comments?post=1261237"}],"version-history":[{"count":2,"href":"https:\/\/www.acapulcopress.com\/index.php\/wp-json\/wp\/v2\/posts\/1261237\/revisions"}],"predecessor-version":[{"id":1261240,"href":"https:\/\/www.acapulcopress.com\/index.php\/wp-json\/wp\/v2\/posts\/1261237\/revisions\/1261240"}],"wp:featuredmedia":[{"embeddable":true,"href":"https:\/\/www.acapulcopress.com\/index.php\/wp-json\/wp\/v2\/media\/1261238"}],"wp:attachment":[{"href":"https:\/\/www.acapulcopress.com\/index.php\/wp-json\/wp\/v2\/media?parent=1261237"}],"wp:term":[{"taxonomy":"category","embeddable":true,"href":"https:\/\/www.acapulcopress.com\/index.php\/wp-json\/wp\/v2\/categories?post=1261237"},{"taxonomy":"post_tag","embeddable":true,"href":"https:\/\/www.acapulcopress.com\/index.php\/wp-json\/wp\/v2\/tags?post=1261237"}],"curies":[{"name":"wp","href":"https:\/\/api.w.org\/{rel}","templated":true}]}}