{"id":1261276,"date":"2025-11-10T06:36:02","date_gmt":"2025-11-10T12:36:02","guid":{"rendered":"https:\/\/www.acapulcopress.com\/?p=1261276"},"modified":"2025-11-11T07:30:52","modified_gmt":"2025-11-11T13:30:52","slug":"puerto-marques-clama-por-atencion-y-solucion-a-servicios-urbanos","status":"publish","type":"post","link":"https:\/\/www.acapulcopress.com\/index.php\/2025\/11\/10\/puerto-marques-clama-por-atencion-y-solucion-a-servicios-urbanos\/","title":{"rendered":"Puerto Marqu\u00e9s clama por atenci\u00f3n y soluci\u00f3n a servicios urbanos"},"content":{"rendered":"<p>\u00bb <strong>Ricardo Castillo Barrientos<\/strong><\/p>\n<p>Despu\u00e9s de la bah\u00eda de Acapulco, la bah\u00eda de Puerto Marqu\u00e9s, es la m\u00e1s hermosa y visitada de Acapulco, su encanto natural la convierte en un centro tur\u00edstico imperdible durante la estancia en el puerto, con sus bellas playas adyacentes de Majahua y Pichilingue, y los petrograbados rupestrespoco conocidos.<\/p>\n<p>Sin embargo, no todo es miel sobre hojuelas porque infinidad de turistas y residentes, han propagado la versi\u00f3n que en ese balneario ocurre una serie de abusos en los precios de alimentos y bebidas en los restaurantes, en actividades acu\u00e1ticas y recreativas, y en estacionamientos p\u00fablicos de manera desmedida, sin que la autoridad competente (<strong>Profeco<\/strong>), intervenga y defienda la econom\u00eda del turismo local y nacional.<\/p>\n<p>En la reciente historia de las \u00faltimas d\u00e9cadas, este imponente centro recreativo ha sufrido los embates de huracanes y tormentas, que lo han devastado en la franja de playa y en las viviendas de los habitantes, teniendo como respuesta la inmediata intervenci\u00f3n de los gobiernos estatal y federal que acuden en auxilio, con apoyos materiales, econ\u00f3micos extraordinarios y en la remodelaci\u00f3n integral de los restaurantes, principal fuente de ingresos.<\/p>\n<p>Esta narrativa viene a cuento por la crisis actual que atraviesa, en exigencia de soluci\u00f3n a la apremiante problem\u00e1tica de servicios urbanos, inexistentes o deteriorados por el paso del tiempo, requiriendo atenci\u00f3n de las autoridades de los tres \u00f3rdenes de gobierno.<\/p>\n<p>El innovador servicio mar\u00edtimo del <em>Marinab\u00fas<\/em>, result\u00f3 la mejor oportunidad para ejercer presi\u00f3n en contra del Fondo Nacional de Turismo (<strong>Fonatur<\/strong>), a fin de dar cumplimiento a los compromisos acordados por la ex directora General, Lyndia Quiroz Zavala, siendo demorados por el actual Titular, Sebasti\u00e1n Ram\u00edrez Mendoza, de quien exigen su presencia para resolver en definitiva el dragado de la Laguna Negra, la rehabilitaci\u00f3n de la planta tratadora de aguas residuales, el sistema de drenaje, el mejoramiento de banquetas y calle principal, as\u00ed como, concluir las obras del programa Sendero de Paz y alumbrado p\u00fablico, con la intervenci\u00f3n de <strong>la Secretaria de Marina, Conagua, CAPASEG, CAPAMA y Ayuntamiento.<\/strong><\/p>\n<p>El magno proyecto del <em>Marinab\u00fas<\/em>, ha ganado la aceptaci\u00f3n de la poblaci\u00f3n y del sector tur\u00edstico, por resultar un nuevo atractivo de los productos innovadores que tanto han anhelado los acapulque\u00f1os, diversificando las actividades recreativas, adem\u00e1s de coadyuvar a la movilidad urbana.<\/p>\n<p>El balneario de Puerto Marqu\u00e9s resultar\u00eda el m\u00e1s beneficiado con la operaci\u00f3n de esta embarcaci\u00f3n, por el costo accesible y la oportunidad de trasladarse en un transporte mar\u00edtimo de este tipo, para el disfrute y regocijo de propios y extra\u00f1os, que desembarcar\u00e1n en el muelle de la zona tur\u00edstica.<\/p>\n<p>Los marquesanos han afirmado de manera contunde que no se oponen al proyecto, sino que les representa una eficaz forma de presi\u00f3n para llamar hacer un llamado de atenci\u00f3n al director de <strong>Fonatur<\/strong>, y atienda sus reclamos sociales, rectificando sus actitudes prepotentes y amenazantes, muy ajenas al proyecto de la Cuarta Transformaci\u00f3n.<br \/>\n<em><a href=\"http:\/\/) fb.me\/steparious\" target=\"_blank\" rel=\"noopener\">) fb.me\/steparious<\/a> ) <a href=\"http:\/\/fb.me\/acapulcopress\" target=\"_blank\" rel=\"noopener\">fb.me\/acapulcopress<\/a><\/em><\/p>\n","protected":false},"excerpt":{"rendered":"<p>Ricardo Castillo | Despu\u00e9s de la bah\u00eda de Acapulco, la bah\u00eda de Puerto Marqu\u00e9s, es la m\u00e1s hermosa<\/p>\n","protected":false},"author":1,"featured_media":1261277,"comment_status":"closed","ping_status":"open","sticky":false,"template":"","format":"standard","meta":{"footnotes":""},"categories":[2071,1991],"tags":[15575],"class_list":["post-1261276","post","type-post","status-publish","format-standard","has-post-thumbnail","hentry","category-opinion-analisis-columnas","category-libertad-de-expresion","tag-ricardo-castillo-barrientos"],"_links":{"self":[{"href":"https:\/\/www.acapulcopress.com\/index.php\/wp-json\/wp\/v2\/posts\/1261276","targetHints":{"allow":["GET"]}}],"collection":[{"href":"https:\/\/www.acapulcopress.com\/index.php\/wp-json\/wp\/v2\/posts"}],"about":[{"href":"https:\/\/www.acapulcopress.com\/index.php\/wp-json\/wp\/v2\/types\/post"}],"author":[{"embeddable":true,"href":"https:\/\/www.acapulcopress.com\/index.php\/wp-json\/wp\/v2\/users\/1"}],"replies":[{"embeddable":true,"href":"https:\/\/www.acapulcopress.com\/index.php\/wp-json\/wp\/v2\/comments?post=1261276"}],"version-history":[{"count":2,"href":"https:\/\/www.acapulcopress.com\/index.php\/wp-json\/wp\/v2\/posts\/1261276\/revisions"}],"predecessor-version":[{"id":1261279,"href":"https:\/\/www.acapulcopress.com\/index.php\/wp-json\/wp\/v2\/posts\/1261276\/revisions\/1261279"}],"wp:featuredmedia":[{"embeddable":true,"href":"https:\/\/www.acapulcopress.com\/index.php\/wp-json\/wp\/v2\/media\/1261277"}],"wp:attachment":[{"href":"https:\/\/www.acapulcopress.com\/index.php\/wp-json\/wp\/v2\/media?parent=1261276"}],"wp:term":[{"taxonomy":"category","embeddable":true,"href":"https:\/\/www.acapulcopress.com\/index.php\/wp-json\/wp\/v2\/categories?post=1261276"},{"taxonomy":"post_tag","embeddable":true,"href":"https:\/\/www.acapulcopress.com\/index.php\/wp-json\/wp\/v2\/tags?post=1261276"}],"curies":[{"name":"wp","href":"https:\/\/api.w.org\/{rel}","templated":true}]}}