{"id":1261284,"date":"2025-11-10T08:36:36","date_gmt":"2025-11-10T14:36:36","guid":{"rendered":"https:\/\/www.acapulcopress.com\/?p=1261284"},"modified":"2025-11-11T08:41:03","modified_gmt":"2025-11-11T14:41:03","slug":"diputada-propone-proteger-y-fortalecer-vinculos-con-migrantes","status":"publish","type":"post","link":"https:\/\/www.acapulcopress.com\/index.php\/2025\/11\/10\/diputada-propone-proteger-y-fortalecer-vinculos-con-migrantes\/","title":{"rendered":"Diputada propone proteger y fortalecer v\u00ednculos con migrantes"},"content":{"rendered":"<p>CHILPANCINGO * 10 de noviembre 2025<br \/>\n<em>) LXVI Legislatura | Guerrero<\/em><br \/>\nPara reconocer y garantizar de manera expresa los derechos de las y los migrantes guerrerenses, estableciendo la obligaci\u00f3n del Estado de promover, proteger y respetar su dignidad, con la implementaci\u00f3n de pol\u00edticas p\u00fablicas orientadas a su bienestar, inclusi\u00f3n y vinculaci\u00f3n permanente con su tierra de origen, la Comisi\u00f3n de Estudios Constitucionales y Jur\u00eddicos analiza una adici\u00f3n a la fracci\u00f3n XIX al Art\u00edculo 5\u00b0 de la Constituci\u00f3n Pol\u00edtica del Estado de Guerrero.<\/p>\n<p>La propuesta fue presentada por la diputada<strong> Mar\u00eda Guadalupe Eguiluz Bautista<\/strong>, quien fundamenta que Guerrero es un estado de alta movilidad, comunidades que migran de la Monta\u00f1a y otras regiones hacia estados del norte en trabajos temporales, formando parte del grupo de entidades, junto con Oaxaca, Chiapas y Veracruz, con poblaci\u00f3n ind\u00edgena que migra hacia otros lugares, algunos lamentablemente en condiciones precarias.<\/p>\n<p>\u201cEsta migraci\u00f3n interna incluye a miles de familias hablantes de lenguas originarias que, por la falta de oportunidades locales, emprenden cada a\u00f1o largos viajes a campos agr\u00edcolas de Sonora, Sinaloa, Baja California, entre otros, enfrentando riesgos laborales y violaciones a sus derechos fundamentales\u201d, a\u00f1adi\u00f3.<\/p>\n<p>Resalt\u00f3 que la aportaci\u00f3n de remesas de las y los migrantes guerrerenses al desarrollo econ\u00f3mico es sustancial e indiscutible, convirti\u00e9ndolo en una de las entidades con mayor recepci\u00f3n de remesas a nivel nacional, recurso que mantiene a flote la econom\u00eda de muchos hogares y comunidades.<\/p>\n<p>Sin embargo, dijo que pese a su invaluable contribuci\u00f3n econ\u00f3mica y social, las personas migrantes guerrerenses suelen enfrentar condiciones de vulnerabilidad tanto en su tr\u00e1nsito migratorio, como en los lugares de destino e incluso a su retorno, ya que carecen de documentos migratorios, lo que los expone a abusos y limita su acceso a derechos b\u00e1sicos.<br \/>\n\u201cLo que exige de su estado de origen un compromiso activo de protecci\u00f3n y acompa\u00f1amiento. No podemos pasar por alto que cada migrante es tambi\u00e9n un portador de derechos humanos universales, inalienables y exigibles independientemente de su estatus migratorio o lugar de residencia\u201d, apunt\u00f3.<\/p>\n<p>Por ello, reconocer en la Constituci\u00f3n estatal sus derechos espec\u00edficos implica afirmar que ning\u00fan guerrerense ser\u00e1 olvidado, sin importar donde se encuentre, y al consagrar este derecho se env\u00eda un mensaje claro de que Guerrero valora a sus migrantes, se preocupa por su bienestar e identidad, y se compromete a apoyarlos.<br \/>\n<em>) <a href=\"http:\/\/fb.me\/steparious\" target=\"_blank\" rel=\"noopener\">fb.me\/steparious<\/a> ) <a href=\"http:\/\/fb.me\/acapulcopress\" target=\"_blank\" rel=\"noopener\">fb.me\/acapulcopress<\/a><\/em><\/p>\n","protected":false},"excerpt":{"rendered":"<p>CHILPANCINGO * 10 de noviembre 2025 ) LXVI Legislatura | Guerrero Para reconocer y garantizar de manera expresa los derechos de las y los migrantes guerrerenses, estableciendo la obligaci\u00f3n del Estado de promover, proteger y respetar su dignidad, con la implementaci\u00f3n de pol\u00edticas p\u00fablicas orientadas a su bienestar, inclusi\u00f3n y vinculaci\u00f3n permanente con su tierra&#8230;<\/p>\n","protected":false},"author":1,"featured_media":1261285,"comment_status":"closed","ping_status":"open","sticky":false,"template":"","format":"standard","meta":{"footnotes":""},"categories":[2037,61],"tags":[6517,18372,12584],"class_list":["post-1261284","post","type-post","status-publish","format-standard","has-post-thumbnail","hentry","category-congreso-de-guerrero","category-legislacion","tag-constitucion-politica-del-estado-de-guerrero","tag-lxvi-legislatura-guerrero","tag-maria-guadalupe-eguiluz-bautista"],"_links":{"self":[{"href":"https:\/\/www.acapulcopress.com\/index.php\/wp-json\/wp\/v2\/posts\/1261284","targetHints":{"allow":["GET"]}}],"collection":[{"href":"https:\/\/www.acapulcopress.com\/index.php\/wp-json\/wp\/v2\/posts"}],"about":[{"href":"https:\/\/www.acapulcopress.com\/index.php\/wp-json\/wp\/v2\/types\/post"}],"author":[{"embeddable":true,"href":"https:\/\/www.acapulcopress.com\/index.php\/wp-json\/wp\/v2\/users\/1"}],"replies":[{"embeddable":true,"href":"https:\/\/www.acapulcopress.com\/index.php\/wp-json\/wp\/v2\/comments?post=1261284"}],"version-history":[{"count":1,"href":"https:\/\/www.acapulcopress.com\/index.php\/wp-json\/wp\/v2\/posts\/1261284\/revisions"}],"predecessor-version":[{"id":1261286,"href":"https:\/\/www.acapulcopress.com\/index.php\/wp-json\/wp\/v2\/posts\/1261284\/revisions\/1261286"}],"wp:featuredmedia":[{"embeddable":true,"href":"https:\/\/www.acapulcopress.com\/index.php\/wp-json\/wp\/v2\/media\/1261285"}],"wp:attachment":[{"href":"https:\/\/www.acapulcopress.com\/index.php\/wp-json\/wp\/v2\/media?parent=1261284"}],"wp:term":[{"taxonomy":"category","embeddable":true,"href":"https:\/\/www.acapulcopress.com\/index.php\/wp-json\/wp\/v2\/categories?post=1261284"},{"taxonomy":"post_tag","embeddable":true,"href":"https:\/\/www.acapulcopress.com\/index.php\/wp-json\/wp\/v2\/tags?post=1261284"}],"curies":[{"name":"wp","href":"https:\/\/api.w.org\/{rel}","templated":true}]}}