{"id":1261306,"date":"2025-10-12T10:59:13","date_gmt":"2025-10-12T16:59:13","guid":{"rendered":"https:\/\/www.acapulcopress.com\/?p=1261306"},"modified":"2025-11-11T11:04:23","modified_gmt":"2025-11-11T17:04:23","slug":"piden-a-la-sep-atender-a-trabajadores-del-paae-y-no-afiliados-al-fone","status":"publish","type":"post","link":"https:\/\/www.acapulcopress.com\/index.php\/2025\/10\/12\/piden-a-la-sep-atender-a-trabajadores-del-paae-y-no-afiliados-al-fone\/","title":{"rendered":"Piden a la SEP atender a trabajadores del PAAE y no afiliados al Fone"},"content":{"rendered":"<p>CHILPANCINGO * 12 de octubre 2025<br \/>\n<em>) LXVI Legislatura | Guerrero<\/em><br \/>\nEl diputado <strong>P\u00e1nfilo S\u00e1nchez Almaz\u00e1n<\/strong>, present\u00f3 un punto de acuerdo para exhortar a la Secretar\u00eda de Educaci\u00f3n P\u00fablica del Gobierno Federal a atender de manera prioritaria la situaci\u00f3n del <em>Personal de Apoyo y Asistencia a la Educaci\u00f3n (PAAE)<\/em> y del magisterio no incorporado al <em>Fondo de Aportaciones para la N\u00f3mina Educativa y Gasto Operativo (Fone)<\/em> en Guerrero, con el objetivo de que se garantice el pago de adeudos salariales, su regularizaci\u00f3n administrativa y laboral, su incorporaci\u00f3n gradual al Fondo y la instalaci\u00f3n de una mesa interinstitucional con participaci\u00f3n de autoridades y sindicatos.<\/p>\n<p>El diputado presidente de la Comisi\u00f3n de Educaci\u00f3n, Ciencia y Tecnolog\u00eda, refiri\u00f3 que la dignidad laboral constituye un derecho humano fundamental, respaldado en la Constituci\u00f3n como en los Tratados Internacionales, que obliga a las autoridades a garantizar condiciones de trabajo justas, seguras y equitativas.<\/p>\n<p>Se\u00f1al\u00f3 que miles de docentes y personal PAAE en Guerrero desempe\u00f1an funciones esenciales para el funcionamiento de las escuelas, como la gesti\u00f3n administrativa y la apertura y cierre de planteles, muchas veces en contextos de marginaci\u00f3n, inseguridad o abandono institucional, sin recibir el reconocimiento ni las garant\u00edas laborales que merecen.<\/p>\n<p>Enfatiz\u00f3 que la falta de incorporaci\u00f3n al FONE genera afectaciones directas a la vida laboral de estos trabajadores, incluyendo la irregularidad en el pago de salarios, la ausencia de seguridad social y la imposibilidad de contar con condiciones de empleo estables, hecho que constituye una forma de exclusi\u00f3n.<\/p>\n<p>P\u00e1nfilo S\u00e1nchez, explic\u00f3 que la problem\u00e1tica no es \u00fanicamente administrativa o presupuestal, sino una deuda estructural que debe atenderse con urgencia y de manera integral, mediante acciones concretas y coordinadas entre la SEP, el Gobierno del Estado de Guerrero, la Secretar\u00eda de Hacienda y Cr\u00e9dito P\u00fablico y los sindicatos representativos, como el SNTE y la CETEG.<\/p>\n<p>Finalmente, S\u00e1nchez Almaz\u00e1n resalt\u00f3 que \u201cGarantizar condiciones laborales dignas es indispensable para asegurar una educaci\u00f3n de calidad, sobre todo en estados como Guerrero, donde persisten desaf\u00edos estructurales significativos y este exhorto responde a un compromiso \u00e9tico y social con la justicia laboral, la equidad y el reconocimiento del valor del trabajo de docentes y personal de apoyo\u201d.<\/p>\n<p>Se adhiri\u00f3 al acuerdo la diputada Araceli Ocampo Manzanares y la propuesta fue turnada a las Comisiones Unidas de Educaci\u00f3n, Ciencia y Tecnolog\u00eda y Desarrollo Econ\u00f3mico y Trabajo.<br \/>\n<em>) <a href=\"http:\/\/fb.me\/steparious\" target=\"_blank\" rel=\"noopener\">fb.me\/steparious<\/a> ) <a href=\"http:\/\/) fb.me\/acapulcopress\" target=\"_blank\" rel=\"noopener\">fb.me\/acapulcopress<\/a><\/em><\/p>\n","protected":false},"excerpt":{"rendered":"<p>CHILPANCINGO * 12 de octubre 2025 ) LXVI Legislatura | Guerrero El diputado P\u00e1nfilo S\u00e1nchez Almaz\u00e1n, present\u00f3 un punto de acuerdo para exhortar a la Secretar\u00eda de Educaci\u00f3n P\u00fablica del Gobierno Federal a atender de manera prioritaria la situaci\u00f3n del Personal de Apoyo y Asistencia a la Educaci\u00f3n (PAAE) y del magisterio no incorporado al&#8230;<\/p>\n","protected":false},"author":1,"featured_media":1261307,"comment_status":"closed","ping_status":"open","sticky":false,"template":"","format":"standard","meta":{"footnotes":""},"categories":[2037,61],"tags":[8756,64,18904],"class_list":["post-1261306","post","type-post","status-publish","format-standard","has-post-thumbnail","hentry","category-congreso-de-guerrero","category-legislacion","tag-fondo-de-aportaciones-para-la-nomina-educativa-y-gasto-operativo-fone","tag-panfilo-sanchez-almazan","tag-personal-de-apoyo-y-asistencia-a-la-educacion-paae"],"_links":{"self":[{"href":"https:\/\/www.acapulcopress.com\/index.php\/wp-json\/wp\/v2\/posts\/1261306","targetHints":{"allow":["GET"]}}],"collection":[{"href":"https:\/\/www.acapulcopress.com\/index.php\/wp-json\/wp\/v2\/posts"}],"about":[{"href":"https:\/\/www.acapulcopress.com\/index.php\/wp-json\/wp\/v2\/types\/post"}],"author":[{"embeddable":true,"href":"https:\/\/www.acapulcopress.com\/index.php\/wp-json\/wp\/v2\/users\/1"}],"replies":[{"embeddable":true,"href":"https:\/\/www.acapulcopress.com\/index.php\/wp-json\/wp\/v2\/comments?post=1261306"}],"version-history":[{"count":1,"href":"https:\/\/www.acapulcopress.com\/index.php\/wp-json\/wp\/v2\/posts\/1261306\/revisions"}],"predecessor-version":[{"id":1261308,"href":"https:\/\/www.acapulcopress.com\/index.php\/wp-json\/wp\/v2\/posts\/1261306\/revisions\/1261308"}],"wp:featuredmedia":[{"embeddable":true,"href":"https:\/\/www.acapulcopress.com\/index.php\/wp-json\/wp\/v2\/media\/1261307"}],"wp:attachment":[{"href":"https:\/\/www.acapulcopress.com\/index.php\/wp-json\/wp\/v2\/media?parent=1261306"}],"wp:term":[{"taxonomy":"category","embeddable":true,"href":"https:\/\/www.acapulcopress.com\/index.php\/wp-json\/wp\/v2\/categories?post=1261306"},{"taxonomy":"post_tag","embeddable":true,"href":"https:\/\/www.acapulcopress.com\/index.php\/wp-json\/wp\/v2\/tags?post=1261306"}],"curies":[{"name":"wp","href":"https:\/\/api.w.org\/{rel}","templated":true}]}}