{"id":1261358,"date":"2025-11-12T09:18:15","date_gmt":"2025-11-12T15:18:15","guid":{"rendered":"https:\/\/www.acapulcopress.com\/?p=1261358"},"modified":"2025-11-12T09:20:45","modified_gmt":"2025-11-12T15:20:45","slug":"fractura-del-grupo-parlamentario-local-de-morena","status":"publish","type":"post","link":"https:\/\/www.acapulcopress.com\/index.php\/2025\/11\/12\/fractura-del-grupo-parlamentario-local-de-morena\/","title":{"rendered":"Fractura del Grupo Parlamentario local de Morena"},"content":{"rendered":"<p>Marem\u00e1gnum<br \/>\n\u00bb <a href=\"https:\/\/www.facebook.com\/ricardocastill01\" target=\"_blank\" rel=\"noopener\"><strong>RICARDO<\/strong> | <strong>CASTILLO BARRIENTOS<\/strong><\/a><\/p>\n<p>El tiempo transcurre en la C\u00e1mara de Diputados local y el coordinador de la fracci\u00f3n de <strong>Morena<\/strong>, prolonga injustificadamente el periodo de un a\u00f1o al frente de ese Grupo Parlamentario, acuerdo pol\u00edtico pasado por el arco del triunfo del diputado <strong>Jes\u00fas Uri\u00f3stegui Garc\u00eda<\/strong>.<\/p>\n<p>El manejo presupuestal, administrativo y pol\u00edtico del Congreso del Estado, son motivos suficientes del diputado Uri\u00f3stegui Garc\u00eda, para pretender anclarse en la Junta de Coordinaci\u00f3n Pol\u00edtica (<strong>Jucopo<\/strong>), ante la negativa de realizar una reuni\u00f3n plenaria con sus hom\u00f3logos morenistas, a prop\u00f3sito del relevo o ratificaci\u00f3n del actual coordinador.<\/p>\n<p>La gesti\u00f3n legislativa, administrativa y financiera del diputado Uri\u00f3stegui Garc\u00eda, ha resultado bastante deficiente y gris, en comparaci\u00f3n de los recientes excoordinadores,<strong> Citlali Calixto Jim\u00e9nez<\/strong>, <strong>Yoloczin Dom\u00ednguez Serna<\/strong> y <strong>Alfredo S\u00e1nchez Esquivel<\/strong>.<\/p>\n<p>En la parte legislativa, la Suprema Corte de Justicia de la Naci\u00f3n (<strong>SCJN<\/strong>), ha declarado inconstitucionales a varias reformas aprobadas por el Congreso local, entre ellas, la reforma al Poder Judicial del Estado de Guerrero, adem\u00e1s, en la morosidad de otros procesos parlamentarios y en la integraci\u00f3n de comisiones.<\/p>\n<p>En el plano administrativo, el coordinador de la <strong>Jucopo<\/strong>, se ha mostrado incapaz de someter a la aprobaci\u00f3n del pleno legislativo, los nombramientos de los titulares de Finanzas y Administraci\u00f3n, Servicios Parlamentarios, Comunicaci\u00f3n Social e Instituto de Estudios Parlamentarios \u201cEduardo Neri\u201d, entre otros: as\u00ed como la obra inconclusa de la biblioteca.<\/p>\n<p>Los diputados inconformes se han dirigido a los comit\u00e9s nacional y estatal de <strong>Morena<\/strong>, para que se convoque a una reuni\u00f3n plenaria, por no existir la m\u00ednima disposici\u00f3n de Uri\u00f3stegui Garc\u00eda de llevarla a cabo, se hab\u00eda comprometido realizarla antes que concluyera el mes de octubre, incumpliendo el compromiso asumido con el presidente morenista en la entidad, Jacinto Gonz\u00e1lez Varona.<\/p>\n<p>El incumplimiento de compromisos pol\u00edticos del diputado Jes\u00fas Uri\u00f3stegui, lo retrata de cuerpo entero, generando desconfianza entre sus compa\u00f1eros legisladores, en los hechos le han retirado el apoyo, aun cuando pertenece al grupo pol\u00edtico del senador F\u00e9lix Salgado Macedonio y la gobernadora Evelyn Salgado Pineda. En el pasado reciente perteneci\u00f3 al equipo de Ricardo Peralta Saucedo, ex subsecretario de Gobernaci\u00f3n (<strong>Segob<\/strong>) y ex Administrador General de Aduanas del <strong>SAT<\/strong>, qui\u00e9n tiene abierta una carpeta de investigaci\u00f3n de la <strong>FGR,<\/strong> por los delitos de contrabando y \u201chuachicol fiscal\u201d.<\/p>\n<p>Hasta el momento no se vislumbra ning\u00fan poder pol\u00edtico que someta las ambiciones personales de Uri\u00f3stegui Garc\u00eda, para seguirse de frente en la<strong> Jucopo<\/strong>, y despu\u00e9s perfilarse hacia la alcald\u00eda chilpancingue\u00f1a o la diputaci\u00f3n federal de la ciudad capital.<\/p>\n<p>Ante un eventual relevo de la coordinaci\u00f3n del Grupo Parlamentario guinda, est\u00e1n interesados en el cargo, los diputados H\u00e9ctor Su\u00e1rez Basurto, Luissana Ramos Pineda, Joaqu\u00edn Badillo Escamilla y el propio Jes\u00fas Uri\u00f3stegui Garc\u00eda del grupo \u201c<em>Salgadista<\/em>\u201d. Del grupo \u201c<em>Nu\u00f1ista<\/em>\u201d: Citlali Calixto Jim\u00e9nez, -intenta volver al cargo- Marco Tulio S\u00e1nchez Alarc\u00f3n y Carlos Eduardo Bello Solano. El diputado solitario, Pablo Am\u00edlcar Sandoval, espera un \u201c<strong>centralazo<\/strong>\u201d que lo vuelva encumbrar como en sus mejores tiempos idos.<\/p>\n<p><strong>Marea Baja.-<\/strong> Ya se ve\u00edan venir los <strong>dados cargados<\/strong> en la renovaci\u00f3n de la secretar\u00eda general del Comit\u00e9 Ejecutivo Central del<strong> SUSPEG<\/strong>, bajo el control absoluto de la lideresa, Adela Hern\u00e1ndez Angelito, quien ya mueve los hilos del tinglado para dejar como sucesor a su secretario de Finanzas, el campechano Javier Vel\u00e1zquez Pat, que encabeza la <strong>planilla Verde<\/strong>.<\/p>\n<p>El rival de enfrente encabeza la <strong>planilla Roja<\/strong>, Juan Rodr\u00edguez Rend\u00f3n, con una marcada desventaja debido a la fuerte movilizaci\u00f3n del aparato sindical para favorecer al candidato oficial de la planilla <strong>Verde<\/strong>.<\/p>\n<p>El <strong>SUSPEG <\/strong>tiene un padr\u00f3n superior a los <strong>27 mil afiliados<\/strong> entre trabajadores del gobierno estatal y ayuntamientos. Este sindicato se caracteriza por estar plegado al gobernante en turno, en detrimento de los derechos laborales de sus agremiados, muchas veces indefensos frente a las autoridades estatales y municipales.<\/p>\n<p><strong>Marea Alta.-<\/strong> El delegado de los programas federales del <strong>Bienestar<\/strong>, Iv\u00e1n Hern\u00e1ndez D\u00edaz, no quita el dedo del rengl\u00f3n en su intensa campa\u00f1a proselitista, supuestamente supervisando la operatividad de los programas, reuniendo a multitudes de beneficiarios para darles un mensaje, lo vayan conociendo, le agradezcan y voten por \u00e9l, cuanto sea premiado con una diputaci\u00f3n federal, local o alcald\u00eda, por el partido del color de moda (guinda)..<\/p>\n<p>Para que no lo acusen de desv\u00edo de recursos p\u00fablicos, sus anuncios publicitarios son \u201cpagados\u201d por organizaciones civiles fantasmas como \u201c<strong>Coraz\u00f3n Guerrero<\/strong>\u201d, creyendo ingenuamente \u201ctaparle el ojo al macho\u201d; al final de cuentas, Iv\u00e1n Hern\u00e1ndez no tiene nada porque preocuparse, pues otros aspirantes hacen lo mismo a plena luz del d\u00eda y en todo tipo de medio de comunicaci\u00f3n y redes sociales, sin que nadie se los impida o llame a cuentas por sus campa\u00f1as electorales anticipadas, en franca violaci\u00f3n a las leyes electorales.<\/p>\n<p><strong>Maremoto.-<\/strong> Un verdadero \u201c<em>affaire<\/em>\u201d\u00a0 han protagonizado el diputado local, <em>Jacko<\/em> Badillo y la diputada federal, Yoloczin Dom\u00ednguez, miembros destacados del grupo \u201c<em>Salgadista<\/em>\u201d, quienes se han enfrascado en una encarnizada batalla por obtener la bendici\u00f3n del senador F\u00e9lix Salgado, para que los apoye con la candidatura presidencial de Acapulco.<\/p>\n<p><em>Jacko<\/em> Badillo lanz\u00f3 dardos envenenados contrs la diputada Yoloczin, acus\u00e1ndola de actos de corrupci\u00f3n de cientos de millones de pesos, cundo fungi\u00f3 como presidenta de la <strong>Jucopo<\/strong>; mientras Yoloczin no lo baja de \u201c<em>chapulinazo<\/em>\u201d, por su traves\u00eda en partidos pol\u00edticos de todos los colores y sabores. Tanto grave uno como lo otro.<\/p>\n<p><em>)<a href=\"http:\/\/fb.me\/steparious\" target=\"_blank\" rel=\"noopener\"> fb.me\/steparious<\/a> )<a href=\"http:\/\/fb.me\/acapulcopress\" target=\"_blank\" rel=\"noopener\"> fb.me\/acapulcopress<\/a><\/em><\/p>\n","protected":false},"excerpt":{"rendered":"<p>Ricardo Castillo | El tiempo transcurre en la C\u00e1mara de Diputados local y el coordinador de la fracci\u00f3n de Morena<\/p>\n","protected":false},"author":1,"featured_media":1261359,"comment_status":"closed","ping_status":"open","sticky":false,"template":"","format":"standard","meta":{"footnotes":""},"categories":[2071,1991],"tags":[5813,10759,12503,15575,18909],"class_list":["post-1261358","post","type-post","status-publish","format-standard","has-post-thumbnail","hentry","category-opinion-analisis-columnas","category-libertad-de-expresion","tag-citlali-calixto-jimenez","tag-jesus-uriostegui-garcia","tag-maremagnum","tag-ricardo-castillo-barrientos","tag-yoloczin-dominguez-serna-y-alfredo-sanchez-esquivel"],"_links":{"self":[{"href":"https:\/\/www.acapulcopress.com\/index.php\/wp-json\/wp\/v2\/posts\/1261358","targetHints":{"allow":["GET"]}}],"collection":[{"href":"https:\/\/www.acapulcopress.com\/index.php\/wp-json\/wp\/v2\/posts"}],"about":[{"href":"https:\/\/www.acapulcopress.com\/index.php\/wp-json\/wp\/v2\/types\/post"}],"author":[{"embeddable":true,"href":"https:\/\/www.acapulcopress.com\/index.php\/wp-json\/wp\/v2\/users\/1"}],"replies":[{"embeddable":true,"href":"https:\/\/www.acapulcopress.com\/index.php\/wp-json\/wp\/v2\/comments?post=1261358"}],"version-history":[{"count":2,"href":"https:\/\/www.acapulcopress.com\/index.php\/wp-json\/wp\/v2\/posts\/1261358\/revisions"}],"predecessor-version":[{"id":1261361,"href":"https:\/\/www.acapulcopress.com\/index.php\/wp-json\/wp\/v2\/posts\/1261358\/revisions\/1261361"}],"wp:featuredmedia":[{"embeddable":true,"href":"https:\/\/www.acapulcopress.com\/index.php\/wp-json\/wp\/v2\/media\/1261359"}],"wp:attachment":[{"href":"https:\/\/www.acapulcopress.com\/index.php\/wp-json\/wp\/v2\/media?parent=1261358"}],"wp:term":[{"taxonomy":"category","embeddable":true,"href":"https:\/\/www.acapulcopress.com\/index.php\/wp-json\/wp\/v2\/categories?post=1261358"},{"taxonomy":"post_tag","embeddable":true,"href":"https:\/\/www.acapulcopress.com\/index.php\/wp-json\/wp\/v2\/tags?post=1261358"}],"curies":[{"name":"wp","href":"https:\/\/api.w.org\/{rel}","templated":true}]}}