{"id":1261364,"date":"2025-11-13T20:46:11","date_gmt":"2025-11-14T02:46:11","guid":{"rendered":"https:\/\/www.acapulcopress.com\/?p=1261364"},"modified":"2025-11-13T20:46:11","modified_gmt":"2025-11-14T02:46:11","slug":"pri-lamenta-que-morena-pierda-tiempo-y-recursos-en-debates-a-conveniencia","status":"publish","type":"post","link":"https:\/\/www.acapulcopress.com\/index.php\/2025\/11\/13\/pri-lamenta-que-morena-pierda-tiempo-y-recursos-en-debates-a-conveniencia\/","title":{"rendered":"PRI lamenta que Morena pierda tiempo y recursos en debates a conveniencia"},"content":{"rendered":"<p>CHILPANCINGO * 13 de noviembre 2025<br \/>\n<em>) Especial<\/em><br \/>\nEl <em>Partido Revolucionario Insitucional<\/em> lament\u00f3 que \u00abmientras el pa\u00eds padece la crisis de inseguridad que todos los d\u00edas destruye familias, un sistema de salud que acaba con la vida de los enfermos y una crisis econ\u00f3mica que nos afecta a la gran mayor\u00eda de las y los mexicanos, en Guerrero Morena debate entre sus filas a qui\u00e9nes hay que conmemorar en actos c\u00edvicos y a quienes no\u00bb.<\/p>\n<p>A trav\u00e9s de un comunicado, el PRI adoli\u00f3 \u00abque la divisi\u00f3n interna de Morena absorba recursos y tiempo del gobierno en un debate que tiene<br \/>\ncomo finalidad manipular los s\u00edmbolos c\u00edvicos para imponer su ideolog\u00eda y ajustar la historia a su conveniencia. Desafortunadamente hacen gala de su desconocimiento de lo que el concepto de pluralidad significa\u00bb, se\u00f1al\u00f3.<\/p>\n<p>El manifiesto a\u00f1ade, textualmente, lo siguiente:<\/p>\n<p>\u00abEs importante recordarle al morenismo que las nuevas realidades no cambian el pasado. Guerrero es m\u00e1s grande que la<br \/>\nimaginaci\u00f3n de Morena. La historia de nuestra entidad es rica, plural, compleja y llena de matices; reducirla a un cap\u00edtulo<br \/>\nideol\u00f3gico es una ofensa al propio pueblo guerrerense. Es el pasado lo que ayud\u00f3 a construir el Guerrero que les dio acceso<br \/>\nal poder, a sus curules, a sus espacios de toma de decisi\u00f3n.<\/p>\n<p>\u00abLa historia no se borra con un decreto. La identidad de un pueblo no se reescribe desde una cur\u00fal. Y la memoria de Guerrero<br \/>\nno puede ponerse al servicio del partido en el poder.<\/p>\n<p>\u00abCensurar a cualquier personaje hist\u00f3rico es una contradicci\u00f3n total al principio de inclusi\u00f3n que dicen enarbolar. La inclusi\u00f3n<br \/>\nno consiste en sumar a los que convienen y borrar a aquellos con quienes no coincidimos, hacer a un lado el pasado que nos<br \/>\nincomoda impedir\u00eda reflejar toda la historia de Guerrero \u00bfQui\u00e9n decide qu\u00e9 nos representa y qu\u00e9 no? \u00bfEl partido en el poder?<br \/>\nEsa l\u00f3gica es la base del revisionismo hist\u00f3rico de los reg\u00edmenes autoritarios.<\/p>\n<p>\u00abLo que Morena pretende es llevar a cabo una depuraci\u00f3n ideol\u00f3gica, justo como pas\u00f3 en la dictadura de Stalin en Rusia, en<br \/>\nla Alemania Nazi de Hitler y recientemente como est\u00e1 ocurriendo en Venezuela; reescribir la historia a conveniencia de una<br \/>\ndoctrina es totalitarismo y eso no lo vamos a permitir.<\/p>\n<p>\u00abConcordamos completamente en erradicar el culto a la personalidad, porque al PRI no lo hace una sola persona, lo fortalece<br \/>\nsu historia, los personajes ilustres e hist\u00f3ricos que aportaron al desarrollo del pa\u00eds; lo fortalecen las instituciones creadas y los<br \/>\nbeneficios que todas y todos los mexicanos han atestiguado.<\/p>\n<p>\u00abEntendemos que las conmemoraciones son hist\u00f3ricas y no modas sexenales, por lo que solicitamos a las legisladoras,<br \/>\nlegisladores de Morena899 y a la gobernadora, recapacitar al momento de intentar cambiar una historia que nos trajo a este<br \/>\npunto, porque este punto de la historia en el que estamos ser\u00e1 juzgado en el futuro y no saldr\u00e1n bien librados\u00bb.<\/p>\n<p>Finalmente, el Revolucionario Institucional hizo manifiesta su solidarizamos con<strong> Ximena Mu\u00f1oz L\u00f3pez<\/strong>, quien fungiera como directora de Actividades C\u00edvicas del Gobierno del Estado y que fue separada de su cargo por cumplir con la ley, no tom\u00f3 en cuenta que en Morena la ley no es la ley.<\/p>\n<p>\u00abEl dolor del pasado no se repara con censura, sino con verdad, justicia y contexto\u00bb, claudica el documento.<\/p>\n<p><em>) <a href=\"http:\/\/fb.me\/steparious\" target=\"_blank\" rel=\"noopener\">fb.me\/steparious<\/a> ) <a href=\"http:\/\/fb.me\/acapulcopress\" target=\"_blank\" rel=\"noopener\">fb.me\/acapulcopress<\/a><\/em><\/p>\n","protected":false},"excerpt":{"rendered":"<p>CHILPANCINGO * 13 de noviembre 2025 ) Especial El Partido Revolucionario Insitucional lament\u00f3 que \u00abmientras el pa\u00eds padece la crisis de inseguridad que todos los d\u00edas destruye familias, un sistema de salud que acaba con la vida de los enfermos y una crisis econ\u00f3mica que nos afecta a la gran mayor\u00eda de las y los&#8230;<\/p>\n","protected":false},"author":1,"featured_media":1261365,"comment_status":"closed","ping_status":"open","sticky":false,"template":"","format":"standard","meta":{"footnotes":""},"categories":[2010],"tags":[13297,18910],"class_list":["post-1261364","post","type-post","status-publish","format-standard","has-post-thumbnail","hentry","category-sociedad","tag-morena","tag-partido-revolucionario-insitucional-pri"],"_links":{"self":[{"href":"https:\/\/www.acapulcopress.com\/index.php\/wp-json\/wp\/v2\/posts\/1261364","targetHints":{"allow":["GET"]}}],"collection":[{"href":"https:\/\/www.acapulcopress.com\/index.php\/wp-json\/wp\/v2\/posts"}],"about":[{"href":"https:\/\/www.acapulcopress.com\/index.php\/wp-json\/wp\/v2\/types\/post"}],"author":[{"embeddable":true,"href":"https:\/\/www.acapulcopress.com\/index.php\/wp-json\/wp\/v2\/users\/1"}],"replies":[{"embeddable":true,"href":"https:\/\/www.acapulcopress.com\/index.php\/wp-json\/wp\/v2\/comments?post=1261364"}],"version-history":[{"count":1,"href":"https:\/\/www.acapulcopress.com\/index.php\/wp-json\/wp\/v2\/posts\/1261364\/revisions"}],"predecessor-version":[{"id":1261366,"href":"https:\/\/www.acapulcopress.com\/index.php\/wp-json\/wp\/v2\/posts\/1261364\/revisions\/1261366"}],"wp:featuredmedia":[{"embeddable":true,"href":"https:\/\/www.acapulcopress.com\/index.php\/wp-json\/wp\/v2\/media\/1261365"}],"wp:attachment":[{"href":"https:\/\/www.acapulcopress.com\/index.php\/wp-json\/wp\/v2\/media?parent=1261364"}],"wp:term":[{"taxonomy":"category","embeddable":true,"href":"https:\/\/www.acapulcopress.com\/index.php\/wp-json\/wp\/v2\/categories?post=1261364"},{"taxonomy":"post_tag","embeddable":true,"href":"https:\/\/www.acapulcopress.com\/index.php\/wp-json\/wp\/v2\/tags?post=1261364"}],"curies":[{"name":"wp","href":"https:\/\/api.w.org\/{rel}","templated":true}]}}