{"id":1261367,"date":"2025-11-12T20:56:40","date_gmt":"2025-11-13T02:56:40","guid":{"rendered":"https:\/\/www.acapulcopress.com\/?p=1261367"},"modified":"2025-11-13T21:21:37","modified_gmt":"2025-11-14T03:21:37","slug":"presento-anorve-iniciativa-para-prevenir-que-ninos-sean-reclutados-por-delincuentes","status":"publish","type":"post","link":"https:\/\/www.acapulcopress.com\/index.php\/2025\/11\/12\/presento-anorve-iniciativa-para-prevenir-que-ninos-sean-reclutados-por-delincuentes\/","title":{"rendered":"Present\u00f3 A\u00f1orve iniciativa para prevenir que ni\u00f1os sean reclutados por delincuentes"},"content":{"rendered":"<p>CIUDAD DE M\u00c9XICO * 12 de noviembre 2025<br \/>\n<em>) Senado de la Rep\u00fablica<\/em><br \/>\nEl coordinador del Grupo Parlamentario del PRI en el Senado de la Rep\u00fablica, <strong>Manuel A\u00f1orve Ba\u00f1os<\/strong>, present\u00f3 en la m\u00e1xima tribuna legislativa del pa\u00eds una iniciativa que tiene como finalidad evitar que los ni\u00f1os sean reclutados por criminales y grupos delictivos.<\/p>\n<p>El senador guerrerense explic\u00f3 que la iniciativa que present\u00f3 reforma el art\u00edculo 16 de la <em>Ley General de los Derechos de Ni\u00f1as, Ni\u00f1os y Adolescentes<\/em>\u00a0para reconocer, con todas sus letras, el derecho de la ni\u00f1ez a ser protegida contra el reclutamiento criminal y la obligaci\u00f3n del Estado de prevenir, atender, reparar y reintegrar.<\/p>\n<p>A\u00f1orve Ba\u00f1os detall\u00f3 que en M\u00e9xico est\u00e1n convirtiendo a la ni\u00f1ez en mano de obra barata para el crimen y que a esos ni\u00f1os les pusieron un apodo bonito para ocultar la barbarie: \u201cpollitos de colores\u201d.<\/p>\n<p>\u201cLes prometen tenis, <em>likes<\/em> y pertenencia; les entregan miedo, metanfetamina y una pistola, y el Estado, mirando a otro lado\u201d, afirm\u00f3 el legislador federal, quien lament\u00f3 y cit\u00f3 el caso del alcalde de Uruapan, <strong>Carlos Manzo<\/strong>, quien fue v\u00edctima a manos de un adolescente de 17 a\u00f1os.<\/p>\n<p>Esto, expres\u00f3, nos golpe\u00f3 en la cara a los mexicanos y nos record\u00f3 el abandono de las acciones de parte del gobierno federal, para evitar que la ni\u00f1ez y juventud mexicana caigan en las redes del crimen.\u00a0Adem\u00e1s, coment\u00f3 que esta iniciativa no es s\u00f3lo buenas intenciones, sino mandatos y protocolos de detecci\u00f3n temprana en escuelas y comunidades; atenci\u00f3n psicosocial especializada; rutas de desenganche y reinserci\u00f3n; y coordinaci\u00f3n real entre protecci\u00f3n de la ni\u00f1ez, seguridad, fiscal\u00edas y educaci\u00f3n.<\/p>\n<p>\u201cLa ni\u00f1ez no necesita discursos de manual, necesita resultados. Y aqu\u00ed s\u00ed lo digo con todas sus letras; el PRI dice ya basta, y por eso, propone esta iniciativa y pone el oficio para construir mayor\u00edas y ejecutar\u201d finaliz\u00f3 el Senador guerrerense.<\/p>\n<p><em>) <a href=\"http:\/\/fb.me\/steparious\" target=\"_blank\" rel=\"noopener\">fb.me\/steparious<\/a> ) <a href=\"http:\/\/fb.me\/acapulcopress\" target=\"_blank\" rel=\"noopener\">fb.me\/acapulcopress<\/a><\/em><\/p>\n<p>&nbsp;<\/p>\n","protected":false},"excerpt":{"rendered":"<p>CIUDAD DE M\u00c9XICO * 12 de noviembre 2025 ) Senado de la Rep\u00fablica El coordinador del Grupo Parlamentario del PRI en el Senado de la Rep\u00fablica, Manuel A\u00f1orve Ba\u00f1os, present\u00f3 en la m\u00e1xima tribuna legislativa del pa\u00eds una iniciativa que tiene como finalidad evitar que los ni\u00f1os sean reclutados por criminales y grupos delictivos. El&#8230;<\/p>\n","protected":false},"author":1,"featured_media":1261368,"comment_status":"closed","ping_status":"open","sticky":false,"template":"","format":"standard","meta":{"footnotes":""},"categories":[2080],"tags":[18893,12366,18911],"class_list":["post-1261367","post","type-post","status-publish","format-standard","has-post-thumbnail","hentry","category-regiones-de-guerrero","tag-carlos-manzo","tag-manuel-anorve-banos","tag-pollitos-de-colores"],"_links":{"self":[{"href":"https:\/\/www.acapulcopress.com\/index.php\/wp-json\/wp\/v2\/posts\/1261367","targetHints":{"allow":["GET"]}}],"collection":[{"href":"https:\/\/www.acapulcopress.com\/index.php\/wp-json\/wp\/v2\/posts"}],"about":[{"href":"https:\/\/www.acapulcopress.com\/index.php\/wp-json\/wp\/v2\/types\/post"}],"author":[{"embeddable":true,"href":"https:\/\/www.acapulcopress.com\/index.php\/wp-json\/wp\/v2\/users\/1"}],"replies":[{"embeddable":true,"href":"https:\/\/www.acapulcopress.com\/index.php\/wp-json\/wp\/v2\/comments?post=1261367"}],"version-history":[{"count":1,"href":"https:\/\/www.acapulcopress.com\/index.php\/wp-json\/wp\/v2\/posts\/1261367\/revisions"}],"predecessor-version":[{"id":1261369,"href":"https:\/\/www.acapulcopress.com\/index.php\/wp-json\/wp\/v2\/posts\/1261367\/revisions\/1261369"}],"wp:featuredmedia":[{"embeddable":true,"href":"https:\/\/www.acapulcopress.com\/index.php\/wp-json\/wp\/v2\/media\/1261368"}],"wp:attachment":[{"href":"https:\/\/www.acapulcopress.com\/index.php\/wp-json\/wp\/v2\/media?parent=1261367"}],"wp:term":[{"taxonomy":"category","embeddable":true,"href":"https:\/\/www.acapulcopress.com\/index.php\/wp-json\/wp\/v2\/categories?post=1261367"},{"taxonomy":"post_tag","embeddable":true,"href":"https:\/\/www.acapulcopress.com\/index.php\/wp-json\/wp\/v2\/tags?post=1261367"}],"curies":[{"name":"wp","href":"https:\/\/api.w.org\/{rel}","templated":true}]}}