{"id":1261404,"date":"2025-11-14T18:05:08","date_gmt":"2025-11-15T00:05:08","guid":{"rendered":"https:\/\/www.acapulcopress.com\/?p=1261404"},"modified":"2025-11-14T18:07:10","modified_gmt":"2025-11-15T00:07:10","slug":"etiopia-confirma-primer-brote-de-virus-de-marburgo","status":"publish","type":"post","link":"https:\/\/www.acapulcopress.com\/index.php\/2025\/11\/14\/etiopia-confirma-primer-brote-de-virus-de-marburgo\/","title":{"rendered":"Etiop\u00eda confirma primer brote de virus de Marburgo"},"content":{"rendered":"<p>NAIROBI, Kenia * 14 de noviembre 2025<br \/>\n<em>) <a href=\"https:\/\/apnews.com\/article\/etiopia-virus-marburgo-infeccion-casos-enfermedad-a67cce40f84583dc3c421a1861e8bcdb\" target=\"_blank\" rel=\"noopener\">AP<\/a><\/em><br \/>\nEtiop\u00eda confirm\u00f3 el viernes su primer brote de la enfermedad por el virus de Marburgo tras identificar nueve casos en una regi\u00f3n del sur del pa\u00eds que limita con Sud\u00e1n del Sur.<\/p>\n<p>El director general de la <em>Organizaci\u00f3n Mundial de la Salud<\/em>, <strong>Tedros Adhanom Ghebreyesus<\/strong>, elogi\u00f3 la r\u00e1pida acci\u00f3n del gobierno et\u00edope, afirmando que mostr\u00f3 un \u201ccompromiso para controlar el brote r\u00e1pidamente\u201d.<\/p>\n<p>El gobierno de Etiop\u00eda inform\u00f3 el jueves que investigaba un posible brote de una fiebre hemorr\u00e1gica viral no identificada y fue elogiado por Africa CDC, el organismo continental de emergencias sanitarias, por su transparencia.<\/p>\n<p>La OMS envi\u00f3 un equipo t\u00e9cnico el jueves para apoyar al pa\u00eds del este de \u00c1frica en las pruebas y en la respuesta al brote.<\/p>\n<p>\u201cLa OMS tambi\u00e9n proporciona suministros esenciales, como dispositivos de protecci\u00f3n personal para los trabajadores de la salud y suministros de prevenci\u00f3n de infecciones, as\u00ed como una tienda de aislamiento de despliegue r\u00e1pido para reforzar la capacidad de atenci\u00f3n cl\u00ednica y gesti\u00f3n,\u201d dijo la agencia de la ONU en un comunicado.<\/p>\n<p>El brote se report\u00f3 en la regi\u00f3n sur de Omo, que limita con Sud\u00e1n del Sur. El director general de Africa CDC, Jean Kaseya, se\u00f1al\u00f3 el jueves que el brote era preocupante porque \u201cSud\u00e1n del Sur no est\u00e1 lejos y tiene un sistema de salud fr\u00e1gil\u201d.<\/p>\n<p>Ning\u00fan otro pa\u00eds africano ha reportado casos de la enfermedad por el virus de Marburgo en las \u00faltimas semanas.<\/p>\n<p>Al igual que el \u00c9bola, el virus de Marburgo se origina en murci\u00e9lagos frug\u00edvoros y se propaga entre personas a trav\u00e9s del contacto cercano con los fluidos corporales de individuos infectados o con superficies, como s\u00e1banas contaminadas.<\/p>\n<p>Entre los s\u00edntomas est\u00e1n la fiebre, dolores musculares, diarrea, v\u00f3mitos y, en algunos casos, la muerte por p\u00e9rdida extrema de sangre. No existe una vacuna o tratamiento autorizado para esta enfermedad.<\/p>\n<p><em>) <a href=\"http:\/\/fb.me\/steparious\" target=\"_blank\" rel=\"noopener\">fb.me\/steparious<\/a> ) <a href=\"http:\/\/fb.me\/acapulcopress\" target=\"_blank\" rel=\"noopener\">fb.me\/acapulcopress<\/a><\/em><\/p>\n","protected":false},"excerpt":{"rendered":"<p>Etiop\u00eda confirm\u00f3 el viernes su primer brote de la enfermedad por el virus de Marburgo tras identificar nueve casos en una regi\u00f3n del sur del pa\u00eds que limita con Sud\u00e1n del Sur. El director general de la Organizaci\u00f3n Mundial de la Salud, Tedros Adhanom Ghebreyesus, elogi\u00f3<\/p>\n","protected":false},"author":1,"featured_media":1261405,"comment_status":"closed","ping_status":"open","sticky":false,"template":"","format":"standard","meta":{"footnotes":""},"categories":[1972],"tags":[14032,17025,18913],"class_list":["post-1261404","post","type-post","status-publish","format-standard","has-post-thumbnail","hentry","category-special","tag-organizacion-mundial-de-la-salud","tag-tedros-adhanom-ghebreyesus","tag-virus-de-marburgo"],"_links":{"self":[{"href":"https:\/\/www.acapulcopress.com\/index.php\/wp-json\/wp\/v2\/posts\/1261404","targetHints":{"allow":["GET"]}}],"collection":[{"href":"https:\/\/www.acapulcopress.com\/index.php\/wp-json\/wp\/v2\/posts"}],"about":[{"href":"https:\/\/www.acapulcopress.com\/index.php\/wp-json\/wp\/v2\/types\/post"}],"author":[{"embeddable":true,"href":"https:\/\/www.acapulcopress.com\/index.php\/wp-json\/wp\/v2\/users\/1"}],"replies":[{"embeddable":true,"href":"https:\/\/www.acapulcopress.com\/index.php\/wp-json\/wp\/v2\/comments?post=1261404"}],"version-history":[{"count":5,"href":"https:\/\/www.acapulcopress.com\/index.php\/wp-json\/wp\/v2\/posts\/1261404\/revisions"}],"predecessor-version":[{"id":1261410,"href":"https:\/\/www.acapulcopress.com\/index.php\/wp-json\/wp\/v2\/posts\/1261404\/revisions\/1261410"}],"wp:featuredmedia":[{"embeddable":true,"href":"https:\/\/www.acapulcopress.com\/index.php\/wp-json\/wp\/v2\/media\/1261405"}],"wp:attachment":[{"href":"https:\/\/www.acapulcopress.com\/index.php\/wp-json\/wp\/v2\/media?parent=1261404"}],"wp:term":[{"taxonomy":"category","embeddable":true,"href":"https:\/\/www.acapulcopress.com\/index.php\/wp-json\/wp\/v2\/categories?post=1261404"},{"taxonomy":"post_tag","embeddable":true,"href":"https:\/\/www.acapulcopress.com\/index.php\/wp-json\/wp\/v2\/tags?post=1261404"}],"curies":[{"name":"wp","href":"https:\/\/api.w.org\/{rel}","templated":true}]}}