{"id":1261423,"date":"2025-11-14T18:56:11","date_gmt":"2025-11-15T00:56:11","guid":{"rendered":"https:\/\/www.acapulcopress.com\/?p=1261423"},"modified":"2025-11-14T18:57:03","modified_gmt":"2025-11-15T00:57:03","slug":"atlas-de-riesgo-y-alerta-temprana-avances-sustanciales","status":"publish","type":"post","link":"https:\/\/www.acapulcopress.com\/index.php\/2025\/11\/14\/atlas-de-riesgo-y-alerta-temprana-avances-sustanciales\/","title":{"rendered":"Atlas de Riesgo y Alerta Temprana, avances sustanciales"},"content":{"rendered":"<p>Marem\u00e1gnum<br \/>\n\u00bb<a href=\"https:\/\/www.facebook.com\/ricardocastill01\" target=\"_blank\" rel=\"noopener\"><strong> RICARDO<\/strong> |<strong> CASTILLO BARRIENTOS<\/strong><\/a><\/p>\n<p>Un factor de trascendencia que hab\u00eda pasado inadvertido por las diferentes administraciones del Gobierno del Estado, se refiere a la omisi\u00f3n o carencia de un <strong>Atlas de Riesgo<\/strong> del Estado de Guerrero, que explorara las condiciones territoriales, climatol\u00f3gicos y sismol\u00f3gicos.<\/p>\n<p>Esta herramienta solamente estaba considerada en los municipios m\u00e1s importantes en poblaci\u00f3n, extensi\u00f3n territorial y riesgos naturales: Acapulco, Zihuatanejo-Ixtapa y Chilpancingo, de acuerdo a informaci\u00f3n del Centro Nacional de Prevenci\u00f3n de Desastres (<strong>CENAPRED<\/strong>), aunque pudieran estar sin actualizarse.<\/p>\n<p><strong>La Cultura de Prevenci\u00f3n y Protecci\u00f3n Civil<\/strong> no puede prevalecer sin el soporte del <strong>Atlas de Riesgo<\/strong>, instrumento t\u00e9cnico, gu\u00eda y orientaci\u00f3n en tareas preventivas y protecci\u00f3n en casos de desastre.<\/p>\n<p>Por estas consideraciones resulta trascendental la formulaci\u00f3n del <strong>Atlas de Riesgo<\/strong> del Estado de Guerrero y el <strong>Sistema de Alerta<\/strong> Temprana Climatol\u00f3gica \u201cdesarrollados con tecnolog\u00eda de vanguardia y rigor cient\u00edfico, que har\u00e1n de Guerrero un referente nacional\u201d, sostuvo Roberto Arroyo Matus, secretario de Gesti\u00f3n Integral de Riesgos y Protecci\u00f3n Civil, del Gobierno del Estado.<\/p>\n<p>La gobernadora Evelyn Salgado Pineda, sin aspavientos puso en operaci\u00f3n, el <strong>primer Atlas de Riesgos y el Sistema de Alerta<\/strong> Temprana, \u201ca fin de fortalecer la prevenci\u00f3n y proteger a las familias guerrerenses; coadyuvando al mayor conocimiento del territorio, para la toma de decisiones tendientes a resguardar la vida y el patrimonio\u201d.<\/p>\n<p>Las experiencias devastadoras de fen\u00f3menos meteorol\u00f3gicos han dejado bastantes lecciones que deben asimilarse, no echarlas por la borda y nos tome desprevenido, c\u00edclicamente as\u00ed ha sucedido.<\/p>\n<p>Arroyo Matus destac\u00f3 el fortalecimiento de la infraestructura tecnol\u00f3gica con la instalaci\u00f3n y modernizaci\u00f3n de estaciones meteorol\u00f3gicas e incorporaci\u00f3n de equipo especializado, a fin de procesar informaci\u00f3n cient\u00edfica en tiempo real. As\u00ed, la poblaci\u00f3n ser\u00e1 m\u00e1s resiliente ante fen\u00f3menos naturales y sociorganizativos.<\/p>\n<p>El funcionario estatal dijo que la herramienta estar\u00e1 disponible en: atlas.<strong>gierrero.gob.mx<\/strong>, para que todas las personas puedan consultar y puedan implementar estrategias y pol\u00edticas institucionales y ciudadanas para atender riesgos.<\/p>\n<p>Explic\u00f3 que la investigaci\u00f3n multidisciplinaria -con duraci\u00f3n un a\u00f1o- \u00a0\u201cintegra m\u00e1s de cien capas de informaci\u00f3n geoespacial, estudios de amenazas de tipo geol\u00f3gico, hidrometeorol\u00f3gico y socioambiental y 15 estaciones meteorol\u00f3gicas para medir variables en tiempo real, que se conformar\u00e1 de aplicaciones con datos \u201cvivos\u201d, como la <strong>Plataforma de Alerta Temprana Meteorol\u00f3gica<\/strong>, que permitir\u00e1 emitir avisos y pron\u00f3sticos m\u00e1s precisos ante lluvias, deslizamientos, crecidas de r\u00edos, sequ\u00edas y otros riesgos, fortaleciendo los tiempos de respuesta.<\/p>\n<p>La amplia participaci\u00f3n comunitaria y esta herramienta t\u00e9cnica, cerrar\u00edan el c\u00edrculo virtuoso para avanzar con determinaci\u00f3n en el fortalecimiento de la <strong>Cultura de Prevenci\u00f3n y Protecci\u00f3n Civil<\/strong>, vamos en el camino correcto, si se intensifican trimestral o semestralmente, diversos simulacros y acciones en el territorio estatal.<\/p>\n<p><strong>Marea Baja.-<\/strong> Enviamos nuestras sinceras condolencias a la magistrada Olimpia Azucena God\u00ednez Viveros y familia, por el fallecimiento de su hermano, el profesor Herm\u00f3genes God\u00ednez Viveros, acaecido en la ciudad de Chilpancingo, el pasado cinco de noviembre.<\/p>\n<p>El maestro y abogado Herm\u00f3genes, fue egresado de la Facultad de Derecho de la <strong>UNAM<\/strong>, con una impecable trayectoria profesional y magisterial, gan\u00e1ndose la estimaci\u00f3n y respeto de sus compa\u00f1eros y amigos. Que en Paz Descanse y abrazo solidario a la familia.<\/p>\n<p><strong>Marea Alta.-<\/strong> El Sindicato de Periodistas del Estado de Guerrero y la Academia Nacional de Historia y Geograf\u00eda de M\u00e9xico, Filial Guerrero, hacen la cordial invitaci\u00f3n a la presentaci\u00f3n de la ponencia: \u201cAcapulco: M\u00e1s all\u00e1 del glamour y el entretenimiento\u201d, impartida por el Dr. Baltasar Hern\u00e1ndez G\u00f3mez, reconocido intelectual acapulque\u00f1o de ligas mayores.<\/p>\n<p>El evento tendr\u00e1 verificativo este s\u00e1bado 15 de noviembre, a las 10:00 horas, en la Sala de Juntas del Sindicato de Periodistas, ubicado en el Callej\u00f3n 4 de Enero, esquina con Adolfo L\u00f3pez Mateos, a un costado del edificio de <strong>CAPAMA<\/strong>. La invitaci\u00f3n la formula el secretario general, Francisco \u201cChico\u201d Javier Flores Vald\u00e9s, quien la hace extensiva a todo el gremio period\u00edstico de Acapulco y Guerrero, sin importar a la organizaci\u00f3n a que pertenezcan o de sus simpat\u00edas.<\/p>\n<p><strong>Maremoto.-<\/strong> Existe gran expectaci\u00f3n de las fuerzas pol\u00edticas opositoras al gobierno de la Cuarta Transformaci\u00f3n, representado por la presidenta Claudia Sheinbaum Pardo y en Guerrero, Evelyn Salgado Pineda, por el desarrollo y desenlace de la <strong>\u201cGran Marcha de<\/strong> la <strong>Generaci\u00f3n Z<\/strong>\u201d, tratando de emular los disturbios juveniles de <strong>Nepal<\/strong>, que provocaron la ca\u00edda en masa del aparato gubernamental, en demanda de sus aspiraciones educativas y laborales, salud cambio clim\u00e1tico, anticorrupci\u00f3n, etc.<\/p>\n<p>Los j\u00f3venes de la <strong>Generaci\u00f3n Z<\/strong> nacieron entre <strong>1997 y 2012 (entre 13 y 28 a\u00f1os de edad)<\/strong> y permanecen altamente conectados digitalmente, As\u00ed actuaron en el lejano <strong>Nepal<\/strong>, ahora las fuerzas conservadoras y de ultraderecha mexicanas, \u201csue\u00f1an\u201d que reaccionen de la misma manera y \u201ctumben\u201d al gobierno izquierdista, lo que suena ut\u00f3pico por el momento.<\/p>\n<p>No se descarte que puedan ocurrir algunas revueltas en la Ciudad de M\u00e9xico con el llamado \u201c<strong>bloque negro<\/strong>\u201d y en algunas otras entidades federativas, donde tiene mayor presencia la reacci\u00f3n nacional. Hay que estar pendientes ma\u00f1ana s\u00e1bado 15 de noviembre.<\/p>\n<p><em>) <a href=\"http:\/\/fb.me\/steparious\" target=\"_blank\" rel=\"noopener\">fb.me\/steparious<\/a> ) <a href=\"http:\/\/fb.me\/acapulcopress\" target=\"_blank\" rel=\"noopener\">fb.me\/acapulcopress<\/a><\/em><\/p>\n","protected":false},"excerpt":{"rendered":"<p>Ricardo Castillo | Un factor de trascendencia que hab\u00eda pasado inadvertido por las diferentes administraciones del Gobierno<\/p>\n","protected":false},"author":1,"featured_media":1261424,"comment_status":"closed","ping_status":"open","sticky":false,"template":"","format":"standard","meta":{"footnotes":""},"categories":[2071,1991],"tags":[18916,12503,15575],"class_list":["post-1261423","post","type-post","status-publish","format-standard","has-post-thumbnail","hentry","category-opinion-analisis-columnas","category-libertad-de-expresion","tag-atlas-de-riesgo","tag-maremagnum","tag-ricardo-castillo-barrientos"],"_links":{"self":[{"href":"https:\/\/www.acapulcopress.com\/index.php\/wp-json\/wp\/v2\/posts\/1261423","targetHints":{"allow":["GET"]}}],"collection":[{"href":"https:\/\/www.acapulcopress.com\/index.php\/wp-json\/wp\/v2\/posts"}],"about":[{"href":"https:\/\/www.acapulcopress.com\/index.php\/wp-json\/wp\/v2\/types\/post"}],"author":[{"embeddable":true,"href":"https:\/\/www.acapulcopress.com\/index.php\/wp-json\/wp\/v2\/users\/1"}],"replies":[{"embeddable":true,"href":"https:\/\/www.acapulcopress.com\/index.php\/wp-json\/wp\/v2\/comments?post=1261423"}],"version-history":[{"count":2,"href":"https:\/\/www.acapulcopress.com\/index.php\/wp-json\/wp\/v2\/posts\/1261423\/revisions"}],"predecessor-version":[{"id":1261426,"href":"https:\/\/www.acapulcopress.com\/index.php\/wp-json\/wp\/v2\/posts\/1261423\/revisions\/1261426"}],"wp:featuredmedia":[{"embeddable":true,"href":"https:\/\/www.acapulcopress.com\/index.php\/wp-json\/wp\/v2\/media\/1261424"}],"wp:attachment":[{"href":"https:\/\/www.acapulcopress.com\/index.php\/wp-json\/wp\/v2\/media?parent=1261423"}],"wp:term":[{"taxonomy":"category","embeddable":true,"href":"https:\/\/www.acapulcopress.com\/index.php\/wp-json\/wp\/v2\/categories?post=1261423"},{"taxonomy":"post_tag","embeddable":true,"href":"https:\/\/www.acapulcopress.com\/index.php\/wp-json\/wp\/v2\/tags?post=1261423"}],"curies":[{"name":"wp","href":"https:\/\/api.w.org\/{rel}","templated":true}]}}