{"id":1261428,"date":"2025-11-17T17:53:17","date_gmt":"2025-11-17T23:53:17","guid":{"rendered":"https:\/\/www.acapulcopress.com\/?p=1261428"},"modified":"2025-11-18T19:09:03","modified_gmt":"2025-11-19T01:09:03","slug":"la-generacion-z-corriente-universal-de-rebeldia-juvenil","status":"publish","type":"post","link":"https:\/\/www.acapulcopress.com\/index.php\/2025\/11\/17\/la-generacion-z-corriente-universal-de-rebeldia-juvenil\/","title":{"rendered":"La Generaci\u00f3n Z, corriente universal de rebeld\u00eda juvenil"},"content":{"rendered":"<p>\u00bb <a href=\"https:\/\/www.facebook.com\/ricardocastill01\" target=\"_blank\" rel=\"noopener\"><strong>RICARDO<\/strong> | <strong>CASTILLO BARRIENTOS<\/strong><\/a><\/p>\n<p>La <strong>Generaci\u00f3n Z<\/strong> <strong>(GZ<\/strong>) tiene no pocas preocupaciones, desaf\u00edos y sue\u00f1os para el futuro inmediato. La generaci\u00f3n de j\u00f3venes m\u00e1s rebelde e inconforme por esencia contra el <em>statu quo<\/em> y las instituciones gubernamentales.<\/p>\n<p>El fantasma de la <strong>Generaci\u00f3n Z<\/strong> recorre el mundo, como en un tiempo se dijo del comunismo para atemorizar a sociedades con potenciales signos de liberaci\u00f3n del yugo de explotaci\u00f3n capitalista, ejercido ferozmente en pa\u00edses atrasados o en v\u00edas de desarrollo.<\/p>\n<p>En <strong>Movimiento GZ<\/strong> es un producto de la comunicaci\u00f3n global, teniendo a la<strong> Internet<\/strong> como herramienta de organizaci\u00f3n masiva de sectores de la juventud, impactando en el destino de sus naciones ha sucedido en Nepal, China, India, Bangladesh, Pakist\u00e1n, Indonesia, Filipinas, Egipto Nigeria, Per\u00fa, M\u00e9xico y otros m\u00e1s de todos los continentes.<\/p>\n<p>En el caso de M\u00e9xico, la <strong>Generaci\u00f3n Z<\/strong> convoc\u00f3 a una marcha en la Ciudad de M\u00e9xico, contra la inseguridad, la corrupci\u00f3n y la falta de oportunidades a la juventud mexicana, en educaci\u00f3n, empleo, vivienda y otros aspectos vitales en su desarrollo individual y social.<\/p>\n<p>En sus or\u00edgenes la convocatoria era leg\u00edtima y org\u00e1nica, la cual se fue desdibujando por la intromisi\u00f3n de fuerzas pol\u00edticas opositoras al gobierno de la <strong>Cuarta Transformaci\u00f3n<\/strong> y el vil asesinato del alcalde de Uruapan, Carlos Manzo, provocando gran indignaci\u00f3n nacional.<\/p>\n<p>La marcha del 15 de noviembre en la Ciudad de M\u00e9xico, hab\u00eda generado una gran expectaci\u00f3n, misma que se diluy\u00f3 por las violentas acciones protagonistas del llamado \u201c<strong>bloque negro<\/strong>\u201d, quedando en \u00faltimo plano las leg\u00edtimas demandas de la <strong>Generaci\u00f3n Z<\/strong>.<\/p>\n<p>Sin duda, se manifest\u00f3 el malestar de grupos pol\u00edticos y sociales sobre la conducci\u00f3n del pa\u00eds, a causa de algunas pol\u00edticas p\u00fablicas poco efectivas que tienen insatisfechos a sectores sociales y econ\u00f3micos, afectados en sus intereses, en lo particular y en lo general.<\/p>\n<p>Las versiones del desarrollo de la marcha son contradictorias, sin que se conozcan a ciencia cierta las cifras reales del n\u00famero de asistentes, solamente han trascendido en las redes sociales y medios de comunicaci\u00f3n, los enfrentamientos con la fuerza p\u00fablica y la condena autom\u00e1tica del gobierno federal y gobiernos estatales, en solidaridad con la presidenta Claudia Sheinbaum, tambi\u00e9n se sum\u00f3 por l\u00f3gica el partido <strong>MORENA<\/strong>.<\/p>\n<p>Sin embargo, el gobierno de la <strong>Cuarta Transformaci\u00f3n<\/strong>, independientemente se trate de adversarios pol\u00edticos, no debe poner o\u00eddos sordos, sino mostrar atenci\u00f3n para atender\u00a0 y resolver la aguda problem\u00e1tica de la inseguridad que golpea con impunidad a una gran cantidad de familias mexicanas, que han perdido a seres queridos y la latente amenaza se seguir ocurriendo.<\/p>\n<p>Las cifras oficiales siempre son optimistas ante una realidad innegable que se sufre todos los d\u00edas en diferentes aspectos, lo cual viene mermando la confianza en las instituciones y en el partido en el poder.<\/p>\n<p>Por eso y por mucho m\u00e1s, la <strong>Generaci\u00f3n Z<\/strong> seguir\u00e1 presente y adquiriendo mayor fuerza.<br \/>\n<em>) <a href=\"http:\/\/fb.me\/steparious\" target=\"_blank\" rel=\"noopener\">fb.me\/steparious<\/a> ) <a href=\"http:\/\/fb.me\/acapulcopress\" target=\"_blank\" rel=\"noopener\">fb.me\/acapulcopress<\/a><\/em><\/p>\n","protected":false},"excerpt":{"rendered":"<p>Ricardo Castillo | La Generaci\u00f3n Z (GZ) tiene no pocas preocupaciones, desaf\u00edos y sue\u00f1os para el futuro inmediato.<\/p>\n","protected":false},"author":1,"featured_media":1261429,"comment_status":"closed","ping_status":"open","sticky":false,"template":"","format":"standard","meta":{"footnotes":""},"categories":[2071,1991],"tags":[18917,12503,15575],"class_list":["post-1261428","post","type-post","status-publish","format-standard","has-post-thumbnail","hentry","category-opinion-analisis-columnas","category-libertad-de-expresion","tag-generacion-z","tag-maremagnum","tag-ricardo-castillo-barrientos"],"_links":{"self":[{"href":"https:\/\/www.acapulcopress.com\/index.php\/wp-json\/wp\/v2\/posts\/1261428","targetHints":{"allow":["GET"]}}],"collection":[{"href":"https:\/\/www.acapulcopress.com\/index.php\/wp-json\/wp\/v2\/posts"}],"about":[{"href":"https:\/\/www.acapulcopress.com\/index.php\/wp-json\/wp\/v2\/types\/post"}],"author":[{"embeddable":true,"href":"https:\/\/www.acapulcopress.com\/index.php\/wp-json\/wp\/v2\/users\/1"}],"replies":[{"embeddable":true,"href":"https:\/\/www.acapulcopress.com\/index.php\/wp-json\/wp\/v2\/comments?post=1261428"}],"version-history":[{"count":2,"href":"https:\/\/www.acapulcopress.com\/index.php\/wp-json\/wp\/v2\/posts\/1261428\/revisions"}],"predecessor-version":[{"id":1261431,"href":"https:\/\/www.acapulcopress.com\/index.php\/wp-json\/wp\/v2\/posts\/1261428\/revisions\/1261431"}],"wp:featuredmedia":[{"embeddable":true,"href":"https:\/\/www.acapulcopress.com\/index.php\/wp-json\/wp\/v2\/media\/1261429"}],"wp:attachment":[{"href":"https:\/\/www.acapulcopress.com\/index.php\/wp-json\/wp\/v2\/media?parent=1261428"}],"wp:term":[{"taxonomy":"category","embeddable":true,"href":"https:\/\/www.acapulcopress.com\/index.php\/wp-json\/wp\/v2\/categories?post=1261428"},{"taxonomy":"post_tag","embeddable":true,"href":"https:\/\/www.acapulcopress.com\/index.php\/wp-json\/wp\/v2\/tags?post=1261428"}],"curies":[{"name":"wp","href":"https:\/\/api.w.org\/{rel}","templated":true}]}}