{"id":1261472,"date":"2025-11-19T22:06:21","date_gmt":"2025-11-20T04:06:21","guid":{"rendered":"https:\/\/www.acapulcopress.com\/?p=1261472"},"modified":"2025-11-19T22:17:59","modified_gmt":"2025-11-20T04:17:59","slug":"inaguro-evelyn-salgado-la-xxxvi-convencion-internacional-de-mineria-acapulco-2025","status":"publish","type":"post","link":"https:\/\/www.acapulcopress.com\/index.php\/2025\/11\/19\/inaguro-evelyn-salgado-la-xxxvi-convencion-internacional-de-mineria-acapulco-2025\/","title":{"rendered":"Inagur\u00f3 Evelyn Salgado la XXXVI Convenci\u00f3n Internacional de Miner\u00eda Acapulco 2025"},"content":{"rendered":"<p><a href=\"https:\/\/www.acapulcopress.com\/wp-content\/uploads\/2025\/11\/XXXVI-CONVENCION-MINERA14.jpg\"><img loading=\"lazy\" decoding=\"async\" class=\"alignleft size-full wp-image-1261486\" src=\"https:\/\/www.acapulcopress.com\/wp-content\/uploads\/2025\/11\/XXXVI-CONVENCION-MINERA14.jpg\" alt=\"\" width=\"1600\" height=\"1200\" srcset=\"https:\/\/www.acapulcopress.com\/wp-content\/uploads\/2025\/11\/XXXVI-CONVENCION-MINERA14.jpg 1600w, https:\/\/www.acapulcopress.com\/wp-content\/uploads\/2025\/11\/XXXVI-CONVENCION-MINERA14-300x225.jpg 300w, https:\/\/www.acapulcopress.com\/wp-content\/uploads\/2025\/11\/XXXVI-CONVENCION-MINERA14-1024x768.jpg 1024w, https:\/\/www.acapulcopress.com\/wp-content\/uploads\/2025\/11\/XXXVI-CONVENCION-MINERA14-768x576.jpg 768w, https:\/\/www.acapulcopress.com\/wp-content\/uploads\/2025\/11\/XXXVI-CONVENCION-MINERA14-1536x1152.jpg 1536w, https:\/\/www.acapulcopress.com\/wp-content\/uploads\/2025\/11\/XXXVI-CONVENCION-MINERA14-580x435.jpg 580w, https:\/\/www.acapulcopress.com\/wp-content\/uploads\/2025\/11\/XXXVI-CONVENCION-MINERA14-860x645.jpg 860w, https:\/\/www.acapulcopress.com\/wp-content\/uploads\/2025\/11\/XXXVI-CONVENCION-MINERA14-1160x870.jpg 1160w, https:\/\/www.acapulcopress.com\/wp-content\/uploads\/2025\/11\/XXXVI-CONVENCION-MINERA14-1320x990.jpg 1320w\" sizes=\"auto, (max-width: 1600px) 100vw, 1600px\" \/><\/a><\/p>\n<p>) <strong>\u00c1ngel<\/strong> | <strong>Blanco<\/strong><br \/>\nACAPULCO * 19 de noviembre 2025<br \/>\n<em>) Aps<\/em><br \/>\n<a href=\"https:\/\/www.acapulcopress.com\/wp-content\/uploads\/2025\/11\/XXXVI-CONVENCION-MINERA7.jpg\"><img loading=\"lazy\" decoding=\"async\" class=\"alignleft wp-image-1261479 size-cmsmasters-square-thumb\" src=\"https:\/\/www.acapulcopress.com\/wp-content\/uploads\/2025\/11\/XXXVI-CONVENCION-MINERA7-360x360.jpg\" alt=\"\" width=\"360\" height=\"360\" srcset=\"https:\/\/www.acapulcopress.com\/wp-content\/uploads\/2025\/11\/XXXVI-CONVENCION-MINERA7-360x360.jpg 360w, https:\/\/www.acapulcopress.com\/wp-content\/uploads\/2025\/11\/XXXVI-CONVENCION-MINERA7-150x150.jpg 150w, https:\/\/www.acapulcopress.com\/wp-content\/uploads\/2025\/11\/XXXVI-CONVENCION-MINERA7-70x70.jpg 70w\" sizes=\"auto, (max-width: 360px) 100vw, 360px\" \/><\/a>En representaci\u00f3n de la presidente de la Rep\u00fablica,<strong> Claudia Sheinbaum Pardo<\/strong>, el secretario federal de Econom\u00eda, <strong>Marcelo Luis Ebrard Casaub\u00f3n<\/strong>, y la gobernadora <strong>Evelyn Salgado Pineda<\/strong>, inauguraron la XXXVI Convenci\u00f3n Internacional de Miner\u00eda Acapulco 2025, que se celebrar\u00e1 en el puerto del 19 al 22 de noviembre,<\/p>\n<p>En su intervenci\u00f3n, <strong>Rub\u00e9n de Jes\u00fas del Pozo Mendoza<\/strong>, presidente de la <em>Asociaci\u00f3n de Ingenieros de Minas, Metalurgistas y Ge\u00f3logos de M\u00e9xico (AIMMGM)<\/em>, solicit\u00f3 al gobierno de Sheinbaum permitir la entrada de la iniciativa privada a la exploraci\u00f3n minera en el pa\u00eds, ya que el <em>Servicio Servicio Geol\u00f3gico Mexicano<\/em> no cuenta con presupuesto para enfrentar el potencial.<\/p>\n<p>\u201cEl Servicio Geol\u00f3gico Mexicano tiene t\u00e9cnicos y profesionistas muy preparados y capaces, pero un presupuesto insuficiente para el potencial mineral de M\u00e9xico\u201d, dijo Del Pozo en el marco de la XXXVI Convenci\u00f3n Internacional Minera 2025, donde acudieron los seis estados mineros del pa\u00eds y los secretarios de Turismo del estado y el municipio, <strong>Sim\u00f3n Qui\u00f1ones Orozo<\/strong> y <strong>No\u00e9 Peralta Herrera<\/strong>, respectivamente.<\/p>\n<p>Tras la bienvenida de la gobernadora Evelyn Salgado, quien agradeci\u00f3 a la C\u00e1mara Minera de Mexico su gesto de no abandonar Acapulco <a href=\"https:\/\/www.acapulcopress.com\/wp-content\/uploads\/2025\/11\/XXXVI-CONVENCION-MINERA21.jpg\"><img loading=\"lazy\" decoding=\"async\" class=\"alignleft wp-image-1261493 size-cmsmasters-square-thumb\" src=\"https:\/\/www.acapulcopress.com\/wp-content\/uploads\/2025\/11\/XXXVI-CONVENCION-MINERA21-360x360.jpg\" alt=\"\" width=\"360\" height=\"360\" srcset=\"https:\/\/www.acapulcopress.com\/wp-content\/uploads\/2025\/11\/XXXVI-CONVENCION-MINERA21-360x360.jpg 360w, https:\/\/www.acapulcopress.com\/wp-content\/uploads\/2025\/11\/XXXVI-CONVENCION-MINERA21-150x150.jpg 150w, https:\/\/www.acapulcopress.com\/wp-content\/uploads\/2025\/11\/XXXVI-CONVENCION-MINERA21-70x70.jpg 70w\" sizes=\"auto, (max-width: 360px) 100vw, 360px\" \/><\/a>despu\u00e9s del azote del hurac\u00e1n Otis en 2023, el presidente minero reiter\u00f3 que \u00abesta Convenci\u00f3n tiene un significado especial porque volvemos despu\u00e9s de Otis con esperanza, con solidaridad y con la convicci\u00f3n de que las mineras y los mineros, como los guerrerenses, siempre sabemos reconstruir, renacer y seguir adelante\u201d.<\/p>\n<p>De manera enf\u00e1tica, concluy\u00f3: \u00abLos mineros estamos en pie con Guerrero\u00bb.<\/p>\n<p>Posteriormente, la gobernadora e invitados se trasladaron al centro de exposiciones donde pudieron apreciar los art\u00edculos mineros expuestos en la presente convenci\u00f3n, de la cual se anunci\u00f3 se queda en Acapulco el pr\u00f3ximo a\u00f1o y los venideros.<\/p>\n<p><a href=\"https:\/\/www.acapulcopress.com\/wp-content\/uploads\/2025\/11\/XXXVI-CONVENCION-MINERA8.jpg\"><img loading=\"lazy\" decoding=\"async\" class=\"alignnone wp-image-1261480 size-full\" src=\"https:\/\/www.acapulcopress.com\/wp-content\/uploads\/2025\/11\/XXXVI-CONVENCION-MINERA8.jpg\" alt=\"\" width=\"1600\" height=\"1200\" srcset=\"https:\/\/www.acapulcopress.com\/wp-content\/uploads\/2025\/11\/XXXVI-CONVENCION-MINERA8.jpg 1600w, https:\/\/www.acapulcopress.com\/wp-content\/uploads\/2025\/11\/XXXVI-CONVENCION-MINERA8-300x225.jpg 300w, https:\/\/www.acapulcopress.com\/wp-content\/uploads\/2025\/11\/XXXVI-CONVENCION-MINERA8-1024x768.jpg 1024w, https:\/\/www.acapulcopress.com\/wp-content\/uploads\/2025\/11\/XXXVI-CONVENCION-MINERA8-768x576.jpg 768w, https:\/\/www.acapulcopress.com\/wp-content\/uploads\/2025\/11\/XXXVI-CONVENCION-MINERA8-1536x1152.jpg 1536w, https:\/\/www.acapulcopress.com\/wp-content\/uploads\/2025\/11\/XXXVI-CONVENCION-MINERA8-580x435.jpg 580w, https:\/\/www.acapulcopress.com\/wp-content\/uploads\/2025\/11\/XXXVI-CONVENCION-MINERA8-860x645.jpg 860w, https:\/\/www.acapulcopress.com\/wp-content\/uploads\/2025\/11\/XXXVI-CONVENCION-MINERA8-1160x870.jpg 1160w, https:\/\/www.acapulcopress.com\/wp-content\/uploads\/2025\/11\/XXXVI-CONVENCION-MINERA8-1320x990.jpg 1320w\" sizes=\"auto, (max-width: 1600px) 100vw, 1600px\" \/><\/a> <a href=\"https:\/\/www.acapulcopress.com\/wp-content\/uploads\/2025\/11\/XXXVI-CONVENCION-MINERA6.jpg\"><img loading=\"lazy\" decoding=\"async\" class=\"alignnone wp-image-1261478 size-full\" src=\"https:\/\/www.acapulcopress.com\/wp-content\/uploads\/2025\/11\/XXXVI-CONVENCION-MINERA6.jpg\" alt=\"\" width=\"1600\" height=\"1200\" srcset=\"https:\/\/www.acapulcopress.com\/wp-content\/uploads\/2025\/11\/XXXVI-CONVENCION-MINERA6.jpg 1600w, https:\/\/www.acapulcopress.com\/wp-content\/uploads\/2025\/11\/XXXVI-CONVENCION-MINERA6-300x225.jpg 300w, https:\/\/www.acapulcopress.com\/wp-content\/uploads\/2025\/11\/XXXVI-CONVENCION-MINERA6-1024x768.jpg 1024w, https:\/\/www.acapulcopress.com\/wp-content\/uploads\/2025\/11\/XXXVI-CONVENCION-MINERA6-768x576.jpg 768w, https:\/\/www.acapulcopress.com\/wp-content\/uploads\/2025\/11\/XXXVI-CONVENCION-MINERA6-1536x1152.jpg 1536w, https:\/\/www.acapulcopress.com\/wp-content\/uploads\/2025\/11\/XXXVI-CONVENCION-MINERA6-580x435.jpg 580w, https:\/\/www.acapulcopress.com\/wp-content\/uploads\/2025\/11\/XXXVI-CONVENCION-MINERA6-860x645.jpg 860w, https:\/\/www.acapulcopress.com\/wp-content\/uploads\/2025\/11\/XXXVI-CONVENCION-MINERA6-1160x870.jpg 1160w, https:\/\/www.acapulcopress.com\/wp-content\/uploads\/2025\/11\/XXXVI-CONVENCION-MINERA6-1320x990.jpg 1320w\" sizes=\"auto, (max-width: 1600px) 100vw, 1600px\" \/><\/a> <a href=\"https:\/\/www.acapulcopress.com\/wp-content\/uploads\/2025\/11\/XXXVI-CONVENCION-MINERA5.jpg\"><img loading=\"lazy\" decoding=\"async\" class=\"alignnone wp-image-1261477 size-full\" src=\"https:\/\/www.acapulcopress.com\/wp-content\/uploads\/2025\/11\/XXXVI-CONVENCION-MINERA5.jpg\" alt=\"\" width=\"1600\" height=\"1200\" srcset=\"https:\/\/www.acapulcopress.com\/wp-content\/uploads\/2025\/11\/XXXVI-CONVENCION-MINERA5.jpg 1600w, https:\/\/www.acapulcopress.com\/wp-content\/uploads\/2025\/11\/XXXVI-CONVENCION-MINERA5-300x225.jpg 300w, https:\/\/www.acapulcopress.com\/wp-content\/uploads\/2025\/11\/XXXVI-CONVENCION-MINERA5-1024x768.jpg 1024w, https:\/\/www.acapulcopress.com\/wp-content\/uploads\/2025\/11\/XXXVI-CONVENCION-MINERA5-768x576.jpg 768w, https:\/\/www.acapulcopress.com\/wp-content\/uploads\/2025\/11\/XXXVI-CONVENCION-MINERA5-1536x1152.jpg 1536w, https:\/\/www.acapulcopress.com\/wp-content\/uploads\/2025\/11\/XXXVI-CONVENCION-MINERA5-580x435.jpg 580w, https:\/\/www.acapulcopress.com\/wp-content\/uploads\/2025\/11\/XXXVI-CONVENCION-MINERA5-860x645.jpg 860w, https:\/\/www.acapulcopress.com\/wp-content\/uploads\/2025\/11\/XXXVI-CONVENCION-MINERA5-1160x870.jpg 1160w, https:\/\/www.acapulcopress.com\/wp-content\/uploads\/2025\/11\/XXXVI-CONVENCION-MINERA5-1320x990.jpg 1320w\" sizes=\"auto, (max-width: 1600px) 100vw, 1600px\" \/><\/a> <a href=\"https:\/\/www.acapulcopress.com\/wp-content\/uploads\/2025\/11\/XXXVI-CONVENCION-MINERA3.jpg\"><img loading=\"lazy\" decoding=\"async\" class=\"alignnone wp-image-1261475 size-full\" src=\"https:\/\/www.acapulcopress.com\/wp-content\/uploads\/2025\/11\/XXXVI-CONVENCION-MINERA3.jpg\" alt=\"\" width=\"1600\" height=\"1200\" srcset=\"https:\/\/www.acapulcopress.com\/wp-content\/uploads\/2025\/11\/XXXVI-CONVENCION-MINERA3.jpg 1600w, https:\/\/www.acapulcopress.com\/wp-content\/uploads\/2025\/11\/XXXVI-CONVENCION-MINERA3-300x225.jpg 300w, https:\/\/www.acapulcopress.com\/wp-content\/uploads\/2025\/11\/XXXVI-CONVENCION-MINERA3-1024x768.jpg 1024w, https:\/\/www.acapulcopress.com\/wp-content\/uploads\/2025\/11\/XXXVI-CONVENCION-MINERA3-768x576.jpg 768w, https:\/\/www.acapulcopress.com\/wp-content\/uploads\/2025\/11\/XXXVI-CONVENCION-MINERA3-1536x1152.jpg 1536w, https:\/\/www.acapulcopress.com\/wp-content\/uploads\/2025\/11\/XXXVI-CONVENCION-MINERA3-580x435.jpg 580w, https:\/\/www.acapulcopress.com\/wp-content\/uploads\/2025\/11\/XXXVI-CONVENCION-MINERA3-860x645.jpg 860w, https:\/\/www.acapulcopress.com\/wp-content\/uploads\/2025\/11\/XXXVI-CONVENCION-MINERA3-1160x870.jpg 1160w, https:\/\/www.acapulcopress.com\/wp-content\/uploads\/2025\/11\/XXXVI-CONVENCION-MINERA3-1320x990.jpg 1320w\" sizes=\"auto, (max-width: 1600px) 100vw, 1600px\" \/><\/a> <a href=\"https:\/\/www.acapulcopress.com\/wp-content\/uploads\/2025\/11\/XXXVI-CONVENCION-MINERA2.jpg\"><img loading=\"lazy\" decoding=\"async\" class=\"alignnone wp-image-1261474 size-full\" src=\"https:\/\/www.acapulcopress.com\/wp-content\/uploads\/2025\/11\/XXXVI-CONVENCION-MINERA2.jpg\" alt=\"\" width=\"1600\" height=\"1200\" srcset=\"https:\/\/www.acapulcopress.com\/wp-content\/uploads\/2025\/11\/XXXVI-CONVENCION-MINERA2.jpg 1600w, https:\/\/www.acapulcopress.com\/wp-content\/uploads\/2025\/11\/XXXVI-CONVENCION-MINERA2-300x225.jpg 300w, https:\/\/www.acapulcopress.com\/wp-content\/uploads\/2025\/11\/XXXVI-CONVENCION-MINERA2-1024x768.jpg 1024w, https:\/\/www.acapulcopress.com\/wp-content\/uploads\/2025\/11\/XXXVI-CONVENCION-MINERA2-768x576.jpg 768w, https:\/\/www.acapulcopress.com\/wp-content\/uploads\/2025\/11\/XXXVI-CONVENCION-MINERA2-1536x1152.jpg 1536w, https:\/\/www.acapulcopress.com\/wp-content\/uploads\/2025\/11\/XXXVI-CONVENCION-MINERA2-580x435.jpg 580w, https:\/\/www.acapulcopress.com\/wp-content\/uploads\/2025\/11\/XXXVI-CONVENCION-MINERA2-860x645.jpg 860w, https:\/\/www.acapulcopress.com\/wp-content\/uploads\/2025\/11\/XXXVI-CONVENCION-MINERA2-1160x870.jpg 1160w, https:\/\/www.acapulcopress.com\/wp-content\/uploads\/2025\/11\/XXXVI-CONVENCION-MINERA2-1320x990.jpg 1320w\" sizes=\"auto, (max-width: 1600px) 100vw, 1600px\" \/><\/a> <a href=\"https:\/\/www.acapulcopress.com\/wp-content\/uploads\/2025\/11\/XXXVI-CONVENCION-MINERA.jpg\"><img loading=\"lazy\" decoding=\"async\" class=\"alignnone wp-image-1261473 size-full\" src=\"https:\/\/www.acapulcopress.com\/wp-content\/uploads\/2025\/11\/XXXVI-CONVENCION-MINERA.jpg\" alt=\"\" width=\"1600\" height=\"1200\" srcset=\"https:\/\/www.acapulcopress.com\/wp-content\/uploads\/2025\/11\/XXXVI-CONVENCION-MINERA.jpg 1600w, https:\/\/www.acapulcopress.com\/wp-content\/uploads\/2025\/11\/XXXVI-CONVENCION-MINERA-300x225.jpg 300w, https:\/\/www.acapulcopress.com\/wp-content\/uploads\/2025\/11\/XXXVI-CONVENCION-MINERA-1024x768.jpg 1024w, https:\/\/www.acapulcopress.com\/wp-content\/uploads\/2025\/11\/XXXVI-CONVENCION-MINERA-768x576.jpg 768w, https:\/\/www.acapulcopress.com\/wp-content\/uploads\/2025\/11\/XXXVI-CONVENCION-MINERA-1536x1152.jpg 1536w, https:\/\/www.acapulcopress.com\/wp-content\/uploads\/2025\/11\/XXXVI-CONVENCION-MINERA-580x435.jpg 580w, https:\/\/www.acapulcopress.com\/wp-content\/uploads\/2025\/11\/XXXVI-CONVENCION-MINERA-860x645.jpg 860w, https:\/\/www.acapulcopress.com\/wp-content\/uploads\/2025\/11\/XXXVI-CONVENCION-MINERA-1160x870.jpg 1160w, https:\/\/www.acapulcopress.com\/wp-content\/uploads\/2025\/11\/XXXVI-CONVENCION-MINERA-1320x990.jpg 1320w\" sizes=\"auto, (max-width: 1600px) 100vw, 1600px\" \/><\/a><\/p>\n<p><em>) <a href=\"http:\/\/fb.me\/steparious\" target=\"_blank\" rel=\"noopener\">fb.me\/steparious<\/a> ) <a href=\"http:\/\/fb.me\/acapulcopress\" target=\"_blank\" rel=\"noopener\">fb.me\/acapulcopress<\/a><\/em><\/p>\n","protected":false},"excerpt":{"rendered":"<p>) \u00c1ngel | Blanco ACAPULCO * 19 de noviembre 2025 ) Aps En representaci\u00f3n de la presidente de la Rep\u00fablica, Claudia Sheinbaum Pardo, el secretario federal de Econom\u00eda, Marcelo Luis Ebrard Casaub\u00f3n, y la gobernadora Evelyn Salgado Pineda, inauguraron la XXXVI Convenci\u00f3n Internacional de Miner\u00eda Acapulco 2025, que se celebrar\u00e1 en el puerto del 19&#8230;<\/p>\n","protected":false},"author":1,"featured_media":1261488,"comment_status":"closed","ping_status":"open","sticky":false,"template":"","format":"standard","meta":{"footnotes":""},"categories":[1980,1983],"tags":[18921,5853,12449,18922,13711,18923,18924,18925],"class_list":["post-1261472","post","type-post","status-publish","format-standard","has-post-thumbnail","hentry","category-goverment-2","category-guerrerogob","tag-asociacion-de-ingenieros-de-minas","tag-claudia-sheinbaum-pardo","tag-marcelo-luis-ebrard-casaubon","tag-metalurgistas-y-geologos-de-mexico-aimmgm","tag-noe-peralta-herrera","tag-ruben-de-jesus-del-pozo-mendoza","tag-servicio-servicio-geologico-mexicano","tag-simon-quinones-orozo"],"_links":{"self":[{"href":"https:\/\/www.acapulcopress.com\/index.php\/wp-json\/wp\/v2\/posts\/1261472","targetHints":{"allow":["GET"]}}],"collection":[{"href":"https:\/\/www.acapulcopress.com\/index.php\/wp-json\/wp\/v2\/posts"}],"about":[{"href":"https:\/\/www.acapulcopress.com\/index.php\/wp-json\/wp\/v2\/types\/post"}],"author":[{"embeddable":true,"href":"https:\/\/www.acapulcopress.com\/index.php\/wp-json\/wp\/v2\/users\/1"}],"replies":[{"embeddable":true,"href":"https:\/\/www.acapulcopress.com\/index.php\/wp-json\/wp\/v2\/comments?post=1261472"}],"version-history":[{"count":3,"href":"https:\/\/www.acapulcopress.com\/index.php\/wp-json\/wp\/v2\/posts\/1261472\/revisions"}],"predecessor-version":[{"id":1261500,"href":"https:\/\/www.acapulcopress.com\/index.php\/wp-json\/wp\/v2\/posts\/1261472\/revisions\/1261500"}],"wp:featuredmedia":[{"embeddable":true,"href":"https:\/\/www.acapulcopress.com\/index.php\/wp-json\/wp\/v2\/media\/1261488"}],"wp:attachment":[{"href":"https:\/\/www.acapulcopress.com\/index.php\/wp-json\/wp\/v2\/media?parent=1261472"}],"wp:term":[{"taxonomy":"category","embeddable":true,"href":"https:\/\/www.acapulcopress.com\/index.php\/wp-json\/wp\/v2\/categories?post=1261472"},{"taxonomy":"post_tag","embeddable":true,"href":"https:\/\/www.acapulcopress.com\/index.php\/wp-json\/wp\/v2\/tags?post=1261472"}],"curies":[{"name":"wp","href":"https:\/\/api.w.org\/{rel}","templated":true}]}}