{"id":1261515,"date":"2025-11-20T17:59:04","date_gmt":"2025-11-20T23:59:04","guid":{"rendered":"https:\/\/www.acapulcopress.com\/?p=1261515"},"modified":"2025-11-20T18:04:21","modified_gmt":"2025-11-21T00:04:21","slug":"detalla-sectur-el-acapulco-airshow-2025","status":"publish","type":"post","link":"https:\/\/www.acapulcopress.com\/index.php\/2025\/11\/20\/detalla-sectur-el-acapulco-airshow-2025\/","title":{"rendered":"Detalla Sectur el Acapulco Airshow 2025"},"content":{"rendered":"<p>ACAPULCO * 20 de noviembre 2025<br \/>\n<em>) Turismo Guerrero<br \/>\n<\/em><a href=\"https:\/\/www.acapulcopress.com\/wp-content\/uploads\/2025\/11\/ar-show.jpg\"><img loading=\"lazy\" decoding=\"async\" class=\"alignleft wp-image-1261516 size-cmsmasters-square-thumb\" src=\"https:\/\/www.acapulcopress.com\/wp-content\/uploads\/2025\/11\/ar-show-360x360.jpg\" alt=\"\" width=\"360\" height=\"360\" srcset=\"https:\/\/www.acapulcopress.com\/wp-content\/uploads\/2025\/11\/ar-show-360x360.jpg 360w, https:\/\/www.acapulcopress.com\/wp-content\/uploads\/2025\/11\/ar-show-150x150.jpg 150w, https:\/\/www.acapulcopress.com\/wp-content\/uploads\/2025\/11\/ar-show-70x70.jpg 70w\" sizes=\"auto, (max-width: 360px) 100vw, 360px\" \/><\/a>La Secretar\u00eda de Turismo inform\u00f3 que se encuentran afinando los \u00faltimos detalles para la realizaci\u00f3n del <em>Acapulco Airshow 2025<\/em>, que se llevar\u00e1 a cabo del 21 al 23 de noviembre en la Bah\u00eda de Santa Luc\u00eda. Este espect\u00e1culo, es uno de los m\u00e1s destacados del cierre de a\u00f1o en el <em>Hogar del Sol y<\/em>\u00a0contempla m\u00e1s de 10 horas de acrobacias a\u00e9reas y atraer\u00e1 a residentes y miles de visitantes de distintas regiones del pa\u00eds.<\/p>\n<p>El secretario de Turismo estatal, <strong>Sim\u00f3n Qui\u00f1ones Orozco,<\/strong> detall\u00f3 que para garantizar un evento de gran calidad se ha coordinado un despliegue log\u00edstico y operativo que permitir\u00e1 la presentaci\u00f3n de: 10 aviones acrob\u00e1ticos, 4 jets de combate, 1 warbird, 1 avi\u00f3n CASA 212,1 avi\u00f3n C182 para paracaidismo, 6 paracaidistas y 2 <em>Flyboards.<\/em><\/p>\n<p>Como parte de los preparativos, destac\u00f3 la participaci\u00f3n de la Fuerza A\u00e9rea Mexicana, que arribar\u00e1 con la Escuadrilla Acrob\u00e1tica \u00c1guilas Aztecas, integrada por 5 aviones T6, adem\u00e1s de un avi\u00f3n CASA C295, el equipo de paracaidismo Guerreros \u00c1guila, un helic\u00f3ptero MI-17 y la demostraci\u00f3n de infiltraci\u00f3n de Fuerzas Especiales, acciones que aseguran un espect\u00e1culo de primer nivel.<\/p>\n<p>El titular de Sectur, dijo que los horarios de las pr\u00e1cticas de Airshow 2025 son: Viernes 21 de noviembre de 09:00 a 14:00 horas. El s\u00e1bado 22 y domingo 23 de noviembre ser\u00e1n dos presentaciones diarias de este espect\u00e1culo de 11:00 a 12:30 horas y de 14:30 a 18:00 horas.<\/p>\n<p><a href=\"https:\/\/www.acapulcopress.com\/wp-content\/uploads\/2025\/11\/ar-show2.jpg\"><img loading=\"lazy\" decoding=\"async\" class=\"alignleft wp-image-1261517 size-cmsmasters-square-thumb\" src=\"https:\/\/www.acapulcopress.com\/wp-content\/uploads\/2025\/11\/ar-show2-360x360.jpg\" alt=\"\" width=\"360\" height=\"360\" srcset=\"https:\/\/www.acapulcopress.com\/wp-content\/uploads\/2025\/11\/ar-show2-360x360.jpg 360w, https:\/\/www.acapulcopress.com\/wp-content\/uploads\/2025\/11\/ar-show2-150x150.jpg 150w, https:\/\/www.acapulcopress.com\/wp-content\/uploads\/2025\/11\/ar-show2-70x70.jpg 70w\" sizes=\"auto, (max-width: 360px) 100vw, 360px\" \/><\/a>Qui\u00f1ones Orozco resalt\u00f3 que este evento ha sido posible gracias a las gestiones de la gobernadora Evelyn Salgado Pineda, quien ha instruido fortalecer la agenda tur\u00edstica del estado y promover actividades que impulsen la econom\u00eda local.<\/p>\n<p>\u201cEl Acapulco Airshow 2025 elevar\u00e1 el dinamismo tur\u00edstico y comercial de la bah\u00eda, consolidando a Acapulco como un destino ideal para espect\u00e1culos de alto impacto\u201d, afirm\u00f3. se presentan como alternativas ideales para la temporada, cada uno con propuestas \u00fanicas que combinan naturaleza, historia, cultura, hospitalidad y gastronom\u00eda.<\/p>\n<p><strong>OPERATIVO ESPECIAL DE SSP GUERRERO<\/strong><\/p>\n<p>La <em>Secretar\u00eda de Seguridad P\u00fablica<\/em> estatal tiene listo el despliegue operativo especial para el desarrollo del Air Show 2025, que se desarrollar\u00e1 a partir de este 21 al 23 de noviembre en el puerto de Acapulco.<\/p>\n<p>Como parte de este dispositivo se fortalece la presencia operativa interinstitucional, as\u00ed como en materia de videovigilancia mediante el seguimiento de las c\u00e1maras del C5 Acapulco, acciones de proximidad social, prevenci\u00f3n del delito, apoyo vial y atenci\u00f3n ciudadana con el <a href=\"https:\/\/www.acapulcopress.com\/wp-content\/uploads\/2025\/11\/OPERATIVO-VIAL-AIR-SHOW.jpg\"><img loading=\"lazy\" decoding=\"async\" class=\"alignleft wp-image-1261519 size-cmsmasters-square-thumb\" src=\"https:\/\/www.acapulcopress.com\/wp-content\/uploads\/2025\/11\/OPERATIVO-VIAL-AIR-SHOW-360x360.jpg\" alt=\"\" width=\"360\" height=\"360\" srcset=\"https:\/\/www.acapulcopress.com\/wp-content\/uploads\/2025\/11\/OPERATIVO-VIAL-AIR-SHOW-360x360.jpg 360w, https:\/\/www.acapulcopress.com\/wp-content\/uploads\/2025\/11\/OPERATIVO-VIAL-AIR-SHOW-150x150.jpg 150w, https:\/\/www.acapulcopress.com\/wp-content\/uploads\/2025\/11\/OPERATIVO-VIAL-AIR-SHOW-70x70.jpg 70w\" sizes=\"auto, (max-width: 360px) 100vw, 360px\" \/><\/a>objetivo de garantizar el correcto desarrollo de este importante evento tur\u00edstico.<\/p>\n<p>La atenci\u00f3n a turistas y residentes ser\u00e1 mediante puestos de mando, control, auxilio por parte del personal de la Polic\u00eda y Tr\u00e1nsito Estatal, en estrecha coordinaci\u00f3n con el Ej\u00e9rcito Mexicano, la Secretar\u00eda de Marina, Guardia Nacional y la Fiscal\u00eda General del Estado.<\/p>\n<p>Aunado al trabajo conjunto entre los tres niveles de gobierno, como las Secretar\u00edas de Turismo, General de Gobierno, Salud, Gesti\u00f3n de Riesgos y Protecci\u00f3n Civil, Cruz Roja Mexicana, IMSS, ISSSTE, la Direcci\u00f3n de Promotora de Playas, \u00c1ngeles Verdes y el Gobierno municipal de Acapulco.<\/p>\n<p>Adem\u00e1s, se mantendr\u00e1n puestos de atenci\u00f3n a emergencias y de control a\u00e9reo para atender incidencias de manera pronta, as\u00ed como nueve puntos de atenci\u00f3n m\u00e9dica, rescate, vigilancia y apoyo log\u00edstico sobre la avenida Costera Miguel Alem\u00e1n, distribuidos desde playa Tamarindos, a lo largo del punto conocido como Asta Bandera, hasta la zona de playa del CICI.<\/p>\n<p>Las fuerzas de seguridad tendr\u00e1n especial presencia en las entradas y salidas del municipio de Acapulco como la Autopista del Sol, la caseta La Venta-Metlapil. Tambi\u00e9n en vialidades alternas como las avenidas La Cima, La Garita, Ruiz Cort\u00ednez, Cuauht\u00e9moc, Magallanes, Constituyentes y Hornos para facilitar la movilidad vehicular, prevenir incidentes y brindar atenci\u00f3n oportuna a la ciudadan\u00eda.<\/p>\n<p>En esta estrategia operativa, el sistema de videovigilancia del C5 Acapulco ser\u00e1 clave en las labores de monitoreo permanente, y se ubicar\u00e1n 10 puntos de atenci\u00f3n en las playas Tlacopanocha, Hornos, Carabal\u00ed, Condesa Cici, el Asta Bandera, la Diana Cazadora, en la franja de arena de los hoteles Torres Gemelas, El Cano Hotsson y Plaza Quebec.<\/p>\n<p>En este importante dispositivo de seguridad ser\u00e1n desplegados m\u00e1s de 200 elementos de seguridad, 46 patrullas y 24 motopatrullas y cuatrimotos.<\/p>\n<p>La Secretar\u00eda de Seguridad P\u00fablica del Estado invita a las familias guerrerenses y visitantes a disfrutar de evento, reiterando el llamado a atender las indicaciones del personal operativo, planificar sus traslados con anticipaci\u00f3n y colaborar para que la jornada transcurra en paz y con alegr\u00eda.<\/p>\n<p><em>) <a href=\"http:\/\/fb.me\/steparious\" target=\"_blank\" rel=\"noopener\">fb.me\/steparious<\/a> ) <a href=\"http:\/\/fb.me\/acapulcopress\" target=\"_blank\" rel=\"noopener\">fb.me\/acapulcopress<\/a><\/em><\/p>\n","protected":false},"excerpt":{"rendered":"<p>La Secretar\u00eda de Turismo inform\u00f3 que se encuentran afinando los \u00faltimos detalles para la realizaci\u00f3n del Acapulco Airshow 2025<\/p>\n","protected":false},"author":1,"featured_media":1261518,"comment_status":"closed","ping_status":"open","sticky":false,"template":"","format":"standard","meta":{"footnotes":""},"categories":[1969],"tags":[18927,16292],"class_list":["post-1261515","post","type-post","status-publish","format-standard","has-post-thumbnail","hentry","category-trending","tag-acapulco-airshow-2025","tag-secretaria-de-turismo-de-guerrero-sectur-guerrero"],"_links":{"self":[{"href":"https:\/\/www.acapulcopress.com\/index.php\/wp-json\/wp\/v2\/posts\/1261515","targetHints":{"allow":["GET"]}}],"collection":[{"href":"https:\/\/www.acapulcopress.com\/index.php\/wp-json\/wp\/v2\/posts"}],"about":[{"href":"https:\/\/www.acapulcopress.com\/index.php\/wp-json\/wp\/v2\/types\/post"}],"author":[{"embeddable":true,"href":"https:\/\/www.acapulcopress.com\/index.php\/wp-json\/wp\/v2\/users\/1"}],"replies":[{"embeddable":true,"href":"https:\/\/www.acapulcopress.com\/index.php\/wp-json\/wp\/v2\/comments?post=1261515"}],"version-history":[{"count":4,"href":"https:\/\/www.acapulcopress.com\/index.php\/wp-json\/wp\/v2\/posts\/1261515\/revisions"}],"predecessor-version":[{"id":1261523,"href":"https:\/\/www.acapulcopress.com\/index.php\/wp-json\/wp\/v2\/posts\/1261515\/revisions\/1261523"}],"wp:featuredmedia":[{"embeddable":true,"href":"https:\/\/www.acapulcopress.com\/index.php\/wp-json\/wp\/v2\/media\/1261518"}],"wp:attachment":[{"href":"https:\/\/www.acapulcopress.com\/index.php\/wp-json\/wp\/v2\/media?parent=1261515"}],"wp:term":[{"taxonomy":"category","embeddable":true,"href":"https:\/\/www.acapulcopress.com\/index.php\/wp-json\/wp\/v2\/categories?post=1261515"},{"taxonomy":"post_tag","embeddable":true,"href":"https:\/\/www.acapulcopress.com\/index.php\/wp-json\/wp\/v2\/tags?post=1261515"}],"curies":[{"name":"wp","href":"https:\/\/api.w.org\/{rel}","templated":true}]}}