{"id":1261524,"date":"2025-11-20T18:26:22","date_gmt":"2025-11-21T00:26:22","guid":{"rendered":"https:\/\/www.acapulcopress.com\/?p=1261524"},"modified":"2025-11-20T18:26:22","modified_gmt":"2025-11-21T00:26:22","slug":"gobernadora-conmemoro-el-115-aniversario-del-inicio-de-la-revolucion-mexicana","status":"publish","type":"post","link":"https:\/\/www.acapulcopress.com\/index.php\/2025\/11\/20\/gobernadora-conmemoro-el-115-aniversario-del-inicio-de-la-revolucion-mexicana\/","title":{"rendered":"Gobernadora conmemor\u00f3 el 115 Aniversario del Inicio de la Revoluci\u00f3n Mexicana"},"content":{"rendered":"<p>CHILPANCINGO * 20 de noviembre 2025<br \/>\n<em>) Gobierno de Guerrero<\/em><br \/>\n\u201cLa revoluci\u00f3n es la ra\u00edz de la identidad pol\u00edtica y moral, el fundamento de un proyecto de transformaci\u00f3n que reconoce que ning\u00fan proceso <a href=\"https:\/\/www.acapulcopress.com\/wp-content\/uploads\/2025\/11\/REVOLUCION-GRO6.jpg\"><img loading=\"lazy\" decoding=\"async\" class=\"alignleft wp-image-1261531 size-cmsmasters-square-thumb\" src=\"https:\/\/www.acapulcopress.com\/wp-content\/uploads\/2025\/11\/REVOLUCION-GRO6-360x360.jpg\" alt=\"\" width=\"360\" height=\"360\" srcset=\"https:\/\/www.acapulcopress.com\/wp-content\/uploads\/2025\/11\/REVOLUCION-GRO6-360x360.jpg 360w, https:\/\/www.acapulcopress.com\/wp-content\/uploads\/2025\/11\/REVOLUCION-GRO6-150x150.jpg 150w, https:\/\/www.acapulcopress.com\/wp-content\/uploads\/2025\/11\/REVOLUCION-GRO6-70x70.jpg 70w\" sizes=\"auto, (max-width: 360px) 100vw, 360px\" \/><\/a>de cambio es verdadero si no nace o emana del pueblo\u201d, afirm\u00f3 la gobernadora <strong>Evelyn Salgado Pineda<\/strong> al presidir el Desfile C\u00edvico\u2013Deportivo por el 115 Aniversario del Inicio de la <em>Revoluci\u00f3n Mexicana<\/em> en la capital del estado.<\/p>\n<p>En su mensaje, la mandataria estatal destac\u00f3 el papel de las mujeres valientes en el proceso revolucionario, como Dolores Jim\u00e9nez y Muro, Carmen Serd\u00e1n y Eucaria Apreza, entre otras combatientes que sostuvieron la lucha con inteligencia, arrojo y determinaci\u00f3n.<\/p>\n<p>\u201cHoy, 115 a\u00f1os despu\u00e9s, honramos el legado con trabajo diario y resultados. La Revoluci\u00f3n Mexicana no termin\u00f3; se contin\u00faa todos los d\u00edas cuando luchamos contra la desigualdad, cuando ampliamos derechos, cuando escuchamos la voz de los pueblos y cuando garantizamos oportunidades a quienes por tantos a\u00f1os hab\u00edan sido ignorados\u201d, reiter\u00f3 la gobernadora.<\/p>\n<p>Agreg\u00f3 que desde su administraci\u00f3n se construye un Guerrero donde la justicia social sea una realidad, donde los j\u00f3venes tengan futuro, donde las mujeres y ni\u00f1as vivan libres y protegidas, y donde las comunidades ind\u00edgenas y afromexicanas conserven su identidad y dignidad. Un gobierno, dijo, cercano y de territorio, que escucha y transforma.<\/p>\n<p><a href=\"https:\/\/www.acapulcopress.com\/wp-content\/uploads\/2025\/11\/REVOLUCION-GRO4.jpg\"><img loading=\"lazy\" decoding=\"async\" class=\"alignleft wp-image-1261529 size-cmsmasters-square-thumb\" src=\"https:\/\/www.acapulcopress.com\/wp-content\/uploads\/2025\/11\/REVOLUCION-GRO4-360x360.jpg\" alt=\"\" width=\"360\" height=\"360\" srcset=\"https:\/\/www.acapulcopress.com\/wp-content\/uploads\/2025\/11\/REVOLUCION-GRO4-360x360.jpg 360w, https:\/\/www.acapulcopress.com\/wp-content\/uploads\/2025\/11\/REVOLUCION-GRO4-150x150.jpg 150w, https:\/\/www.acapulcopress.com\/wp-content\/uploads\/2025\/11\/REVOLUCION-GRO4-70x70.jpg 70w\" sizes=\"auto, (max-width: 360px) 100vw, 360px\" \/><\/a>\u201cSigamos caminando con la convicci\u00f3n de que la justicia, la igualdad y la dignidad son la causa m\u00e1s alta del servicio p\u00fablico\u201d, expres\u00f3 Salgado Pineda al exhortar a honrar el legado de los revolucionarios de ayer con la construcci\u00f3n de un mejor futuro para las familias de hoy y de ma\u00f1ana.<\/p>\n<p>Con un esp\u00edritu revolucionario y amenizado por la Banda de M\u00fasica del Gobierno del Estado, el desfile dio inicio con el contingente encabezado por elementos de la Secretar\u00eda de la Defensa Nacional, Guardia Nacional y Polic\u00eda Estatal, seguidos por estudiantes e instituciones educativas. El desfile avanz\u00f3 a lo largo de la Alameda Granados Maldonado sobre la avenida Vicente Guerrero de Chilpancingo donde miles de familias disfrutaron de este evento.<\/p>\n<p>Estudiantes de diversos niveles educativos participaron con entusiasmo portando vestuarios alusivos a la \u00e9poca revolucionaria, as\u00ed como tablas r\u00edtmicas y demostraciones deportivas.<\/p>\n<p>Tambi\u00e9n formaron parte del contingente, el Club de Danza \u00abLos A\u00f1os Maravillosos\u00bb, con carros aleg\u00f3ricos y representaciones de las \u201cadelitas\u201d, adem\u00e1s de elementos de seguridad, cuerpos de emergencia y asociaciones civiles y deportivas. El recorrido cerr\u00f3 con la participaci\u00f3n de la Asociaci\u00f3n de Charros y Escaramuzas del estado de Guerrero.<\/p>\n<p><a href=\"https:\/\/www.acapulcopress.com\/wp-content\/uploads\/2025\/11\/REVOLUCION-GRO3.jpg\"><img loading=\"lazy\" decoding=\"async\" class=\"alignleft wp-image-1261528 size-cmsmasters-square-thumb\" src=\"https:\/\/www.acapulcopress.com\/wp-content\/uploads\/2025\/11\/REVOLUCION-GRO3-360x360.jpg\" alt=\"\" width=\"360\" height=\"360\" srcset=\"https:\/\/www.acapulcopress.com\/wp-content\/uploads\/2025\/11\/REVOLUCION-GRO3-360x360.jpg 360w, https:\/\/www.acapulcopress.com\/wp-content\/uploads\/2025\/11\/REVOLUCION-GRO3-150x150.jpg 150w, https:\/\/www.acapulcopress.com\/wp-content\/uploads\/2025\/11\/REVOLUCION-GRO3-70x70.jpg 70w\" sizes=\"auto, (max-width: 360px) 100vw, 360px\" \/><\/a>El desfile reuni\u00f3 a cientos de familias que disfrutaron de una ma\u00f1ana de convivencia, cultura y valores c\u00edvicos. Al concluir el evento, el Mayor de Infanter\u00eda M\u00e1ximino Calva S\u00e1nchez, comandante de la columna del desfile, inform\u00f3 la participaci\u00f3n de 150 elementos de la Defensa Nacional, una banda de guerra, 150 elementos de la Guardia Nacional, 140 elementos de la Secretar\u00eda de Seguridad P\u00fablica Estatal y m\u00e1s de 4 mil 350 alumnos y docentes, adem\u00e1s de veh\u00edculos y binomios caninos, concluyendo el evento sin novedad.<\/p>\n<p>Asistieron el presidente del Tribunal Superior de Justicia, Ricardo Salinas Sandoval; el presidente de la Mesa Directiva del Congreso del Estado, Alejandro Carabias Icaza; la encargada de despacho de la Secretar\u00eda General de Gobierno, Anacleta L\u00f3pez Vega; la presidenta del DIF Guerrero, Liz Salgado Pineda; el presidente municipal de Chilpancingo, Gustavo Alarc\u00f3n Herrera; y el comandante de la 35 Zona Militar, Jorge Pedro Nieto S\u00e1nchez, entre otros mandos y funcionarios estatales.<\/p>\n<p><a href=\"https:\/\/www.acapulcopress.com\/wp-content\/uploads\/2025\/11\/REVOLUCION-GRO.jpg\"><img loading=\"lazy\" decoding=\"async\" class=\"alignnone wp-image-1261526 size-full\" src=\"https:\/\/www.acapulcopress.com\/wp-content\/uploads\/2025\/11\/REVOLUCION-GRO.jpg\" alt=\"\" width=\"1280\" height=\"720\" srcset=\"https:\/\/www.acapulcopress.com\/wp-content\/uploads\/2025\/11\/REVOLUCION-GRO.jpg 1280w, https:\/\/www.acapulcopress.com\/wp-content\/uploads\/2025\/11\/REVOLUCION-GRO-300x169.jpg 300w, https:\/\/www.acapulcopress.com\/wp-content\/uploads\/2025\/11\/REVOLUCION-GRO-1024x576.jpg 1024w, https:\/\/www.acapulcopress.com\/wp-content\/uploads\/2025\/11\/REVOLUCION-GRO-768x432.jpg 768w, https:\/\/www.acapulcopress.com\/wp-content\/uploads\/2025\/11\/REVOLUCION-GRO-580x326.jpg 580w, https:\/\/www.acapulcopress.com\/wp-content\/uploads\/2025\/11\/REVOLUCION-GRO-860x484.jpg 860w, https:\/\/www.acapulcopress.com\/wp-content\/uploads\/2025\/11\/REVOLUCION-GRO-1160x653.jpg 1160w\" sizes=\"auto, (max-width: 1280px) 100vw, 1280px\" \/><\/a> <a href=\"https:\/\/www.acapulcopress.com\/wp-content\/uploads\/2025\/11\/REVOLUCION-7GRO.jpg\"><img loading=\"lazy\" decoding=\"async\" class=\"alignnone wp-image-1261525 size-full\" src=\"https:\/\/www.acapulcopress.com\/wp-content\/uploads\/2025\/11\/REVOLUCION-7GRO.jpg\" alt=\"\" width=\"1280\" height=\"853\" srcset=\"https:\/\/www.acapulcopress.com\/wp-content\/uploads\/2025\/11\/REVOLUCION-7GRO.jpg 1280w, https:\/\/www.acapulcopress.com\/wp-content\/uploads\/2025\/11\/REVOLUCION-7GRO-300x200.jpg 300w, https:\/\/www.acapulcopress.com\/wp-content\/uploads\/2025\/11\/REVOLUCION-7GRO-1024x682.jpg 1024w, https:\/\/www.acapulcopress.com\/wp-content\/uploads\/2025\/11\/REVOLUCION-7GRO-768x512.jpg 768w, https:\/\/www.acapulcopress.com\/wp-content\/uploads\/2025\/11\/REVOLUCION-7GRO-580x387.jpg 580w, https:\/\/www.acapulcopress.com\/wp-content\/uploads\/2025\/11\/REVOLUCION-7GRO-860x573.jpg 860w, https:\/\/www.acapulcopress.com\/wp-content\/uploads\/2025\/11\/REVOLUCION-7GRO-1160x773.jpg 1160w\" sizes=\"auto, (max-width: 1280px) 100vw, 1280px\" \/><\/a> <a href=\"https:\/\/www.acapulcopress.com\/wp-content\/uploads\/2025\/11\/REVOLUCION-GRO2.jpg\"><img loading=\"lazy\" decoding=\"async\" class=\"alignnone wp-image-1261527 size-full\" src=\"https:\/\/www.acapulcopress.com\/wp-content\/uploads\/2025\/11\/REVOLUCION-GRO2.jpg\" alt=\"\" width=\"1280\" height=\"853\" srcset=\"https:\/\/www.acapulcopress.com\/wp-content\/uploads\/2025\/11\/REVOLUCION-GRO2.jpg 1280w, https:\/\/www.acapulcopress.com\/wp-content\/uploads\/2025\/11\/REVOLUCION-GRO2-300x200.jpg 300w, https:\/\/www.acapulcopress.com\/wp-content\/uploads\/2025\/11\/REVOLUCION-GRO2-1024x682.jpg 1024w, https:\/\/www.acapulcopress.com\/wp-content\/uploads\/2025\/11\/REVOLUCION-GRO2-768x512.jpg 768w, https:\/\/www.acapulcopress.com\/wp-content\/uploads\/2025\/11\/REVOLUCION-GRO2-580x387.jpg 580w, https:\/\/www.acapulcopress.com\/wp-content\/uploads\/2025\/11\/REVOLUCION-GRO2-860x573.jpg 860w, https:\/\/www.acapulcopress.com\/wp-content\/uploads\/2025\/11\/REVOLUCION-GRO2-1160x773.jpg 1160w\" sizes=\"auto, (max-width: 1280px) 100vw, 1280px\" \/><\/a><\/p>\n<p><em>) <a href=\"http:\/\/fb.me\/steparious\" target=\"_blank\" rel=\"noopener\">fb.me\/steparious<\/a> ) <a href=\"http:\/\/fb.me\/acapulcopress\" target=\"_blank\" rel=\"noopener\">fb.me\/acapulcopress<\/a><\/em><\/p>\n","protected":false},"excerpt":{"rendered":"<p>CHILPANCINGO * 20 de noviembre 2025 ) Gobierno de Guerrero \u201cLa revoluci\u00f3n es la ra\u00edz de la identidad pol\u00edtica y moral, el fundamento de un proyecto de transformaci\u00f3n que reconoce que ning\u00fan proceso de cambio es verdadero si no nace o emana del pueblo\u201d, afirm\u00f3 la gobernadora Evelyn Salgado Pineda al presidir el Desfile C\u00edvico\u2013Deportivo&#8230;<\/p>\n","protected":false},"author":1,"featured_media":1261533,"comment_status":"closed","ping_status":"open","sticky":false,"template":"","format":"standard","meta":{"footnotes":""},"categories":[1980,1983],"tags":[8251,9302,15538],"class_list":["post-1261524","post","type-post","status-publish","format-standard","has-post-thumbnail","hentry","category-goverment-2","category-guerrerogob","tag-evelyn-salgado-pineda","tag-gobierno-de-guerrero","tag-revolucion-mexicana"],"_links":{"self":[{"href":"https:\/\/www.acapulcopress.com\/index.php\/wp-json\/wp\/v2\/posts\/1261524","targetHints":{"allow":["GET"]}}],"collection":[{"href":"https:\/\/www.acapulcopress.com\/index.php\/wp-json\/wp\/v2\/posts"}],"about":[{"href":"https:\/\/www.acapulcopress.com\/index.php\/wp-json\/wp\/v2\/types\/post"}],"author":[{"embeddable":true,"href":"https:\/\/www.acapulcopress.com\/index.php\/wp-json\/wp\/v2\/users\/1"}],"replies":[{"embeddable":true,"href":"https:\/\/www.acapulcopress.com\/index.php\/wp-json\/wp\/v2\/comments?post=1261524"}],"version-history":[{"count":1,"href":"https:\/\/www.acapulcopress.com\/index.php\/wp-json\/wp\/v2\/posts\/1261524\/revisions"}],"predecessor-version":[{"id":1261534,"href":"https:\/\/www.acapulcopress.com\/index.php\/wp-json\/wp\/v2\/posts\/1261524\/revisions\/1261534"}],"wp:featuredmedia":[{"embeddable":true,"href":"https:\/\/www.acapulcopress.com\/index.php\/wp-json\/wp\/v2\/media\/1261533"}],"wp:attachment":[{"href":"https:\/\/www.acapulcopress.com\/index.php\/wp-json\/wp\/v2\/media?parent=1261524"}],"wp:term":[{"taxonomy":"category","embeddable":true,"href":"https:\/\/www.acapulcopress.com\/index.php\/wp-json\/wp\/v2\/categories?post=1261524"},{"taxonomy":"post_tag","embeddable":true,"href":"https:\/\/www.acapulcopress.com\/index.php\/wp-json\/wp\/v2\/tags?post=1261524"}],"curies":[{"name":"wp","href":"https:\/\/api.w.org\/{rel}","templated":true}]}}