{"id":1261535,"date":"2025-11-20T19:12:43","date_gmt":"2025-11-21T01:12:43","guid":{"rendered":"https:\/\/www.acapulcopress.com\/?p=1261535"},"modified":"2025-11-20T19:12:43","modified_gmt":"2025-11-21T01:12:43","slug":"salud-guerrero-intensifica-combate-al-dengue-en-la-region-de-la-montana","status":"publish","type":"post","link":"https:\/\/www.acapulcopress.com\/index.php\/2025\/11\/20\/salud-guerrero-intensifica-combate-al-dengue-en-la-region-de-la-montana\/","title":{"rendered":"Salud Guerrero intensifica combate al dengue en la regi\u00f3n de La Monta\u00f1a"},"content":{"rendered":"<p>CHILPANCINGO * 20 de noviembre 2025<br \/>\n<em>) Salud Guerrero<\/em><br \/>\nPara proteger la salud de las familias guerrerenses y acercar los servicios m\u00e9dicos a las zonas prioritarias, la Secretar\u00eda de Salud Guerrero <a href=\"https:\/\/www.acapulcopress.com\/wp-content\/uploads\/2025\/11\/denguegto7.jpg\"><img loading=\"lazy\" decoding=\"async\" class=\"alignleft wp-image-1261542 size-cmsmasters-square-thumb\" src=\"https:\/\/www.acapulcopress.com\/wp-content\/uploads\/2025\/11\/denguegto7-360x360.jpg\" alt=\"\" width=\"360\" height=\"360\" srcset=\"https:\/\/www.acapulcopress.com\/wp-content\/uploads\/2025\/11\/denguegto7-360x360.jpg 360w, https:\/\/www.acapulcopress.com\/wp-content\/uploads\/2025\/11\/denguegto7-150x150.jpg 150w, https:\/\/www.acapulcopress.com\/wp-content\/uploads\/2025\/11\/denguegto7-70x70.jpg 70w\" sizes=\"auto, (max-width: 360px) 100vw, 360px\" \/><\/a>(SSG), por indicaciones de su titular, <strong>Alondra Garc\u00eda Carbajal<\/strong>, a trav\u00e9s de la <em>Jurisdicci\u00f3n Sanitaria 04 Monta\u00f1a<\/em> despleg\u00f3 un intenso operativo de prevenci\u00f3n y atenci\u00f3n m\u00e9dica en diversos municipios de la regi\u00f3n.<\/p>\n<p>Garc\u00eda Carbajal, inform\u00f3 que, como medida preventiva, y con la colaboraci\u00f3n del \u00e1rea de Vectores, se iniciaron actividades de termonebulizaci\u00f3n en las colonias de la ciudad de Tlapa de Comonfort, reforzando el cerco sanitario contra el mosquito transmisor.<\/p>\n<p>Adem\u00e1s, se\u00f1al\u00f3 que se activ\u00f3 una campa\u00f1a de eliminaci\u00f3n de criaderos en los panteones municipales de las colonias Tepeyac y Contlalco, en coordinaci\u00f3n con m\u00e9dicos, personal de enfermer\u00eda y promotores de hospitales y centros de salud del IMSS-Bienestar, sumando esfuerzos para evitar la proliferaci\u00f3n del vector.<\/p>\n<p>Mientras que en el municipio de Atlamajalcingo del Monte, el personal de salud realiz\u00f3 jornadas de limpieza en las unidades m\u00e9dicas, acompa\u00f1adas de pl\u00e1ticas informativas dirigidas a la poblaci\u00f3n sobre la prevenci\u00f3n del Dengue, Coxsackie, Diabetes, la importancia de la actividad f\u00edsica y la t\u00e9cnica correcta de lavado de manos.<\/p>\n<p>La funcionaria estatal, indic\u00f3 tambi\u00e9n que se extendi\u00f3 la cobertura mediante visitas domiciliarias en los municipios y localidades de Iliatenco, Potoichan, Tlacoapa, La Rivera y Oztozingo, garantizando el seguimiento directo a la salud de los habitantes.<\/p>\n<p>Mencion\u00f3 adem\u00e1s que se organiz\u00f3 una brigada m\u00e9dica especializada en el municipio de Alcozauca con la participaci\u00f3n de las autoridades municipales, as\u00ed como de las coordinaciones de Salud Materna y del Programa de Fortalecimiento de Atenci\u00f3n M\u00e9dica, se benefici\u00f3 a las comunidades de San Miguel el Grande, Buenavista y Tlahuapa.<\/p>\n<p><a href=\"https:\/\/www.acapulcopress.com\/wp-content\/uploads\/2025\/11\/denguegto7.jpg\"><img loading=\"lazy\" decoding=\"async\" class=\"alignnone wp-image-1261542 size-full\" src=\"https:\/\/www.acapulcopress.com\/wp-content\/uploads\/2025\/11\/denguegto7.jpg\" alt=\"\" width=\"1280\" height=\"960\" srcset=\"https:\/\/www.acapulcopress.com\/wp-content\/uploads\/2025\/11\/denguegto7.jpg 1280w, https:\/\/www.acapulcopress.com\/wp-content\/uploads\/2025\/11\/denguegto7-300x225.jpg 300w, https:\/\/www.acapulcopress.com\/wp-content\/uploads\/2025\/11\/denguegto7-1024x768.jpg 1024w, https:\/\/www.acapulcopress.com\/wp-content\/uploads\/2025\/11\/denguegto7-768x576.jpg 768w, https:\/\/www.acapulcopress.com\/wp-content\/uploads\/2025\/11\/denguegto7-580x435.jpg 580w, https:\/\/www.acapulcopress.com\/wp-content\/uploads\/2025\/11\/denguegto7-860x645.jpg 860w, https:\/\/www.acapulcopress.com\/wp-content\/uploads\/2025\/11\/denguegto7-1160x870.jpg 1160w\" sizes=\"auto, (max-width: 1280px) 100vw, 1280px\" \/><\/a> <a href=\"https:\/\/www.acapulcopress.com\/wp-content\/uploads\/2025\/11\/denguegto6.jpg\"><img loading=\"lazy\" decoding=\"async\" class=\"alignnone wp-image-1261541 size-full\" src=\"https:\/\/www.acapulcopress.com\/wp-content\/uploads\/2025\/11\/denguegto6.jpg\" alt=\"\" width=\"1156\" height=\"868\" srcset=\"https:\/\/www.acapulcopress.com\/wp-content\/uploads\/2025\/11\/denguegto6.jpg 1156w, https:\/\/www.acapulcopress.com\/wp-content\/uploads\/2025\/11\/denguegto6-300x225.jpg 300w, https:\/\/www.acapulcopress.com\/wp-content\/uploads\/2025\/11\/denguegto6-1024x769.jpg 1024w, https:\/\/www.acapulcopress.com\/wp-content\/uploads\/2025\/11\/denguegto6-768x577.jpg 768w, https:\/\/www.acapulcopress.com\/wp-content\/uploads\/2025\/11\/denguegto6-580x436.jpg 580w, https:\/\/www.acapulcopress.com\/wp-content\/uploads\/2025\/11\/denguegto6-860x646.jpg 860w\" sizes=\"auto, (max-width: 1156px) 100vw, 1156px\" \/><\/a> <a href=\"https:\/\/www.acapulcopress.com\/wp-content\/uploads\/2025\/11\/denguegto5.jpg\"><img loading=\"lazy\" decoding=\"async\" class=\"alignnone wp-image-1261540 size-full\" src=\"https:\/\/www.acapulcopress.com\/wp-content\/uploads\/2025\/11\/denguegto5.jpg\" alt=\"\" width=\"1032\" height=\"581\" srcset=\"https:\/\/www.acapulcopress.com\/wp-content\/uploads\/2025\/11\/denguegto5.jpg 1032w, https:\/\/www.acapulcopress.com\/wp-content\/uploads\/2025\/11\/denguegto5-300x169.jpg 300w, https:\/\/www.acapulcopress.com\/wp-content\/uploads\/2025\/11\/denguegto5-1024x576.jpg 1024w, https:\/\/www.acapulcopress.com\/wp-content\/uploads\/2025\/11\/denguegto5-768x432.jpg 768w, https:\/\/www.acapulcopress.com\/wp-content\/uploads\/2025\/11\/denguegto5-580x327.jpg 580w, https:\/\/www.acapulcopress.com\/wp-content\/uploads\/2025\/11\/denguegto5-860x484.jpg 860w\" sizes=\"auto, (max-width: 1032px) 100vw, 1032px\" \/><\/a> <a href=\"https:\/\/www.acapulcopress.com\/wp-content\/uploads\/2025\/11\/denguegto4.jpg\"><img loading=\"lazy\" decoding=\"async\" class=\"alignnone wp-image-1261539\" src=\"https:\/\/www.acapulcopress.com\/wp-content\/uploads\/2025\/11\/denguegto4.jpg\" alt=\"\" width=\"997\" height=\"2162\" srcset=\"https:\/\/www.acapulcopress.com\/wp-content\/uploads\/2025\/11\/denguegto4.jpg 738w, https:\/\/www.acapulcopress.com\/wp-content\/uploads\/2025\/11\/denguegto4-300x650.jpg 300w, https:\/\/www.acapulcopress.com\/wp-content\/uploads\/2025\/11\/denguegto4-472x1024.jpg 472w, https:\/\/www.acapulcopress.com\/wp-content\/uploads\/2025\/11\/denguegto4-708x1536.jpg 708w, https:\/\/www.acapulcopress.com\/wp-content\/uploads\/2025\/11\/denguegto4-580x1257.jpg 580w\" sizes=\"auto, (max-width: 997px) 100vw, 997px\" \/><\/a> <a href=\"https:\/\/www.acapulcopress.com\/wp-content\/uploads\/2025\/11\/denguegto3.jpg\"><img loading=\"lazy\" decoding=\"async\" class=\"alignnone wp-image-1261538 size-full\" src=\"https:\/\/www.acapulcopress.com\/wp-content\/uploads\/2025\/11\/denguegto3.jpg\" alt=\"\" width=\"1600\" height=\"1204\" srcset=\"https:\/\/www.acapulcopress.com\/wp-content\/uploads\/2025\/11\/denguegto3.jpg 1600w, https:\/\/www.acapulcopress.com\/wp-content\/uploads\/2025\/11\/denguegto3-300x226.jpg 300w, https:\/\/www.acapulcopress.com\/wp-content\/uploads\/2025\/11\/denguegto3-1024x771.jpg 1024w, https:\/\/www.acapulcopress.com\/wp-content\/uploads\/2025\/11\/denguegto3-768x578.jpg 768w, https:\/\/www.acapulcopress.com\/wp-content\/uploads\/2025\/11\/denguegto3-1536x1156.jpg 1536w, https:\/\/www.acapulcopress.com\/wp-content\/uploads\/2025\/11\/denguegto3-580x436.jpg 580w, https:\/\/www.acapulcopress.com\/wp-content\/uploads\/2025\/11\/denguegto3-860x647.jpg 860w, https:\/\/www.acapulcopress.com\/wp-content\/uploads\/2025\/11\/denguegto3-1160x873.jpg 1160w, https:\/\/www.acapulcopress.com\/wp-content\/uploads\/2025\/11\/denguegto3-1320x993.jpg 1320w\" sizes=\"auto, (max-width: 1600px) 100vw, 1600px\" \/><\/a> <a href=\"https:\/\/www.acapulcopress.com\/wp-content\/uploads\/2025\/11\/denguegto.jpg\"><img loading=\"lazy\" decoding=\"async\" class=\"alignnone wp-image-1261536 \" src=\"https:\/\/www.acapulcopress.com\/wp-content\/uploads\/2025\/11\/denguegto.jpg\" alt=\"\" width=\"997\" height=\"1773\" srcset=\"https:\/\/www.acapulcopress.com\/wp-content\/uploads\/2025\/11\/denguegto.jpg 899w, https:\/\/www.acapulcopress.com\/wp-content\/uploads\/2025\/11\/denguegto-300x534.jpg 300w, https:\/\/www.acapulcopress.com\/wp-content\/uploads\/2025\/11\/denguegto-576x1024.jpg 576w, https:\/\/www.acapulcopress.com\/wp-content\/uploads\/2025\/11\/denguegto-768x1366.jpg 768w, https:\/\/www.acapulcopress.com\/wp-content\/uploads\/2025\/11\/denguegto-864x1536.jpg 864w, https:\/\/www.acapulcopress.com\/wp-content\/uploads\/2025\/11\/denguegto-580x1032.jpg 580w, https:\/\/www.acapulcopress.com\/wp-content\/uploads\/2025\/11\/denguegto-860x1530.jpg 860w\" sizes=\"auto, (max-width: 997px) 100vw, 997px\" \/><\/a><\/p>\n<p><em>) <a href=\"http:\/\/fb.me\/steparious\" target=\"_blank\" rel=\"noopener\">fb.me\/steparious<\/a> ) <a href=\"http:\/\/fb.me\/acapulcopress\" target=\"_blank\" rel=\"noopener\">fb.me\/acapulcopress<\/a><\/em><\/p>\n","protected":false},"excerpt":{"rendered":"<p>CHILPANCINGO * 20 de noviembre 2025 ) Salud Guerrero Para proteger la salud de las familias guerrerenses y acercar los servicios m\u00e9dicos a las zonas prioritarias, la Secretar\u00eda de Salud Guerrero (SSG), por indicaciones de su titular, Alondra Garc\u00eda Carbajal, a trav\u00e9s de la Jurisdicci\u00f3n Sanitaria 04 Monta\u00f1a despleg\u00f3 un intenso operativo de prevenci\u00f3n y&#8230;<\/p>\n","protected":false},"author":1,"featured_media":1261543,"comment_status":"closed","ping_status":"open","sticky":false,"template":"","format":"standard","meta":{"footnotes":""},"categories":[2080],"tags":[3718,7067,18928],"class_list":["post-1261535","post","type-post","status-publish","format-standard","has-post-thumbnail","hentry","category-regiones-de-guerrero","tag-alondra-garcia-carbajal","tag-dengue","tag-jurisdiccion-sanitaria-04-montana-guerrero"],"_links":{"self":[{"href":"https:\/\/www.acapulcopress.com\/index.php\/wp-json\/wp\/v2\/posts\/1261535","targetHints":{"allow":["GET"]}}],"collection":[{"href":"https:\/\/www.acapulcopress.com\/index.php\/wp-json\/wp\/v2\/posts"}],"about":[{"href":"https:\/\/www.acapulcopress.com\/index.php\/wp-json\/wp\/v2\/types\/post"}],"author":[{"embeddable":true,"href":"https:\/\/www.acapulcopress.com\/index.php\/wp-json\/wp\/v2\/users\/1"}],"replies":[{"embeddable":true,"href":"https:\/\/www.acapulcopress.com\/index.php\/wp-json\/wp\/v2\/comments?post=1261535"}],"version-history":[{"count":1,"href":"https:\/\/www.acapulcopress.com\/index.php\/wp-json\/wp\/v2\/posts\/1261535\/revisions"}],"predecessor-version":[{"id":1261544,"href":"https:\/\/www.acapulcopress.com\/index.php\/wp-json\/wp\/v2\/posts\/1261535\/revisions\/1261544"}],"wp:featuredmedia":[{"embeddable":true,"href":"https:\/\/www.acapulcopress.com\/index.php\/wp-json\/wp\/v2\/media\/1261543"}],"wp:attachment":[{"href":"https:\/\/www.acapulcopress.com\/index.php\/wp-json\/wp\/v2\/media?parent=1261535"}],"wp:term":[{"taxonomy":"category","embeddable":true,"href":"https:\/\/www.acapulcopress.com\/index.php\/wp-json\/wp\/v2\/categories?post=1261535"},{"taxonomy":"post_tag","embeddable":true,"href":"https:\/\/www.acapulcopress.com\/index.php\/wp-json\/wp\/v2\/tags?post=1261535"}],"curies":[{"name":"wp","href":"https:\/\/api.w.org\/{rel}","templated":true}]}}