{"id":1261552,"date":"2025-11-21T07:11:16","date_gmt":"2025-11-21T13:11:16","guid":{"rendered":"https:\/\/www.acapulcopress.com\/?p=1261552"},"modified":"2025-11-21T07:11:16","modified_gmt":"2025-11-21T13:11:16","slug":"ruben-figueroa-cacique-clasico-de-la-vieja-guardia","status":"publish","type":"post","link":"https:\/\/www.acapulcopress.com\/index.php\/2025\/11\/21\/ruben-figueroa-cacique-clasico-de-la-vieja-guardia\/","title":{"rendered":"Rub\u00e9n Figueroa, cacique cl\u00e1sico de la vieja guardia"},"content":{"rendered":"<p>Marem\u00e1gnum<br \/>\n\u00bb <a href=\"https:\/\/www.facebook.com\/ricardocastill01\" target=\"_blank\" rel=\"noopener\"><strong>RICARDO<\/strong> | <strong>CASTILLO BARRIENTOS9456<\/strong><\/a><br \/>\n<em>) Acapulco Press<\/em><\/p>\n<p>El ex gobernador <strong>Rub\u00e9n Figueroa Figueroa<\/strong> fue un personaje fuera de serie en la pol\u00edtica chicharronera mexicana, perteneci\u00f3 a la vieja guardia de los caciques potosinos, Gonzalo N. Santos y Saturnino Cedillo; Maximino \u00c1vila Camacho, en Puebla; Rodolfo S\u00e1nchez Taboada, en Baja California; Chema Guti\u00e9rrez, en Chiapas; Manuel S\u00e1nchez Vite, en Hidalgo; los guerrerenses Juan Andrew Almaz\u00e1n y los hermanos Figueroa.<\/p>\n<p>La \u00e9poca de los a\u00f1os setentas cerr\u00f3 el ciclo de los caciques cl\u00e1sicos, dando paso a una nueva generaci\u00f3n de caciques m\u00e1s modernos e instruidos que sus antecesores.<\/p>\n<p>El senador Rub\u00e9n Figueroa Figueroa, una vez nominado candidato a la gubernatura del estado, tuvo la osad\u00eda de conseguir una entrevista personal con el l\u00edder guerrillero Lucio Caba\u00f1as Barrientos, a trav\u00e9s de su pariente, el reconocido marxista leninista, Febronio D\u00edaz Figueroa, con los t\u00edos de Lucio, Pascual y Pablo Caba\u00f1as Ocampo.<\/p>\n<p>Figueroa ten\u00eda como objetivo que el dirigente del <strong>Partido De Los Pobres (PDLP)<\/strong>, depusiera las armas, sin lograrlo debido a tensas negociaciones fallidas que sostenidas en la Sierra de Atoyac, no aceptando la liberaci\u00f3n de todos los presos pol\u00edticos del pa\u00eds y armamento de alto poder, por ser de incumbencia del gobierno federal. Solo acept\u00f3 la entrega de 50 millones de pesos por conducto del obispo de Cuernavaca, <strong>Sergio M\u00e9ndez Arceo<\/strong>,<\/p>\n<p>Por esta situaci\u00f3n se le retuvo por m\u00e1s de <strong>100 d\u00edas<\/strong>, hasta su intempestiva liberaci\u00f3n por el Ej\u00e9rcito Mexicano, junto a Febronio D\u00edaz Figueroa y Gloria Brito, en estado de gravidez.<\/p>\n<p>A partir de entonces se desat\u00f3 una feroz persecuci\u00f3n hasta desarticular al <strong>PDLP<\/strong> y el ocaso fatal del comandante Lucio Caba\u00f1as, quien dio su vida en aras de la justicia social y contra la desigualdad, luchando por una sociedad m\u00e1s justa para todos los mexicanos.<\/p>\n<p>Durante su mandato nombr\u00f3 al coronel <strong>Mario Arturo Acosta Chaparro<\/strong>, <strong>Jefe de Todas las Polic\u00edas Habidas y Por Haber,<\/strong> en el estado de Guerrero (ese fue el nombramiento), integradas por la Polic\u00eda Judicial, Polic\u00eda del Estado y de Acapulco y otras; ten\u00eda estrecha relaci\u00f3n con el Ej\u00e9rcito Mexicano, sobre los macabros \u201c<strong>vuelos de la muerte<\/strong>\u201d, part\u00edan de la Base A\u00e9rea Militar de Pie de la Cuesta, oscura etapa de la \u201c<strong>guerra sucia<\/strong>\u201d de la d\u00e9cada de los 70s.<\/p>\n<p>Figueroa Figueroa gobern\u00f3 de <strong>1975 a 1981<\/strong>, con claroscuros muy marcados. En el plano administrativo y obras p\u00fablicas tuvo aciertos trascendentes: En materia de seguridad p\u00fablica, con \u201cmano dura\u201d logr\u00f3 pacificar a la entidad a muy alto costo, por la infinidad de p\u00e9rdidas de vidas de disidentes, delincuentes y personas de todo tipo.<\/p>\n<p>El tema viene a cuento por la controversia generada del acto c\u00edvico de aniversario del natalicio de Rub\u00e9n Figueroa. Como todos los actos fue organizado por la Direcci\u00f3n de Actividades C\u00edvicas de la Secretar\u00eda de Cultura del Gobierno del Estado, con la asistencia de un representante de tercer nivel; el delegado de Gobierno Regi\u00f3n Norte,\u00a0 Rodolfo Mart\u00ednez M\u00e9ndez; desencadenando furiosa inconformidad de grupos radicales de izquierda y colectivos culturales, quienes piden la renuncia de la Titular, A\u00edda Melina Mart\u00ednez Rebolledo, tambi\u00e9n exigen una disculpa p\u00fablica de la gobernadora, Evelyn Salgado Pineda.<\/p>\n<p>Jur\u00eddicamente no procede ni una, ni otra exigencia; al menos que la presi\u00f3n pol\u00edtica se imponga por sus fueros, como algunas veces sucede en la pol\u00edtica.<\/p>\n<p><strong>Marea Baja.-<\/strong> Hiperactivo como siempre, el ameritado jurista guerrerense, Magistrado Jes\u00fas Mart\u00ednez Garnelo, compartir\u00e1 sus conocimientos y experiencias jur\u00eddicas en el <strong>II\u00a0 Congreso Internacional de Derecho<\/strong>, a celebrarse este d\u00eda, en el Poliforo Cultural Universitario de la Universidad Aut\u00f3noma de Baja California Sur, en la ciudad de La Paz, a partir de las ocho de la ma\u00f1ana.<\/p>\n<p>El magno evento es organizado por la Academia Mexicana de Derecho \u201cJuan Vel\u00e1zquez, A.C.\u201d, donde participar\u00e1n ponentes de excelencia como nuestro connotado paisano Mart\u00ednez Garnelo, quien ha publicado m\u00e1s de una decena de libros especializados en Derecho y Seguridad P\u00fablica, cuyos textos jur\u00eddicos son obligatorios en varias facultades de Derecho de Universidades Mexicanas y extranjeras.<\/p>\n<p><strong>Marea Alta.-<\/strong> La ex alcaldesa chilpancingue\u00f1a, Norma Otilia Hern\u00e1ndez Mart\u00ednez, qui\u00e9n se hizo famosa a nivel nacional por el video filtrado de la reuni\u00f3n que sostuvo con el capo Celso Ortega, no se qued\u00f3 cruzada de brazos y trabaj\u00f3 arduamente en la edici\u00f3n de un libro que denomin\u00f3 \u201c<strong>La Trampa Perfecta<\/strong>\u201d, donde revela su verdad sobre su controvertida reuni\u00f3n que se hizo p\u00fablica, con la desaprobaci\u00f3n de la dirigencia nacional morenista y la opini\u00f3n p\u00fablica.<\/p>\n<p>Este 30 de noviembre la <em>T\u00eda Otis<\/em>, har\u00e1 la presentaci\u00f3n de su libro, conjuntamente con el experimentado periodista en temas del <strong>Crimen<\/strong> <strong>Organizado, J Jes\u00fas Lemus<\/strong>, en la <strong>Feria Internacional del Libro,<\/strong> en Guadalajara, que promete estar muy interesante y m\u00e1s para los incr\u00e9dulos que juzgaron sin miramiento a la ingenua alcaldesa capitalina, quien fue sorprendida por su novatez pol\u00edtica que est\u00e1 pagando muy caro en su partido pol\u00edtico y la sociedad guerrerense.<\/p>\n<p><strong>Maremoto.-<\/strong> Siempre ha sido una fea costumbre de la pol\u00edtica en los tres niveles de gobierno, echar la culpa de todos los males a los gobiernos que antecedieron a las autoridades actuales, sin que procedan legalmente contra los ex titulares por los supuestos actos de corrupci\u00f3n cometidos durante sus mandatos constitucionales.<\/p>\n<p>Es el caso de la alcaldesa porte\u00f1a, Abelina L\u00f3pez Rodr\u00edguez, que reiteradamente se\u00f1ala al <em>chaparrito cabr\u00f3n<\/em>, senador Manuel A\u00f1orve, como el culpable de no poder levantar su administraci\u00f3n, cuando hace m\u00e1s de 10 a\u00f1os estuvo al frente de la presidencia municipal<\/p>\n<p>Pero como el <em>chaparrito cabr\u00f3n<\/em> no esta manco y ni cojo, se le fue a la yugular a la alcaldesa, exigi\u00e9ndole aclare el destino de los 900 millones de pesos que permanecen en el limbo y los motivos de la escasez de agua, por lo que se gan\u00f3 el repudio cuasi generalizado en la inauguraci\u00f3n y clausura del <strong>Festival de la Nao<\/strong>. Y eso que el pueblo ama a la <em>T\u00eda Abe<\/em>, porque si no, ya la hubieran linchado.<br \/>\n<em>) <a href=\"http:\/\/fb.me\/steparious\" target=\"_blank\" rel=\"noopener\">fb.me\/steparious<\/a> ) <a href=\"http:\/\/fb.me\/acapulcopress\" target=\"_blank\" rel=\"noopener\">fb.me\/acapulcopress<\/a><\/em><\/p>\n","protected":false},"excerpt":{"rendered":"<p>Ricardo Castillo | Rub\u00e9n Figueroa Figueroa fue un personaje fuera de serie en la pol\u00edtica mexicana, perteneci\u00f3 a la vieja guardia de los caciques potosinos<\/p>\n","protected":false},"author":1,"featured_media":1261553,"comment_status":"closed","ping_status":"open","sticky":false,"template":"","format":"standard","meta":{"footnotes":""},"categories":[2071,1991],"tags":[12503,15575,15856],"class_list":["post-1261552","post","type-post","status-publish","format-standard","has-post-thumbnail","hentry","category-opinion-analisis-columnas","category-libertad-de-expresion","tag-maremagnum","tag-ricardo-castillo-barrientos","tag-ruben-figueroa-figueroa"],"_links":{"self":[{"href":"https:\/\/www.acapulcopress.com\/index.php\/wp-json\/wp\/v2\/posts\/1261552","targetHints":{"allow":["GET"]}}],"collection":[{"href":"https:\/\/www.acapulcopress.com\/index.php\/wp-json\/wp\/v2\/posts"}],"about":[{"href":"https:\/\/www.acapulcopress.com\/index.php\/wp-json\/wp\/v2\/types\/post"}],"author":[{"embeddable":true,"href":"https:\/\/www.acapulcopress.com\/index.php\/wp-json\/wp\/v2\/users\/1"}],"replies":[{"embeddable":true,"href":"https:\/\/www.acapulcopress.com\/index.php\/wp-json\/wp\/v2\/comments?post=1261552"}],"version-history":[{"count":1,"href":"https:\/\/www.acapulcopress.com\/index.php\/wp-json\/wp\/v2\/posts\/1261552\/revisions"}],"predecessor-version":[{"id":1261554,"href":"https:\/\/www.acapulcopress.com\/index.php\/wp-json\/wp\/v2\/posts\/1261552\/revisions\/1261554"}],"wp:featuredmedia":[{"embeddable":true,"href":"https:\/\/www.acapulcopress.com\/index.php\/wp-json\/wp\/v2\/media\/1261553"}],"wp:attachment":[{"href":"https:\/\/www.acapulcopress.com\/index.php\/wp-json\/wp\/v2\/media?parent=1261552"}],"wp:term":[{"taxonomy":"category","embeddable":true,"href":"https:\/\/www.acapulcopress.com\/index.php\/wp-json\/wp\/v2\/categories?post=1261552"},{"taxonomy":"post_tag","embeddable":true,"href":"https:\/\/www.acapulcopress.com\/index.php\/wp-json\/wp\/v2\/tags?post=1261552"}],"curies":[{"name":"wp","href":"https:\/\/api.w.org\/{rel}","templated":true}]}}