{"id":1261555,"date":"2025-11-21T09:05:37","date_gmt":"2025-11-21T15:05:37","guid":{"rendered":"https:\/\/www.acapulcopress.com\/?p=1261555"},"modified":"2025-11-21T09:05:37","modified_gmt":"2025-11-21T15:05:37","slug":"si-se-vale-sonar-abelina","status":"publish","type":"post","link":"https:\/\/www.acapulcopress.com\/index.php\/2025\/11\/21\/si-se-vale-sonar-abelina\/","title":{"rendered":"S\u00ed&#8230; \u00abse vale so\u00f1ar\u00bb, Abelina"},"content":{"rendered":"<p>E d i t o r i a l<strong><br \/>\n<\/strong>SIN DA\u00d1OS A TERCEROS<\/p>\n<p>Con una leve sonrisa y parpadeante, tras breves segundos de pausa, <strong><span class=\"xv78j7m\" spellcheck=\"false\">Abelina L\u00f3pez Rodr\u00edguez<\/span><\/strong> respondi\u00f3 monos\u00edlaba y con sorna: \u00abSe vale so\u00f1ar\u00bb.<\/p>\n<p>Le hab\u00edan solicitado su opini\u00f3n en torno a <strong><span class=\"xv78j7m\" spellcheck=\"false\">Ricardo Salinas M\u00e9ndez<\/span><\/strong>, oficial mayor de la Secretar\u00eda de Finanzas del Gobierno del Estado, quien ya en medios nacionales ha comenzado a ser mencionado como el m\u00e1s fuerte aspirante de Morena y m\u00e1s viable sucesor en la presidencia de Acapulco para 2027.<\/p>\n<p>Desde luego, Abelina no pod\u00eda tener otra respuesta que la obvia, pues no es un secreto que su m\u00e1ximo anhelo es dejar a su &#8216;amada&#8217; escudera de andanzas pol\u00edticas, <span class=\"xv78j7m\" spellcheck=\"false\">#<strong>Leticia<\/strong><\/span><strong> Lozano Zavala<\/strong>, como su heredera, motivo por el cual tuvo que recurrir a su expadrino de reelecci\u00f3n en 2024, <span class=\"xv78j7m\" spellcheck=\"false\">Marcelo Ebrard<\/span> Casaub\u00f3n, con quien finalmente rompi\u00f3 relaciones pol\u00edticas en julio de este a\u00f1o cuando el actual secretario de Econom\u00eda le dijo, de tajo, \u00abNO\u00bb a la imposici\u00f3n de Leticia Lozano como candidata por <span class=\"xv78j7m\" spellcheck=\"false\">Morena<\/span> a la presidencia de Acapulco en 2027, debido a que en la mira del exaspirante presidencial figuraba <strong><span class=\"xv78j7m\" spellcheck=\"false\">Lloyd Walton<\/span> \u00c1lvarez<\/strong>, actual delegado de la Unidad de Atenci\u00f3n a Corredores del Bienestar en Guerrero e hijo de su gran amigo<strong> <span class=\"xv78j7m\" spellcheck=\"false\">Luis Walton Aburto<\/span> <\/strong>(+), con quien Ebrard sostuvo una lealtad y amistad moral m\u00e1s all\u00e1 del aspecto pol\u00edtico.<\/p>\n<p>Personas muy allegadas a Abelina L\u00f3pez y la familia Walton corroboraron el encuentro convocado por la alcaldesa ya reelecta de Acapulco a principios de a\u00f1o, en el cual el tema principal fue la candidatura a la gubernatura para Abelina y la presidencia municipal de Acapulco para Leticia.<\/p>\n<p>Testigos oculares del suceso narran que los \u00e1nimos se caldearon cuando Abelina L\u00f3pez escuch\u00f3 la tajante negativa de Ebrard de apoyarla nuevamente para que fuera candidata a gobernadora, y m\u00e1s a\u00fan, cuando Marcelo le dijo firme, seco y voz resonante que \u00abno\u00bb insistiera en la petici\u00f3n de hacer presidenta de Acapulco a Leticia, porque no estaba capacitada y porque no figuraba en su lista de personas a las cuales brindar\u00eda su apoyo.<\/p>\n<p>Acto seguido, Marcelo se levant\u00f3 de la mesa de di\u00e1logos y se fue&#8230; sin voltear, pese a los balbuceos de enojo de Abelina L\u00f3pez contra su expadrino pol\u00edtico.<\/p>\n<p>Desde entonces, Abelina no ha cejado en sus intentos por conseguir dejar a su amada Leticia como su sucesora, aunque su suplente y secretaria general, a la vez, no tiene madera de pol\u00edtica, ni carisma humano para asumir tan responsable encargo, tal como se\u00f1al\u00f3 Marcelo.<\/p>\n<p>El despotismo y la soberbia que caracteriza a Leticia Lozano son las dos m\u00e1s grandes murallas que le impiden siquiera aspirar a ser precandidata. Es una copia fiel de Abelina L\u00f3pez, quien cada vez m\u00e1s se gana el repudio popular hasta en eventos internacionales que ella organiza y patrocina.<\/p>\n<p>A esto hay que a\u00f1adirle que ni Abelina L\u00f3pez ni Leticia Lozano figuran, siquiera, en las simpat\u00edas de la presidente <strong><span class=\"xv78j7m\" spellcheck=\"false\">Claudia Sheinbaum Pardo<\/span><\/strong>. Los reveces recibidos en las recientes visitas al puerto demuestran lo que no necesita detalles ni palabras. Simplemente no est\u00e1 en la foto donde todos salen, menos la soberbia, instransparente, nepotista y omisa Abelina.<\/p>\n<p>Aunque la han metido en las encuestas, la &#8216;maestra&#8217; Leticia jam\u00e1s ha podido superar a figuras como <strong><span class=\"xv78j7m\" spellcheck=\"false\">Beatriz Mojica<\/span><\/strong>, <strong><span class=\"xv78j7m\" spellcheck=\"false\">Yoshio Avila<\/span><\/strong>, <strong><span class=\"xv78j7m\" spellcheck=\"false\">Luisa Fontova<\/span><\/strong>, <strong><span class=\"xv78j7m\" spellcheck=\"false\">Julieta Fern\u00e1ndez<\/span><\/strong>, <strong><span class=\"xv78j7m\" spellcheck=\"false\">Pablo Am\u00edlcar Sandoval<\/span><\/strong> o siquiera a <strong><span class=\"xv78j7m\" spellcheck=\"false\">Genaro V\u00e1zquez Flores<\/span><\/strong>, el tres veces regidor por el PT (2012), PRI (2021) y Morena (2024), que no ha dejado de so\u00f1ar con la presidencia de Acapulco&#8230; aunque haberse aliado con Abelina L\u00f3pez fue el &#8216;escopetazo&#8217; en el tal\u00f3n que lo dej\u00f3 mal parado en sus intenciones.<\/p>\n<p>M\u00e1s de una vez se ha escrito en redes sociales que la \u00fanica forma que Leticia Lozano sea alcaldesa es por la v\u00eda del \u00abinterinato\u00bb, porque por la ruta constitucional \u00abAbelina es la que debe seguir so\u00f1ando\u00bb, sobre todo cuando de quien esboza que &#8216;se vale so\u00f1ar&#8217; est\u00e1 comenzando a posicionarse por encima de todos los que aspiran la presidencia de Acapulco en 2027&#8230; sue\u00f1o que a Leticia, por cierto, le queda muy, muy grande y distante, tal como a Abelina la gubernatura de Guerrero.<\/p>\n<p><em>Sin da\u00f1os a terceros.<\/p>\n<p>) <a href=\"http:\/\/fb.me\/steparious\" target=\"_blank\" rel=\"noopener\">fb.me\/steparious<\/a> ) <a href=\"http:\/\/fb.me\/acapulcopress\" target=\"_blank\" rel=\"noopener\">fb.me\/acapulcopress<\/a><br \/>\n<\/em><\/p>\n","protected":false},"excerpt":{"rendered":"<p>Con una leve sonrisa y parpadeante, tras breves segundos de pausa, Abelina L\u00f3pez Rodr\u00edguez respondi\u00f3 monos\u00edlaba y con sorna: \u00abSe vale so\u00f1ar\u00bb.<\/p>\n","protected":false},"author":1,"featured_media":1261556,"comment_status":"closed","ping_status":"open","sticky":false,"template":"","format":"standard","meta":{"footnotes":""},"categories":[1991,2008],"tags":[3077,4636,5853,9132,18930,11792,12024,18929,14122,15598,18271],"class_list":["post-1261555","post","type-post","status-publish","format-standard","has-post-thumbnail","hentry","category-libertad-de-expresion","category-editorial","tag-abelina-lopez-rodriguez","tag-beatriz-mojica","tag-claudia-sheinbaum-pardo","tag-genaro-vazquez-flores","tag-julieta-fernandez","tag-leticia-lozano-zavala","tag-lloyd-walton-alvarez","tag-luisa-fontova","tag-pablo-amilcar-sandoval","tag-ricardo-salinas-mendez","tag-yoshio-avila"],"_links":{"self":[{"href":"https:\/\/www.acapulcopress.com\/index.php\/wp-json\/wp\/v2\/posts\/1261555","targetHints":{"allow":["GET"]}}],"collection":[{"href":"https:\/\/www.acapulcopress.com\/index.php\/wp-json\/wp\/v2\/posts"}],"about":[{"href":"https:\/\/www.acapulcopress.com\/index.php\/wp-json\/wp\/v2\/types\/post"}],"author":[{"embeddable":true,"href":"https:\/\/www.acapulcopress.com\/index.php\/wp-json\/wp\/v2\/users\/1"}],"replies":[{"embeddable":true,"href":"https:\/\/www.acapulcopress.com\/index.php\/wp-json\/wp\/v2\/comments?post=1261555"}],"version-history":[{"count":1,"href":"https:\/\/www.acapulcopress.com\/index.php\/wp-json\/wp\/v2\/posts\/1261555\/revisions"}],"predecessor-version":[{"id":1261557,"href":"https:\/\/www.acapulcopress.com\/index.php\/wp-json\/wp\/v2\/posts\/1261555\/revisions\/1261557"}],"wp:featuredmedia":[{"embeddable":true,"href":"https:\/\/www.acapulcopress.com\/index.php\/wp-json\/wp\/v2\/media\/1261556"}],"wp:attachment":[{"href":"https:\/\/www.acapulcopress.com\/index.php\/wp-json\/wp\/v2\/media?parent=1261555"}],"wp:term":[{"taxonomy":"category","embeddable":true,"href":"https:\/\/www.acapulcopress.com\/index.php\/wp-json\/wp\/v2\/categories?post=1261555"},{"taxonomy":"post_tag","embeddable":true,"href":"https:\/\/www.acapulcopress.com\/index.php\/wp-json\/wp\/v2\/tags?post=1261555"}],"curies":[{"name":"wp","href":"https:\/\/api.w.org\/{rel}","templated":true}]}}