{"id":1261591,"date":"2025-11-24T17:58:00","date_gmt":"2025-11-24T23:58:00","guid":{"rendered":"https:\/\/www.acapulcopress.com\/?p=1261591"},"modified":"2025-11-24T17:58:00","modified_gmt":"2025-11-24T23:58:00","slug":"el-desarrollo-de-la-mineria-acompanada-de-la-justicia-social-evelyn-salgado","status":"publish","type":"post","link":"https:\/\/www.acapulcopress.com\/index.php\/2025\/11\/24\/el-desarrollo-de-la-mineria-acompanada-de-la-justicia-social-evelyn-salgado\/","title":{"rendered":"El desarrollo de la miner\u00eda, acompa\u00f1ada de la justicia social | Evelyn Salgado"},"content":{"rendered":"<p>Tercera V\u00eda<br \/>\n\u00bb <a href=\"https:\/\/www.facebook.com\/profile.php?id=100029214670744\" target=\"_blank\" rel=\"noopener\"><strong>ERNESTO<\/strong> | <strong>RIVERA RODR\u00cdGUEZ<\/strong><\/a><\/p>\n<p>* La minas Carrizalillo y Dos Filos continuar\u00e1n sus operaciones<\/p>\n<p>Ante la declaraci\u00f3n del Secretario de Econom\u00eda, <strong>Marcelo Ebrad<\/strong> de reanudar las exploraciones mineras a gran escala en 2026, y acelerar los permisos pendientes, la gobernadora <strong>Evelyn Cesia Salgado Pineda<\/strong>, apunt\u00f3, que la miner\u00eda en Guerrero debe crecer con sostenibilidad y Justicia social, durante la inauguraci\u00f3n de la 36 Convencion Internacional de Miner\u00eda.<\/p>\n<p>En el evento llevado a cabo en Acapulco, la gobernadora indic\u00f3 que Guerrero ocupa el 5o lugar nacional en la miner\u00eda metal\u00fargica y representa el 3.8 por ciento del producto interno bruto del estado, generando anualmente 10 mil millones de pesos, y 10 mil empleos directos e indirectos.<\/p>\n<p>El sector minero genera 261 mil millones de pesos anuales destac\u00f3 <strong>Pedro Rivero Gonz\u00e1lez<\/strong>, presidente de la C\u00e1mara Minera de M\u00e9xico, fortaleciendo con ello el Tratado de Libre Comercio, entre Estados Unidos y Canad\u00e1, indicando que es el motor esencial para el bienestar del desarrollo de m\u00e1s de 690 comunidades en el pa\u00eds.<\/p>\n<p>Nos sentimos extraordinariamete orgullosos de lo que hemos hecho en la regi\u00f3n, expres\u00f3 el vicepresidente senior M\u00e9xico de Equinox Gold, Armando Ortega G\u00f3mez, continuamos trabajando por lograr los acuerdos con los habitantes del ejido Carrizalillos y con las operaciones en la mina Dos Filos, tenemos historia al desarrollo de esas comunidades con las que tenemos una alianza, Xochipala y Mezcala.<\/p>\n<p><strong>Las demandas<\/strong><\/p>\n<p>Qu\u00e9 sucede con el Fondo Minero?<\/p>\n<p>No se sabe en que usa el gobierno federal esos fondos que entregan, precis\u00f3 el presidente nacional de Ingenieros de Minas, Ruben de Jes\u00fas del Pozo Mendoza. El reporte indica que en el 2024 se aportaron al Fondo Minero 6 mil 226 millones de pesos. Desde el 2018 que asumi\u00f3 el poder el expresidente Andr\u00e9s Manuel L\u00f3pez Obrador, no se tienen m\u00e1s datos. Decretandose el 6 de noviembre del 2020 la extinci\u00f3n de 118 Fondos y Fideicomisos, entre estos el Fondo Minero.<\/p>\n<p>La inseguridad es hoy por hoy un problema permanente y creciente, que golpea los costos de las mineras, reconoci\u00f3 la Camimex, y reconocieron que hay algunas minas, -sin dar nombres- que ante esta situaci\u00f3n se han visto en la necesidad de cerrar sus operaciones.<\/p>\n<p>El costo de la inseguridad y la situaci\u00f3n que enfrentan las mineras en el pa\u00eds, ante la operaci\u00f3n de los grupos criminales, subrayaron, que No se tiene cuantificado lo que se destina para que las empresas operen.<\/p>\n<p><em>* ) <a href=\"http:\/\/fb.me\/steparious\" target=\"_blank\" rel=\"noopener\">fb.me\/steparious<\/a> * ) <a href=\"http:\/\/fb.me\/acapulcopress\" target=\"_blank\" rel=\"noopener\">fb.me\/acapulcopress<\/a><\/em><\/p>\n","protected":false},"excerpt":{"rendered":"<p>Ernesto Rivera | Ante la declaraci\u00f3n del Secretario de Econom\u00eda, Marcelo Ebrad de reanudar las exploraciones mineras a gran escala en 2026,<\/p>\n","protected":false},"author":1,"featured_media":1261592,"comment_status":"closed","ping_status":"open","sticky":false,"template":"","format":"standard","meta":{"footnotes":""},"categories":[2071,1991],"tags":[18933,18934,8063,8251],"class_list":["post-1261591","post","type-post","status-publish","format-standard","has-post-thumbnail","hentry","category-opinion-analisis-columnas","category-libertad-de-expresion","tag-36-convencion-internacional-de-mineria","tag-camara-minera-de-mexico","tag-ernesto-rivera-rodriguez","tag-evelyn-salgado-pineda"],"_links":{"self":[{"href":"https:\/\/www.acapulcopress.com\/index.php\/wp-json\/wp\/v2\/posts\/1261591","targetHints":{"allow":["GET"]}}],"collection":[{"href":"https:\/\/www.acapulcopress.com\/index.php\/wp-json\/wp\/v2\/posts"}],"about":[{"href":"https:\/\/www.acapulcopress.com\/index.php\/wp-json\/wp\/v2\/types\/post"}],"author":[{"embeddable":true,"href":"https:\/\/www.acapulcopress.com\/index.php\/wp-json\/wp\/v2\/users\/1"}],"replies":[{"embeddable":true,"href":"https:\/\/www.acapulcopress.com\/index.php\/wp-json\/wp\/v2\/comments?post=1261591"}],"version-history":[{"count":1,"href":"https:\/\/www.acapulcopress.com\/index.php\/wp-json\/wp\/v2\/posts\/1261591\/revisions"}],"predecessor-version":[{"id":1261593,"href":"https:\/\/www.acapulcopress.com\/index.php\/wp-json\/wp\/v2\/posts\/1261591\/revisions\/1261593"}],"wp:featuredmedia":[{"embeddable":true,"href":"https:\/\/www.acapulcopress.com\/index.php\/wp-json\/wp\/v2\/media\/1261592"}],"wp:attachment":[{"href":"https:\/\/www.acapulcopress.com\/index.php\/wp-json\/wp\/v2\/media?parent=1261591"}],"wp:term":[{"taxonomy":"category","embeddable":true,"href":"https:\/\/www.acapulcopress.com\/index.php\/wp-json\/wp\/v2\/categories?post=1261591"},{"taxonomy":"post_tag","embeddable":true,"href":"https:\/\/www.acapulcopress.com\/index.php\/wp-json\/wp\/v2\/tags?post=1261591"}],"curies":[{"name":"wp","href":"https:\/\/api.w.org\/{rel}","templated":true}]}}