{"id":1261601,"date":"2025-11-24T19:12:46","date_gmt":"2025-11-25T01:12:46","guid":{"rendered":"https:\/\/www.acapulcopress.com\/?p=1261601"},"modified":"2025-11-24T19:27:04","modified_gmt":"2025-11-25T01:27:04","slug":"cumplimento-ricardo-salinas-su-compromiso-constitucional-ante-el-congreso-de-guerrero","status":"publish","type":"post","link":"https:\/\/www.acapulcopress.com\/index.php\/2025\/11\/24\/cumplimento-ricardo-salinas-su-compromiso-constitucional-ante-el-congreso-de-guerrero\/","title":{"rendered":"Cumpliment\u00f3 Ricardo Salinas su compromiso constitucional ante el Congreso de Guerrero"},"content":{"rendered":"<p>CHILPANCINGO * 24 de noviembre 2025<br \/>\n<em>) LXVI Legislatura | Guerrero<\/em><br \/>\nEn cumplimiento con su responsabilidad constitucional de fortalecer el balance entre poderes y garantizar la claridad financiera en el ejercicio p\u00fablico, el Oficial Mayor de la Secretar\u00eda de Finanzas y Administraci\u00f3n del estado, <strong>Ricardo Salinas M\u00e9ndez<\/strong>, asisti\u00f3 ante el Pleno del Congreso del Estado de Guerrero en el contexto de los trabajos de la Glosa del <em>Cuarto Informe <\/em>de la Gobernadora<strong> Evelyn Salgado Pineda<\/strong>, mecanismo que reafirma la rendici\u00f3n de cuentas y la institucionalidad en Guerrero.<\/p>\n<p><a href=\"https:\/\/www.acapulcopress.com\/wp-content\/uploads\/2025\/11\/ricardo-salinas3.jpg\"><img loading=\"lazy\" decoding=\"async\" class=\"alignnone wp-image-1261604 \" src=\"https:\/\/www.acapulcopress.com\/wp-content\/uploads\/2025\/11\/ricardo-salinas3-853x880.jpg\" alt=\"\" width=\"995\" height=\"1026\" \/><\/a><\/p>\n<p><a href=\"https:\/\/www.acapulcopress.com\/wp-content\/uploads\/2025\/11\/ricardo-salinas2.jpg\"><img loading=\"lazy\" decoding=\"async\" class=\"alignnone wp-image-1261603 size-full\" src=\"https:\/\/www.acapulcopress.com\/wp-content\/uploads\/2025\/11\/ricardo-salinas2.jpg\" alt=\"\" width=\"1280\" height=\"848\" srcset=\"https:\/\/www.acapulcopress.com\/wp-content\/uploads\/2025\/11\/ricardo-salinas2.jpg 1280w, https:\/\/www.acapulcopress.com\/wp-content\/uploads\/2025\/11\/ricardo-salinas2-300x199.jpg 300w, https:\/\/www.acapulcopress.com\/wp-content\/uploads\/2025\/11\/ricardo-salinas2-1024x678.jpg 1024w, https:\/\/www.acapulcopress.com\/wp-content\/uploads\/2025\/11\/ricardo-salinas2-768x509.jpg 768w, https:\/\/www.acapulcopress.com\/wp-content\/uploads\/2025\/11\/ricardo-salinas2-580x384.jpg 580w, https:\/\/www.acapulcopress.com\/wp-content\/uploads\/2025\/11\/ricardo-salinas2-860x570.jpg 860w, https:\/\/www.acapulcopress.com\/wp-content\/uploads\/2025\/11\/ricardo-salinas2-1160x769.jpg 1160w\" sizes=\"auto, (max-width: 1280px) 100vw, 1280px\" \/><\/a><\/p>\n<p><em>* ) <a href=\"http:\/\/fb.me\/steparious\" target=\"_blank\" rel=\"noopener\">fb.me\/steparious<\/a> * ) <a href=\"http:\/\/fb.me\/acapulcopress\" target=\"_blank\" rel=\"noopener\">fb.me\/acapulcopress<\/a><\/em><\/p>\n","protected":false},"excerpt":{"rendered":"<p>CHILPANCINGO * 24 de noviembre 2025 ) LXVI Legislatura | Guerrero En cumplimiento con su responsabilidad constitucional de fortalecer el balance entre poderes y garantizar la claridad financiera en el ejercicio p\u00fablico, el Oficial Mayor de la Secretar\u00eda de Finanzas y Administraci\u00f3n del estado, Ricardo Salinas M\u00e9ndez, asisti\u00f3 ante el Pleno del Congreso del Estado&#8230;<\/p>\n","protected":false},"author":1,"featured_media":1261602,"comment_status":"closed","ping_status":"open","sticky":false,"template":"","format":"standard","meta":{"footnotes":""},"categories":[2037,61],"tags":[18937,8251,15598],"class_list":["post-1261601","post","type-post","status-publish","format-standard","has-post-thumbnail","hentry","category-congreso-de-guerrero","category-legislacion","tag-cuarto-informe-de-gobierno","tag-evelyn-salgado-pineda","tag-ricardo-salinas-mendez"],"_links":{"self":[{"href":"https:\/\/www.acapulcopress.com\/index.php\/wp-json\/wp\/v2\/posts\/1261601","targetHints":{"allow":["GET"]}}],"collection":[{"href":"https:\/\/www.acapulcopress.com\/index.php\/wp-json\/wp\/v2\/posts"}],"about":[{"href":"https:\/\/www.acapulcopress.com\/index.php\/wp-json\/wp\/v2\/types\/post"}],"author":[{"embeddable":true,"href":"https:\/\/www.acapulcopress.com\/index.php\/wp-json\/wp\/v2\/users\/1"}],"replies":[{"embeddable":true,"href":"https:\/\/www.acapulcopress.com\/index.php\/wp-json\/wp\/v2\/comments?post=1261601"}],"version-history":[{"count":4,"href":"https:\/\/www.acapulcopress.com\/index.php\/wp-json\/wp\/v2\/posts\/1261601\/revisions"}],"predecessor-version":[{"id":1261608,"href":"https:\/\/www.acapulcopress.com\/index.php\/wp-json\/wp\/v2\/posts\/1261601\/revisions\/1261608"}],"wp:featuredmedia":[{"embeddable":true,"href":"https:\/\/www.acapulcopress.com\/index.php\/wp-json\/wp\/v2\/media\/1261602"}],"wp:attachment":[{"href":"https:\/\/www.acapulcopress.com\/index.php\/wp-json\/wp\/v2\/media?parent=1261601"}],"wp:term":[{"taxonomy":"category","embeddable":true,"href":"https:\/\/www.acapulcopress.com\/index.php\/wp-json\/wp\/v2\/categories?post=1261601"},{"taxonomy":"post_tag","embeddable":true,"href":"https:\/\/www.acapulcopress.com\/index.php\/wp-json\/wp\/v2\/tags?post=1261601"}],"curies":[{"name":"wp","href":"https:\/\/api.w.org\/{rel}","templated":true}]}}