{"id":1261679,"date":"2025-11-25T20:01:36","date_gmt":"2025-11-26T02:01:36","guid":{"rendered":"https:\/\/www.acapulcopress.com\/?p=1261679"},"modified":"2025-11-25T20:01:36","modified_gmt":"2025-11-26T02:01:36","slug":"evelyn-salgado-transforma-causas-de-las-mujeres-en-prioridad-de-su-gobierno","status":"publish","type":"post","link":"https:\/\/www.acapulcopress.com\/index.php\/2025\/11\/25\/evelyn-salgado-transforma-causas-de-las-mujeres-en-prioridad-de-su-gobierno\/","title":{"rendered":"Evelyn Salgado transforma causas de las mujeres en prioridad de su gobierno"},"content":{"rendered":"<p>CHILPANCINGO * 25 de noviembre 2025<br \/>\n<em>) Gobierno de Guerrero<\/em><br \/>\n<a href=\"https:\/\/www.acapulcopress.com\/wp-content\/uploads\/2025\/11\/dia-mujeres-evelyn6.jpg\"><img loading=\"lazy\" decoding=\"async\" class=\"alignleft size-cmsmasters-square-thumb wp-image-1261685\" src=\"https:\/\/www.acapulcopress.com\/wp-content\/uploads\/2025\/11\/dia-mujeres-evelyn6-360x360.jpg\" alt=\"\" width=\"360\" height=\"360\" srcset=\"https:\/\/www.acapulcopress.com\/wp-content\/uploads\/2025\/11\/dia-mujeres-evelyn6-360x360.jpg 360w, https:\/\/www.acapulcopress.com\/wp-content\/uploads\/2025\/11\/dia-mujeres-evelyn6-150x150.jpg 150w, https:\/\/www.acapulcopress.com\/wp-content\/uploads\/2025\/11\/dia-mujeres-evelyn6-70x70.jpg 70w\" sizes=\"auto, (max-width: 360px) 100vw, 360px\" \/><\/a>En el marco de<em>l D\u00eda Internacional de la Eliminaci\u00f3n de la Violencia contra la Mujer,<\/em> la gobernadora E<strong>velyn Salgado Pineda<\/strong>, realiz\u00f3 la entrega de m\u00e1s de dos mil constancias a mujeres de Chilpancingo que acreditaron su capacitaci\u00f3n a trav\u00e9s del programa Tarjeta Violeta que respalda de manera integral a m\u00e1s de 20 mil jefas de familia en todo el estado de Guerrero.<\/p>\n<p>En el Auditorio Sentimientos de la Naci\u00f3n la gobernadora destac\u00f3 que esta estrategia se ha consolidado como uno de los programas sociales m\u00e1s importantes del estado, al brindar herramientas reales que permiten transformar vidas y generar autonom\u00eda.<\/p>\n<p>El secretario de Bienestar, Pablo Andr\u00e9 Gordillo Oliveros, responsable de coordinar esta pol\u00edtica p\u00fablica que hoy se posiciona como un pilar central para la protecci\u00f3n y el empoderamiento de miles de mujeres, destac\u00f3 que la Tarjeta Violeta articula esfuerzos con diversas dependencias como ICATEGRO, IMSS-Bienestar, la Secretar\u00eda del Trabajo, la UAGro, el IEEJAG INEA, la CMIC, la Prepa Violeta e instancias de atenci\u00f3n psicol\u00f3gica como UNEME-CECOSAMA.<\/p>\n<p>A estos trabajos se suman los ayuntamientos de distintos municipios, conformando una red integral que act\u00faa con un solo prop\u00f3sito: Hacer de Guerrero un santuario para la mujer.<\/p>\n<p><a href=\"https:\/\/www.acapulcopress.com\/wp-content\/uploads\/2025\/11\/dia-mujeres-evelyn13.jpg\"><img loading=\"lazy\" decoding=\"async\" class=\"alignleft size-cmsmasters-square-thumb wp-image-1261692\" src=\"https:\/\/www.acapulcopress.com\/wp-content\/uploads\/2025\/11\/dia-mujeres-evelyn13-360x360.jpg\" alt=\"\" width=\"360\" height=\"360\" srcset=\"https:\/\/www.acapulcopress.com\/wp-content\/uploads\/2025\/11\/dia-mujeres-evelyn13-360x360.jpg 360w, https:\/\/www.acapulcopress.com\/wp-content\/uploads\/2025\/11\/dia-mujeres-evelyn13-150x150.jpg 150w, https:\/\/www.acapulcopress.com\/wp-content\/uploads\/2025\/11\/dia-mujeres-evelyn13-70x70.jpg 70w\" sizes=\"auto, (max-width: 360px) 100vw, 360px\" \/><\/a>Durante el evento, se reconoci\u00f3 el impacto que ha tenido este programa de gobierno que beneficia a m\u00e1s de 20 mil mujeres en todo el estado, con una inversi\u00f3n superior a 170 millones de pesos, otorgando 2,000 pesos bimestrales a cada beneficiaria y logrando avances significativos en educaci\u00f3n, donde cientos de mujeres aprendieron a leer y escribir y miles m\u00e1s concluyeron su educaci\u00f3n b\u00e1sica y media superior.<\/p>\n<p>Asimismo, se han brindado m\u00e1s de 20 mil atenciones psicol\u00f3gicas, fortaleciendo la salud emocional y el acompa\u00f1amiento integral que caracteriza al programa.<\/p>\n<p>Por su parte, el secretario Pablo Andr\u00e9 Gordillo Oliveros destac\u00f3 que Tarjeta Violeta sigue creciendo porque responde a una necesidad real: \u201cEstamos construyendo un estado donde cada mujer tenga la libertad y el apoyo para alcanzar sus metas. Esa es la transformaci\u00f3n que defendemos todos los d\u00edas\u201d.<\/p>\n<p>Estuvieron presentes la presidenta del Sistema DIF Guerrero, Liz Salgado Pineda; el presidente del Tribunal Superior de Justicia, Ricardo Salinas Sandoval; la diputada local Ana Lilia Botello Figueroa; la presidenta de la Comisi\u00f3n de Derechos Humanos del Estado de Guerrero, Cecilia Narciso Gayt\u00e1n; la secretaria de Salud, Alondra Garc\u00eda Carbajal, entre otras y otros funcionarios.<\/p>\n<p><a href=\"https:\/\/www.acapulcopress.com\/wp-content\/uploads\/2025\/11\/dia-mujeres-evelyn15.jpg\"><img loading=\"lazy\" decoding=\"async\" class=\"alignnone size-large wp-image-1261694\" src=\"https:\/\/www.acapulcopress.com\/wp-content\/uploads\/2025\/11\/dia-mujeres-evelyn15-1024x682.jpg\" alt=\"\" width=\"1024\" height=\"682\" srcset=\"https:\/\/www.acapulcopress.com\/wp-content\/uploads\/2025\/11\/dia-mujeres-evelyn15-1024x682.jpg 1024w, https:\/\/www.acapulcopress.com\/wp-content\/uploads\/2025\/11\/dia-mujeres-evelyn15-300x200.jpg 300w, https:\/\/www.acapulcopress.com\/wp-content\/uploads\/2025\/11\/dia-mujeres-evelyn15-768x512.jpg 768w, https:\/\/www.acapulcopress.com\/wp-content\/uploads\/2025\/11\/dia-mujeres-evelyn15-580x387.jpg 580w, https:\/\/www.acapulcopress.com\/wp-content\/uploads\/2025\/11\/dia-mujeres-evelyn15-860x573.jpg 860w, https:\/\/www.acapulcopress.com\/wp-content\/uploads\/2025\/11\/dia-mujeres-evelyn15-1160x773.jpg 1160w, https:\/\/www.acapulcopress.com\/wp-content\/uploads\/2025\/11\/dia-mujeres-evelyn15.jpg 1280w\" sizes=\"auto, (max-width: 1024px) 100vw, 1024px\" \/><\/a><\/p>\n<p><a href=\"https:\/\/www.acapulcopress.com\/wp-content\/uploads\/2025\/11\/dia-mujeres-evelyn9.jpg\"><img loading=\"lazy\" decoding=\"async\" class=\"alignnone size-large wp-image-1261688\" src=\"https:\/\/www.acapulcopress.com\/wp-content\/uploads\/2025\/11\/dia-mujeres-evelyn9-1024x682.jpg\" alt=\"\" width=\"1024\" height=\"682\" srcset=\"https:\/\/www.acapulcopress.com\/wp-content\/uploads\/2025\/11\/dia-mujeres-evelyn9-1024x682.jpg 1024w, https:\/\/www.acapulcopress.com\/wp-content\/uploads\/2025\/11\/dia-mujeres-evelyn9-300x200.jpg 300w, https:\/\/www.acapulcopress.com\/wp-content\/uploads\/2025\/11\/dia-mujeres-evelyn9-768x512.jpg 768w, https:\/\/www.acapulcopress.com\/wp-content\/uploads\/2025\/11\/dia-mujeres-evelyn9-580x387.jpg 580w, https:\/\/www.acapulcopress.com\/wp-content\/uploads\/2025\/11\/dia-mujeres-evelyn9-860x573.jpg 860w, https:\/\/www.acapulcopress.com\/wp-content\/uploads\/2025\/11\/dia-mujeres-evelyn9-1160x773.jpg 1160w, https:\/\/www.acapulcopress.com\/wp-content\/uploads\/2025\/11\/dia-mujeres-evelyn9.jpg 1280w\" sizes=\"auto, (max-width: 1024px) 100vw, 1024px\" \/><\/a><\/p>\n<p><a href=\"https:\/\/www.acapulcopress.com\/wp-content\/uploads\/2025\/11\/dia-mujeres-evelyn7.jpg\"><img loading=\"lazy\" decoding=\"async\" class=\"alignnone size-large wp-image-1261686\" src=\"https:\/\/www.acapulcopress.com\/wp-content\/uploads\/2025\/11\/dia-mujeres-evelyn7-1024x682.jpg\" alt=\"\" width=\"1024\" height=\"682\" srcset=\"https:\/\/www.acapulcopress.com\/wp-content\/uploads\/2025\/11\/dia-mujeres-evelyn7-1024x682.jpg 1024w, https:\/\/www.acapulcopress.com\/wp-content\/uploads\/2025\/11\/dia-mujeres-evelyn7-300x200.jpg 300w, https:\/\/www.acapulcopress.com\/wp-content\/uploads\/2025\/11\/dia-mujeres-evelyn7-768x512.jpg 768w, https:\/\/www.acapulcopress.com\/wp-content\/uploads\/2025\/11\/dia-mujeres-evelyn7-580x387.jpg 580w, https:\/\/www.acapulcopress.com\/wp-content\/uploads\/2025\/11\/dia-mujeres-evelyn7-860x573.jpg 860w, https:\/\/www.acapulcopress.com\/wp-content\/uploads\/2025\/11\/dia-mujeres-evelyn7-1160x773.jpg 1160w, https:\/\/www.acapulcopress.com\/wp-content\/uploads\/2025\/11\/dia-mujeres-evelyn7.jpg 1280w\" sizes=\"auto, (max-width: 1024px) 100vw, 1024px\" \/><\/a><\/p>\n<p><a href=\"https:\/\/www.acapulcopress.com\/wp-content\/uploads\/2025\/11\/dia-mujeres-evelyn10.jpg\"><img loading=\"lazy\" decoding=\"async\" class=\"alignnone wp-image-1261689 size-large\" src=\"https:\/\/www.acapulcopress.com\/wp-content\/uploads\/2025\/11\/dia-mujeres-evelyn10-1024x682.jpg\" alt=\"\" width=\"1024\" height=\"682\" srcset=\"https:\/\/www.acapulcopress.com\/wp-content\/uploads\/2025\/11\/dia-mujeres-evelyn10-1024x682.jpg 1024w, https:\/\/www.acapulcopress.com\/wp-content\/uploads\/2025\/11\/dia-mujeres-evelyn10-300x200.jpg 300w, https:\/\/www.acapulcopress.com\/wp-content\/uploads\/2025\/11\/dia-mujeres-evelyn10-768x512.jpg 768w, https:\/\/www.acapulcopress.com\/wp-content\/uploads\/2025\/11\/dia-mujeres-evelyn10-580x387.jpg 580w, https:\/\/www.acapulcopress.com\/wp-content\/uploads\/2025\/11\/dia-mujeres-evelyn10-860x573.jpg 860w, https:\/\/www.acapulcopress.com\/wp-content\/uploads\/2025\/11\/dia-mujeres-evelyn10-1160x773.jpg 1160w, https:\/\/www.acapulcopress.com\/wp-content\/uploads\/2025\/11\/dia-mujeres-evelyn10.jpg 1280w\" sizes=\"auto, (max-width: 1024px) 100vw, 1024px\" \/><\/a><\/p>\n<p><a href=\"https:\/\/www.acapulcopress.com\/wp-content\/uploads\/2025\/11\/dia-mujeres-evelyn4.jpg\"><img loading=\"lazy\" decoding=\"async\" class=\"alignnone size-large wp-image-1261683\" src=\"https:\/\/www.acapulcopress.com\/wp-content\/uploads\/2025\/11\/dia-mujeres-evelyn4-1024x682.jpg\" alt=\"\" width=\"1024\" height=\"682\" srcset=\"https:\/\/www.acapulcopress.com\/wp-content\/uploads\/2025\/11\/dia-mujeres-evelyn4-1024x682.jpg 1024w, https:\/\/www.acapulcopress.com\/wp-content\/uploads\/2025\/11\/dia-mujeres-evelyn4-300x200.jpg 300w, https:\/\/www.acapulcopress.com\/wp-content\/uploads\/2025\/11\/dia-mujeres-evelyn4-768x512.jpg 768w, https:\/\/www.acapulcopress.com\/wp-content\/uploads\/2025\/11\/dia-mujeres-evelyn4-580x387.jpg 580w, https:\/\/www.acapulcopress.com\/wp-content\/uploads\/2025\/11\/dia-mujeres-evelyn4-860x573.jpg 860w, https:\/\/www.acapulcopress.com\/wp-content\/uploads\/2025\/11\/dia-mujeres-evelyn4-1160x773.jpg 1160w, https:\/\/www.acapulcopress.com\/wp-content\/uploads\/2025\/11\/dia-mujeres-evelyn4.jpg 1280w\" sizes=\"auto, (max-width: 1024px) 100vw, 1024px\" \/><\/a><\/p>\n<p><em>)<a href=\"http:\/\/fb.me\/steparious\" target=\"_blank\" rel=\"noopener\"> fb.me\/steparious<\/a> * ) <a href=\"http:\/\/fb.me\/acapulcopress\" target=\"_blank\" rel=\"noopener\">fb.me\/acapulcopress<\/a><\/em><\/p>\n","protected":false},"excerpt":{"rendered":"<p>CHILPANCINGO * 25 de noviembre 2025 ) Gobierno de Guerrero En el marco del D\u00eda Internacional de la Eliminaci\u00f3n de la Violencia contra la Mujer, la gobernadora Evelyn Salgado Pineda, realiz\u00f3 la entrega de m\u00e1s de dos mil constancias a mujeres de Chilpancingo que acreditaron su capacitaci\u00f3n a trav\u00e9s del programa Tarjeta Violeta que respalda&#8230;<\/p>\n","protected":false},"author":1,"featured_media":1261684,"comment_status":"closed","ping_status":"open","sticky":false,"template":"","format":"standard","meta":{"footnotes":""},"categories":[1980,1983],"tags":[18955,16994,18956],"class_list":["post-1261679","post","type-post","status-publish","format-standard","has-post-thumbnail","hentry","category-goverment-2","category-guerrerogob","tag-l-dia-internacional-de-la-eliminacion-de-la-violencia-contra-la-mujer","tag-tarjeta-violeta","tag-velyn-salgado-pineda"],"_links":{"self":[{"href":"https:\/\/www.acapulcopress.com\/index.php\/wp-json\/wp\/v2\/posts\/1261679","targetHints":{"allow":["GET"]}}],"collection":[{"href":"https:\/\/www.acapulcopress.com\/index.php\/wp-json\/wp\/v2\/posts"}],"about":[{"href":"https:\/\/www.acapulcopress.com\/index.php\/wp-json\/wp\/v2\/types\/post"}],"author":[{"embeddable":true,"href":"https:\/\/www.acapulcopress.com\/index.php\/wp-json\/wp\/v2\/users\/1"}],"replies":[{"embeddable":true,"href":"https:\/\/www.acapulcopress.com\/index.php\/wp-json\/wp\/v2\/comments?post=1261679"}],"version-history":[{"count":1,"href":"https:\/\/www.acapulcopress.com\/index.php\/wp-json\/wp\/v2\/posts\/1261679\/revisions"}],"predecessor-version":[{"id":1261696,"href":"https:\/\/www.acapulcopress.com\/index.php\/wp-json\/wp\/v2\/posts\/1261679\/revisions\/1261696"}],"wp:featuredmedia":[{"embeddable":true,"href":"https:\/\/www.acapulcopress.com\/index.php\/wp-json\/wp\/v2\/media\/1261684"}],"wp:attachment":[{"href":"https:\/\/www.acapulcopress.com\/index.php\/wp-json\/wp\/v2\/media?parent=1261679"}],"wp:term":[{"taxonomy":"category","embeddable":true,"href":"https:\/\/www.acapulcopress.com\/index.php\/wp-json\/wp\/v2\/categories?post=1261679"},{"taxonomy":"post_tag","embeddable":true,"href":"https:\/\/www.acapulcopress.com\/index.php\/wp-json\/wp\/v2\/tags?post=1261679"}],"curies":[{"name":"wp","href":"https:\/\/api.w.org\/{rel}","templated":true}]}}