{"id":1261702,"date":"2025-11-26T17:31:04","date_gmt":"2025-11-26T23:31:04","guid":{"rendered":"https:\/\/www.acapulcopress.com\/?p=1261702"},"modified":"2025-11-26T17:41:57","modified_gmt":"2025-11-26T23:41:57","slug":"retos-a-superar-incertidumbre-ingobernabilidad-e-inestabilidad","status":"publish","type":"post","link":"https:\/\/www.acapulcopress.com\/index.php\/2025\/11\/26\/retos-a-superar-incertidumbre-ingobernabilidad-e-inestabilidad\/","title":{"rendered":"Retos a superar: incertidumbre, ingobernabilidad e inestabilidad"},"content":{"rendered":"<p>Marem\u00e1gnum<br \/>\n\u00bb <a href=\"https:\/\/www.facebook.com\/ricardocastill01\" target=\"_blank\" rel=\"noopener\"><strong>RICARDO<\/strong> | <strong>CASTILLO BARRIENTOS<\/strong><\/a><\/p>\n<p>M\u00e9xico vive una etapa crucial en la historia presente, desde la mitad del siglo pasado hasta la actualidad, no se viv\u00eda una coyuntura pol\u00edtica, social y econ\u00f3mica como ahora, con ciertos rasgos de incertidumbre, ingobernabilidad e inestabilidad, originadas por actores protagonistas de la pol\u00edtica nacional, empresarial y la presi\u00f3n estadounidense, ejercida de manera sistem\u00e1tica por el presidente Donald Trump.<\/p>\n<p>En semanas recientes, el Palacio Nacional se ha visto asediado por fuerzas pol\u00edticas opositoras y clandestinas como el llamado \u201c<strong>Bloqu<\/strong>e <strong>Negro<\/strong>\u201d, que acapara los reflectores en las manifestaciones p\u00fablicas, debido a su actitud beligerante contra la fuerza p\u00fablica de la Ciudad de M\u00e9xico, sin que sea del conocimiento p\u00fablico el origen, objetivos y financiamiento del grupo de choque. No se descartar\u00eda que las unidades de Inteligencia del gobierno federal conozcan a ciencia cierta el trasfondo pol\u00edtico del \u201c<strong>Bloque Negro<\/strong>\u201d.<\/p>\n<p>Apenas el lunes, semi paralizaron las principales autopistas y carreteras del pa\u00eds, lo hab\u00edan anunciado por segunda ocasi\u00f3n, dirigentes de transportistas y productores agr\u00edcolas, exigiendo mayor seguridad en sus rutas, incremento en los precios de garant\u00eda del ma\u00edz, frijol y dem\u00e1s producci\u00f3n agr\u00edcola, as\u00ed como, modificar la iniciativa presidencial a la reforma de la <strong>Ley de Aguas Nacionales<\/strong>.<\/p>\n<p>Con anterioridad se realiz\u00f3 la marcha de la \u201c<strong>Generaci\u00f3n Z<\/strong>\u201d (<strong>Gen-Z<\/strong>), que se prest\u00f3 a diversas conjeturas, motivaciones pol\u00edticas y hasta empresariales, teniendo como cabezas visibles a los empresarios Ricardo Salinas y Claudio. X. Gonz\u00e1lez. La convocatoria result\u00f3 infinitamente menor a las realizadas por la \u201c<strong>Marea Rosa<\/strong>\u201d, a favor del <strong>INE<\/strong> de Lorenzo C\u00f3rdova.<\/p>\n<p>Para nadie es desconocido que el <strong>Crimen Organizado<\/strong> se ha apoderado de vastas regiones del pa\u00eds, no vayamos lejos, en Guerrero, los hermanos Olascoaga, \u201c<strong>El Pez<\/strong>\u201d y \u201c<strong>La Fresa<\/strong>\u201d, mantienen el predominio en la regi\u00f3n de la <strong>Tierra Caliente<\/strong>, o \u201c<strong>Los Ardillos<\/strong>\u201d y \u201c<strong>Los Tlacos<\/strong>\u201d, que se disputan a sangre y fuego la regi\u00f3n <strong>Centr;<\/strong> en la <strong>Costa Chica<\/strong>, \u201c<strong>Los Rusos<\/strong>\u201d, son los amos de \u201chorca y cuchillos\u201d. En otras regiones se est\u00e1 escalando en el mismo sentido, ante la falta de respuestas contundentes de las fuerzas armadas que despliegan su poder\u00edo militar con resultados \u00ednfimos, seg\u00fan se aprecia en la percepci\u00f3n popular.<\/p>\n<p>Para cerrar el ciclo de manifestaciones p\u00fablicas recientes, la conmemoraci\u00f3n del \u201cD\u00eda Internacional de la Eliminaci\u00f3n de la Violencia contra la Mujer\u201d, gener\u00f3 marchas y m\u00edtines, ayer 25 de noviembre, -conocido como \u201c<strong>D\u00eda Naranja<\/strong>\u201d- en las principales ciudades del pa\u00eds, destacando la mayor movilizaci\u00f3n en la capital de la Rep\u00fablica, la Ciudad de M\u00e9xico, de manera pac\u00edfica.<\/p>\n<p>Con motivo de este d\u00eda, la presidenta Claudia Sheinbaum, impulsa una jornada intensiva de actividades de sensibilizaci\u00f3n y reflexi\u00f3n, a trav\u00e9s de plataformas culturales y comunicaci\u00f3n sobre la violencia digital contra mujeres y ni\u00f1as, suscribiendo convenios con gobernadoras y gobernadores, entre ellas, Evelyn Salgado Pineda.<\/p>\n<p><strong>Marea Baja.-<\/strong> La otrora famosa y bullanguera <strong>Feria de Navidad y A\u00f1o Nuevo de Chilpancingo, -antes Feria de San Mateo<\/strong>&#8211; viene en ca\u00edda libre, cuando est\u00e1 a punto de cumplirse el bicentenario de su creaci\u00f3n en 1825, por decreto del Gral. Nicol\u00e1s Bravo.<\/p>\n<p>Resulta que la SEDATU se comprometi\u00f3 a realizar la remodelaci\u00f3n de las instalaciones en la colonia Los \u00c1ngeles, dejando tirada la obra desde hace tres a\u00f1os: transitoriamente tendr\u00e1 que reubicarse en la Plaza C\u00edvica \u201cPrimer Congreso de An\u00e1huac\u201d y en el terreno aleda\u00f1o a la plaza comercial \u201dGaler\u00edas Chilpancingo\u201d.<\/p>\n<p>La novedad que ahora no permitir\u00e1n las cantinas, ni la venta de alcohol como se ven\u00eda acostumbrando cada a\u00f1o, porque las actividades culturales y gastron\u00f3micas ser\u00e1n los atractivos principales.<\/p>\n<p>Sin embargo, existe duda sobre la realizaci\u00f3n del tradicional \u201c<strong>Paseo<\/strong> <strong>del Pend\u00f3n<\/strong>\u201d, donde siempre corren r\u00edos de mezcal y cervezas, concluyendo en desfiguros y broncas entre danzantes, m\u00fasicos, mirandillas y briagos, convirti\u00e9ndose ese d\u00eda, en la cantina m\u00e1s grande de M\u00e9xico.<\/p>\n<p><strong>Marea Alta.-<\/strong> A menos de un a\u00f1o de distancia de la definici\u00f3n de la candidatura de <strong>Morena<\/strong>\u00a0al Gobierno del Estado, la competencia se viene cerrando entre las principales contendientes, con la novedad que la maestra <strong>Esthela Dami\u00e1n Peralta<\/strong>, viene remontando a pasos agigantados, hace seis meses ni siquiera figuraba en las encuestas.<\/p>\n<p>En la m\u00e1s reciente encuesta del 22 de noviembre de la empresa Demoscopia Digital, levantada por encargo del peri\u00f3dico nacional La Jornada, la senadora Beatriz Mojica Morga, contin\u00faa en la punta de las preferencias con 21.1%; la maestra Esthela Dami\u00e1n Peralta, 19.8%; la alcaldesa Abelina L\u00f3pez Rodr\u00edguez, 17.3%: la ex alcaldesa Norma Otilia Hern\u00e1ndez Mart\u00ednez, 5.7%; la alcaldesa de Zumpango, Sara Salinas, 2.8%; Otras, 4.2% No Sabe\/No Contest\u00f3, 5.6%; A\u00fan No Decide, 23.5%.<\/p>\n<p>Por segundo mes consecutivo se da otro empate t\u00e9cnico, con la diferencia que la alcaldesa Abelina L\u00f3pez desciende de la segunda a la tercera posici\u00f3n y viceversa, la maestra Esthela Dami\u00e1n, asciende de la tercera posici\u00f3n a la segunda y a un 1.3% de la senadora Beatriz Mojica, que se mantiene en la primera posici\u00f3n.<\/p>\n<p><strong>Maremoto.-<\/strong> Gran desconcierto y temor prevalece entre comerciantes y habitantes de las colonias del sur y poniente de Chilpancingo, que fueron avisados mediante volantes, que a partir del mes de diciembre tendr\u00e1n que pagar cuota porque son los due\u00f1os de la plaza.<\/p>\n<p>Hasta el momento las autoridades no han dado alguna explicaci\u00f3n, ni fijado su posici\u00f3n al respecto, rest\u00e1ndole importancia a los panfletos clandestinos dejados debajo de las puertas y cortinas. en altas horas de la madrugada del domingo.<br \/>\n<em>* \u00a0<a href=\"http:\/\/fb.me\/steparious\" target=\"_blank\" rel=\"noopener\">fb.me\/steparious<\/a>\u00a0 |\u00a0\u00a0<a href=\"http:\/\/fb.me\/acapulcopress\" target=\"_blank\" rel=\"noopener\">fb.me\/acapulcopress<\/a><\/em><\/p>\n","protected":false},"excerpt":{"rendered":"<p>Ricardo Castillo | M\u00e9xico vive una etapa crucial en la historia presente, desde la mitad del siglo pasado hasta la actualidad<\/p>\n","protected":false},"author":1,"featured_media":1261703,"comment_status":"closed","ping_status":"open","sticky":false,"template":"","format":"standard","meta":{"footnotes":""},"categories":[2071,1991],"tags":[12503,15575],"class_list":["post-1261702","post","type-post","status-publish","format-standard","has-post-thumbnail","hentry","category-opinion-analisis-columnas","category-libertad-de-expresion","tag-maremagnum","tag-ricardo-castillo-barrientos"],"_links":{"self":[{"href":"https:\/\/www.acapulcopress.com\/index.php\/wp-json\/wp\/v2\/posts\/1261702","targetHints":{"allow":["GET"]}}],"collection":[{"href":"https:\/\/www.acapulcopress.com\/index.php\/wp-json\/wp\/v2\/posts"}],"about":[{"href":"https:\/\/www.acapulcopress.com\/index.php\/wp-json\/wp\/v2\/types\/post"}],"author":[{"embeddable":true,"href":"https:\/\/www.acapulcopress.com\/index.php\/wp-json\/wp\/v2\/users\/1"}],"replies":[{"embeddable":true,"href":"https:\/\/www.acapulcopress.com\/index.php\/wp-json\/wp\/v2\/comments?post=1261702"}],"version-history":[{"count":2,"href":"https:\/\/www.acapulcopress.com\/index.php\/wp-json\/wp\/v2\/posts\/1261702\/revisions"}],"predecessor-version":[{"id":1261705,"href":"https:\/\/www.acapulcopress.com\/index.php\/wp-json\/wp\/v2\/posts\/1261702\/revisions\/1261705"}],"wp:featuredmedia":[{"embeddable":true,"href":"https:\/\/www.acapulcopress.com\/index.php\/wp-json\/wp\/v2\/media\/1261703"}],"wp:attachment":[{"href":"https:\/\/www.acapulcopress.com\/index.php\/wp-json\/wp\/v2\/media?parent=1261702"}],"wp:term":[{"taxonomy":"category","embeddable":true,"href":"https:\/\/www.acapulcopress.com\/index.php\/wp-json\/wp\/v2\/categories?post=1261702"},{"taxonomy":"post_tag","embeddable":true,"href":"https:\/\/www.acapulcopress.com\/index.php\/wp-json\/wp\/v2\/tags?post=1261702"}],"curies":[{"name":"wp","href":"https:\/\/api.w.org\/{rel}","templated":true}]}}