{"id":1261710,"date":"2025-11-27T17:52:40","date_gmt":"2025-11-27T23:52:40","guid":{"rendered":"https:\/\/www.acapulcopress.com\/?p=1261710"},"modified":"2025-11-27T18:37:22","modified_gmt":"2025-11-28T00:37:22","slug":"alejandro-gertz-manero-presento-al-senado-su-renuncia-a-la-fgr","status":"publish","type":"post","link":"https:\/\/www.acapulcopress.com\/index.php\/2025\/11\/27\/alejandro-gertz-manero-presento-al-senado-su-renuncia-a-la-fgr\/","title":{"rendered":"Alejandro Gertz Manero present\u00f3 al Senado su renuncia a la FGR"},"content":{"rendered":"<p>CHILPANCINGO * 27 de noviembre 2025<br \/>\n<em>) <a href=\"https:\/\/www.infobae.com\/mexico\/2025\/11\/27\/alejandro-gertz-manero-presento-al-senado-su-renuncia-a-la-fgr\/\" target=\"_blank\" rel=\"noopener\">Infobae<\/a><\/em><br \/>\n<strong>Alejandro Gertz Manero<\/strong> present\u00f3 al Senado este jueves 27 de noviembre su carta de renuncia como titular de la <em>Fiscal\u00eda General de la Rep\u00fablica (FGR); <\/em>se prev\u00e9 que la C\u00e1mara Alta inicie el proceso para elegir a la persona que tomar\u00e1 su relevo.<\/p>\n<p>Esta tarde, la Mesa Directiva del Senado, a cargo de <strong>Laura Itzel Castillo<\/strong>, decret\u00f3 un receso y se prev\u00e9 que al reanudar, los legisladores emitan su voto para determinar si se acepta, o no, la renuncia del funcionario federal.<\/p>\n<p>Una vez que el Senado acepte la renuncia del Fiscal, m\u00e1s tarde deber\u00e1 informar a la presidenta <strong>Claudia Sheinbaum Pardo<\/strong> sobre la vacancia del cargo para que as\u00ed la titular del Ejecutivo presente una terna de aspirantes.<\/p>\n<p>Hasta ahora ha trascendido que entre los posibles candidatos estar\u00eda <strong>Ernestina Godoy<\/strong>, Consejera Jur\u00eddica de la Presidencia, adem\u00e1s de <strong>Arturo Zald\u00edvar<\/strong>, asesor de la presidenta Sheinbaum y exministro de la Suprema Corte.<\/p>\n<p>El Pleno Senado deber\u00e1 elegir al pr\u00f3ximo titular de la FGR con mayor\u00eda calificada, es decir, al menos dos terceras partes de los legisladores.<\/p>\n<p>Gertz Manero, de 86 a\u00f1os de edad, asumi\u00f3 el cargo en enero de 2019 y de acuerdo con la Constituci\u00f3n, su periodo deber\u00eda concluir hasta 2028, sin embargo, la legislaci\u00f3n le permite separarse del cargo por causas de fuerza mayor.<\/p>\n<p>Un d\u00eda antes, el mi\u00e9rcoles 26 de noviembre, Ad\u00e1n Augusto L\u00f3pez, presidente de la Junta de Coordinaci\u00f3n Pol\u00edtica del Senado y l\u00edder de la bancada de Morena, se reuni\u00f3 con la titular del Poder Ejecutivo en Palacio Nacional, aparentemente para abordar la ruta que permita establecer una transici\u00f3n ordenada en la FGR.<\/p>\n<p>La ley se\u00f1ala que a partir de la ausencia definitiva del Fiscal General, en este caso, Alejandro Gertz Manero, el Senado de la Rep\u00fablica tendr\u00e1 veinte d\u00edas para integrar una lista de al menos diez candidatos al cargo, aprobada por las dos terceras partes de los miembros presentes, la cual enviar\u00e1 al Ejecutivo Federal.<\/p>\n<p>Al interior de la 4T, el l\u00edder de Morena en la C\u00e1mara de Diputados, Ricardo Monreal, defendi\u00f3 la labor de Alejandro Gertz Manero al frente de la FGR.<\/p>\n<p>De acuerdo con el zacatecano, el Fiscal ha cumplido a lo largo de estos a\u00f1os de manera responsable con su labor.<\/p>\n<p><strong>La 4T removi\u00f3 a Gertz Manero: Alito Moreno<\/strong><\/p>\n<p>En medio de las especulacionaes sobre la salida de Gertz Manero de la FGR, el senador y l\u00edder nacional del PRI, ALejandro \u201cAlito\u201d Moreno C\u00e1rdenas manifest\u00f3 su respaldo al funcionario y acus\u00f3 a la 4T de remover al Fiscal por motivos pol\u00edticos.<\/p>\n<p>\u201cLamento mucho el movimiento golpista que los narcopol\u00edticos de Morena emprendieron en su contra. Es una muestra m\u00e1s del rostro autoritario de este r\u00e9gimen, que quiere imponer una narcodictadura terrorista y comunista en M\u00e9xico\u201d, expres\u00f3 el priista.<\/p>\n<p>El campechano agreg\u00f3 que Gertz Manero se condujo con seriedad al frente de la FGR y acus\u00f3 al gobierno federal de llevar a cabo un golpe a la autonom\u00eda del Ministerio P\u00fablico de la Federaci\u00f3n.<\/p>\n<p><em>* <a href=\"http:\/\/fb.me\/steparious\" target=\"_blank\" rel=\"noopener\">fb.me\/steparious<\/a>\u00a0|<a href=\"http:\/\/fb.me\/acapulcopress\" target=\"_blank\" rel=\"noopener\"> fb.me\/acapulcopress<\/a><\/em><\/p>\n","protected":false},"excerpt":{"rendered":"<p>CHILPANCINGO * 27 de noviembre 2025 ) Infobae Alejandro Gertz Manero present\u00f3 al Senado este jueves 27 de noviembre su carta de renuncia como titular de la Fiscal\u00eda General de la Rep\u00fablica (FGR); se prev\u00e9 que la C\u00e1mara Alta inicie el proceso para elegir a la persona que tomar\u00e1 su relevo. Esta tarde, la Mesa&#8230;<\/p>\n","protected":false},"author":1,"featured_media":1261711,"comment_status":"closed","ping_status":"open","sticky":false,"template":"","format":"standard","meta":{"footnotes":""},"categories":[1997],"tags":[3537,5853,8691,18958],"class_list":["post-1261710","post","type-post","status-publish","format-standard","has-post-thumbnail","hentry","category-noticias-destacadas","tag-alejandro-gertz-manero","tag-claudia-sheinbaum-pardo","tag-fiscalia-general-de-la-republica-fgr","tag-laura-itzel-castillo"],"_links":{"self":[{"href":"https:\/\/www.acapulcopress.com\/index.php\/wp-json\/wp\/v2\/posts\/1261710","targetHints":{"allow":["GET"]}}],"collection":[{"href":"https:\/\/www.acapulcopress.com\/index.php\/wp-json\/wp\/v2\/posts"}],"about":[{"href":"https:\/\/www.acapulcopress.com\/index.php\/wp-json\/wp\/v2\/types\/post"}],"author":[{"embeddable":true,"href":"https:\/\/www.acapulcopress.com\/index.php\/wp-json\/wp\/v2\/users\/1"}],"replies":[{"embeddable":true,"href":"https:\/\/www.acapulcopress.com\/index.php\/wp-json\/wp\/v2\/comments?post=1261710"}],"version-history":[{"count":3,"href":"https:\/\/www.acapulcopress.com\/index.php\/wp-json\/wp\/v2\/posts\/1261710\/revisions"}],"predecessor-version":[{"id":1261715,"href":"https:\/\/www.acapulcopress.com\/index.php\/wp-json\/wp\/v2\/posts\/1261710\/revisions\/1261715"}],"wp:featuredmedia":[{"embeddable":true,"href":"https:\/\/www.acapulcopress.com\/index.php\/wp-json\/wp\/v2\/media\/1261711"}],"wp:attachment":[{"href":"https:\/\/www.acapulcopress.com\/index.php\/wp-json\/wp\/v2\/media?parent=1261710"}],"wp:term":[{"taxonomy":"category","embeddable":true,"href":"https:\/\/www.acapulcopress.com\/index.php\/wp-json\/wp\/v2\/categories?post=1261710"},{"taxonomy":"post_tag","embeddable":true,"href":"https:\/\/www.acapulcopress.com\/index.php\/wp-json\/wp\/v2\/tags?post=1261710"}],"curies":[{"name":"wp","href":"https:\/\/api.w.org\/{rel}","templated":true}]}}