{"id":1261719,"date":"2025-11-27T19:49:52","date_gmt":"2025-11-28T01:49:52","guid":{"rendered":"https:\/\/www.acapulcopress.com\/?p=1261719"},"modified":"2025-11-27T20:14:52","modified_gmt":"2025-11-28T02:14:52","slug":"anuncia-sectur-acapulco-nuevo-vuelo-nacional-entre-acapulco-y-queretaro","status":"publish","type":"post","link":"https:\/\/www.acapulcopress.com\/index.php\/2025\/11\/27\/anuncia-sectur-acapulco-nuevo-vuelo-nacional-entre-acapulco-y-queretaro\/","title":{"rendered":"Anuncia Sectur Acapulco nuevo vuelo nacional entre Acapulco y Quer\u00e9taro"},"content":{"rendered":"<p>ACAPULCO * 27 de noviembre 2025<br \/>\n<em>) Turismo Acapulco<\/em><br \/>\nLa S<em>ecretar\u00eda de Turismo de Acapulco<\/em> anunci\u00f3 un nuevo vuelo nacional entre Acapulco y Quer\u00e9taro que redundar\u00e1 en mayor captaci\u00f3n de divisas y afluencia tur\u00edstica para el puerto. El titular de la<em> Sectur<\/em> municipal, <strong>No\u00e9 Peralta Herrera<\/strong>, revel\u00f3 que la fecha de inicio de operaciones de este nuevo vuelo ser\u00e1 el 4 de diciembre pr\u00f3ximo.<\/p>\n<p>\u00abEsta nueva conexi\u00f3n trae para todos el equilibrio perfecto entre emociones vibrantes en Acapulco y la tranquilidad caracter\u00edstica de Quer\u00e9taro\u00bb, expres\u00f3 el funcionario municipal, quien revel\u00f3 que, de hecho, \u00ablos boletos ya est\u00e1n disponibles a la venta\u00bb.<\/p>\n<p>Esta conexi\u00f3n entre el puerto tur\u00edstico m\u00e1s embl\u00e1tico de Guerrero y la ciudad de acueductos, calles coloniales, vi\u00f1edos y musesos ser\u00e1 una experiencia inolvidable para acapulque\u00f1os y queretanos.<\/p>\n<p>El secretario de turismo del puerto invit\u00f3 detall\u00f3 que el vuelo inaugural de <em>TAR Aerol\u00edneas<\/em> despegar\u00e1 el jueves 4 de diciembre de 2025, marcando el inicio de una ruta que operar\u00e1 todos los jueves y domingos.<\/p>\n<p>\u00abEl vuelo Quer\u00e9taro\u2013Acapulco saldr\u00e1 a las 19:10 horas, aterrizando en el puerto a las 20:15 horas; mientras que el regreso Acapulco\u2013Quer\u00e9taro despegar\u00e1 a las 20:35 horas y llegar\u00e1 a territorio queretano a las 21:45 horas\u00bb.<\/p>\n<p>\u00ab\u00a1Toda una conexi\u00f3n moderna y estrat\u00e9gica que impulsa el turismo, el intercambio y la uni\u00f3n entre estas dos extraordinarias joyas de M\u00e9xico!\u00bb, destac\u00f3 el titular de Sectur Acapulco.<\/p>\n","protected":false},"excerpt":{"rendered":"<p>La Secretar\u00eda de Turismo de Acapulco anunci\u00f3 un nuevo vuelo nacional entre Acapulco y Quer\u00e9taro que redundar\u00e1 en mayor captaci\u00f3n de divisas de divisas y afluencia tur\u00edstica para el puerto.<\/p>\n","protected":false},"author":1,"featured_media":1261720,"comment_status":"closed","ping_status":"open","sticky":false,"template":"","format":"standard","meta":{"footnotes":""},"categories":[1988,18470],"tags":[13711,16289,18959],"class_list":["post-1261719","post","type-post","status-publish","format-standard","has-post-thumbnail","hentry","category-lifestyles","category-turismo","tag-noe-peralta-herrera","tag-secretaria-de-turismo-de-acapulco","tag-tar-aerolineas"],"_links":{"self":[{"href":"https:\/\/www.acapulcopress.com\/index.php\/wp-json\/wp\/v2\/posts\/1261719","targetHints":{"allow":["GET"]}}],"collection":[{"href":"https:\/\/www.acapulcopress.com\/index.php\/wp-json\/wp\/v2\/posts"}],"about":[{"href":"https:\/\/www.acapulcopress.com\/index.php\/wp-json\/wp\/v2\/types\/post"}],"author":[{"embeddable":true,"href":"https:\/\/www.acapulcopress.com\/index.php\/wp-json\/wp\/v2\/users\/1"}],"replies":[{"embeddable":true,"href":"https:\/\/www.acapulcopress.com\/index.php\/wp-json\/wp\/v2\/comments?post=1261719"}],"version-history":[{"count":5,"href":"https:\/\/www.acapulcopress.com\/index.php\/wp-json\/wp\/v2\/posts\/1261719\/revisions"}],"predecessor-version":[{"id":1261725,"href":"https:\/\/www.acapulcopress.com\/index.php\/wp-json\/wp\/v2\/posts\/1261719\/revisions\/1261725"}],"wp:featuredmedia":[{"embeddable":true,"href":"https:\/\/www.acapulcopress.com\/index.php\/wp-json\/wp\/v2\/media\/1261720"}],"wp:attachment":[{"href":"https:\/\/www.acapulcopress.com\/index.php\/wp-json\/wp\/v2\/media?parent=1261719"}],"wp:term":[{"taxonomy":"category","embeddable":true,"href":"https:\/\/www.acapulcopress.com\/index.php\/wp-json\/wp\/v2\/categories?post=1261719"},{"taxonomy":"post_tag","embeddable":true,"href":"https:\/\/www.acapulcopress.com\/index.php\/wp-json\/wp\/v2\/tags?post=1261719"}],"curies":[{"name":"wp","href":"https:\/\/api.w.org\/{rel}","templated":true}]}}