{"id":1261741,"date":"2025-11-28T07:57:54","date_gmt":"2025-11-28T13:57:54","guid":{"rendered":"https:\/\/www.acapulcopress.com\/?p=1261741"},"modified":"2025-11-28T08:04:05","modified_gmt":"2025-11-28T14:04:05","slug":"tigres-del-norte-abarrotaron-el-tonic-fest-2025","status":"publish","type":"post","link":"https:\/\/www.acapulcopress.com\/index.php\/2025\/11\/28\/tigres-del-norte-abarrotaron-el-tonic-fest-2025\/","title":{"rendered":"Tigres del Norte abarrotaron el Tonic Fest 2025"},"content":{"rendered":"<p>ACAPULCO * 27 de noviembre 2025<br \/>\n<em>) Aps<\/em><br \/>\nCon un mensaje de agradecimiento a los organizadores por hacer de Acapulco un lugar especial para eventos de trascendencia tur\u00edstica y con la <a href=\"https:\/\/www.acapulcopress.com\/wp-content\/uploads\/2025\/11\/noe-peralta2.jpg\"><img loading=\"lazy\" decoding=\"async\" class=\"alignleft size-cmsmasters-square-thumb wp-image-1261744\" src=\"https:\/\/www.acapulcopress.com\/wp-content\/uploads\/2025\/11\/noe-peralta2-360x360.jpg\" alt=\"\" width=\"360\" height=\"360\" srcset=\"https:\/\/www.acapulcopress.com\/wp-content\/uploads\/2025\/11\/noe-peralta2-360x360.jpg 360w, https:\/\/www.acapulcopress.com\/wp-content\/uploads\/2025\/11\/noe-peralta2-150x150.jpg 150w, https:\/\/www.acapulcopress.com\/wp-content\/uploads\/2025\/11\/noe-peralta2-70x70.jpg 70w\" sizes=\"auto, (max-width: 360px) 100vw, 360px\" \/><\/a>actuaci\u00f3n estelar de<em> Los Tigres del Norte<\/em>\u00a0ante un lleno total, el secretario de <em>Turismo<\/em> municipal, <strong>No\u00e9 Peralta Herrera<\/strong>, inaugur\u00f3 el <em>Tonic Fest 2025<\/em>, un festival musical que surge a iniciativa de empresarios mexicanos que aman Acapulco y que se celebrar\u00e1 en la populosa playa Tamarindos del jueves 27 al s\u00e1bado 29 de noviembre de forma totalmente gratuita.<\/p>\n<p>Ante la representante de Tonic Life y <em>Tonic Music<\/em>, <strong>Lidia Abigail Ram\u00edrez Moreles<\/strong>, el titular de la Sectur Acapulco agradeci\u00f3 el \u00abesfuerzo conjunto entre el gobierno municipal y la iniciativa privada para impulsar eventos culturales, de entretenimiento, art\u00edsticos y deportivos que posicionan a Acapulco como un destino vibrante y competitivo\u00bb.<\/p>\n<p>Sobre las estad\u00edsticas tur\u00edsticas que benefician al puerto, el funcionario municipal previ\u00f3 una \u00abocupaci\u00f3n hotelera superior al 80 por ciento y una derrama econ\u00f3mica estimada en m\u00e1s de 400 millones de pesos\u00bb, consolidando as\u00ed un \u00abcierre sobresaliente de noviembre en materia tur\u00edstica\u00bb.<\/p>\n<p>En el evento inaugural, el <em>Tonic Fest 2025<\/em> cont\u00f3 con la participaci\u00f3n de <em>Los Yonic\u2019s Zamacona, Iv\u00e1n \u201cEl Fore\u00f1o\u201d, Grupo Liberaci\u00f3n, La Vecindad Santanera<\/em> y<em> Los Tigres del Norte<\/em>, la agrupaci\u00f3n m\u00e1s aclamada de la noche.<\/p>\n<p><a href=\"https:\/\/www.acapulcopress.com\/wp-content\/uploads\/2025\/11\/TONIC-FEST-2025.3.jpg\"><img loading=\"lazy\" decoding=\"async\" class=\"alignnone wp-image-1261748 size-large\" src=\"https:\/\/www.acapulcopress.com\/wp-content\/uploads\/2025\/11\/TONIC-FEST-2025.3-1024x576.jpg\" alt=\"\" width=\"1024\" height=\"576\" srcset=\"https:\/\/www.acapulcopress.com\/wp-content\/uploads\/2025\/11\/TONIC-FEST-2025.3-1024x576.jpg 1024w, https:\/\/www.acapulcopress.com\/wp-content\/uploads\/2025\/11\/TONIC-FEST-2025.3-300x169.jpg 300w, https:\/\/www.acapulcopress.com\/wp-content\/uploads\/2025\/11\/TONIC-FEST-2025.3-768x432.jpg 768w, https:\/\/www.acapulcopress.com\/wp-content\/uploads\/2025\/11\/TONIC-FEST-2025.3-580x326.jpg 580w, https:\/\/www.acapulcopress.com\/wp-content\/uploads\/2025\/11\/TONIC-FEST-2025.3-860x484.jpg 860w, https:\/\/www.acapulcopress.com\/wp-content\/uploads\/2025\/11\/TONIC-FEST-2025.3-1160x653.jpg 1160w, https:\/\/www.acapulcopress.com\/wp-content\/uploads\/2025\/11\/TONIC-FEST-2025.3-1320x743.jpg 1320w, https:\/\/www.acapulcopress.com\/wp-content\/uploads\/2025\/11\/TONIC-FEST-2025.3.jpg 1500w\" sizes=\"auto, (max-width: 1024px) 100vw, 1024px\" \/><\/a><\/p>\n<p><a href=\"https:\/\/www.acapulcopress.com\/wp-content\/uploads\/2025\/11\/TONIC-FEST-2025.2.jpg\"><img loading=\"lazy\" decoding=\"async\" class=\"alignnone wp-image-1261747 size-large\" src=\"https:\/\/www.acapulcopress.com\/wp-content\/uploads\/2025\/11\/TONIC-FEST-2025.2-1024x576.jpg\" alt=\"\" width=\"1024\" height=\"576\" srcset=\"https:\/\/www.acapulcopress.com\/wp-content\/uploads\/2025\/11\/TONIC-FEST-2025.2-1024x576.jpg 1024w, https:\/\/www.acapulcopress.com\/wp-content\/uploads\/2025\/11\/TONIC-FEST-2025.2-300x169.jpg 300w, https:\/\/www.acapulcopress.com\/wp-content\/uploads\/2025\/11\/TONIC-FEST-2025.2-768x432.jpg 768w, https:\/\/www.acapulcopress.com\/wp-content\/uploads\/2025\/11\/TONIC-FEST-2025.2-580x326.jpg 580w, https:\/\/www.acapulcopress.com\/wp-content\/uploads\/2025\/11\/TONIC-FEST-2025.2-860x484.jpg 860w, https:\/\/www.acapulcopress.com\/wp-content\/uploads\/2025\/11\/TONIC-FEST-2025.2-1160x653.jpg 1160w, https:\/\/www.acapulcopress.com\/wp-content\/uploads\/2025\/11\/TONIC-FEST-2025.2-1320x743.jpg 1320w, https:\/\/www.acapulcopress.com\/wp-content\/uploads\/2025\/11\/TONIC-FEST-2025.2.jpg 1500w\" sizes=\"auto, (max-width: 1024px) 100vw, 1024px\" \/><\/a><\/p>\n<p><a href=\"https:\/\/www.acapulcopress.com\/wp-content\/uploads\/2025\/11\/tigres-del-norte2.jpg\"><img loading=\"lazy\" decoding=\"async\" class=\"alignnone wp-image-1261746 size-full\" src=\"https:\/\/www.acapulcopress.com\/wp-content\/uploads\/2025\/11\/tigres-del-norte2.jpg\" alt=\"\" width=\"1408\" height=\"1728\" srcset=\"https:\/\/www.acapulcopress.com\/wp-content\/uploads\/2025\/11\/tigres-del-norte2.jpg 1408w, https:\/\/www.acapulcopress.com\/wp-content\/uploads\/2025\/11\/tigres-del-norte2-300x368.jpg 300w, https:\/\/www.acapulcopress.com\/wp-content\/uploads\/2025\/11\/tigres-del-norte2-834x1024.jpg 834w, https:\/\/www.acapulcopress.com\/wp-content\/uploads\/2025\/11\/tigres-del-norte2-768x943.jpg 768w, https:\/\/www.acapulcopress.com\/wp-content\/uploads\/2025\/11\/tigres-del-norte2-1252x1536.jpg 1252w, https:\/\/www.acapulcopress.com\/wp-content\/uploads\/2025\/11\/tigres-del-norte2-580x712.jpg 580w, https:\/\/www.acapulcopress.com\/wp-content\/uploads\/2025\/11\/tigres-del-norte2-860x1055.jpg 860w, https:\/\/www.acapulcopress.com\/wp-content\/uploads\/2025\/11\/tigres-del-norte2-1160x1424.jpg 1160w, https:\/\/www.acapulcopress.com\/wp-content\/uploads\/2025\/11\/tigres-del-norte2-1320x1620.jpg 1320w\" sizes=\"auto, (max-width: 1408px) 100vw, 1408px\" \/><\/a> <a href=\"https:\/\/www.acapulcopress.com\/wp-content\/uploads\/2025\/11\/tigres-del-norte.jpg\"><img loading=\"lazy\" decoding=\"async\" class=\"alignnone wp-image-1261745 size-cmsmasters-full-masonry-thumb\" src=\"https:\/\/www.acapulcopress.com\/wp-content\/uploads\/2025\/11\/tigres-del-norte-1160x1480.jpg\" alt=\"\" width=\"1160\" height=\"1480\" srcset=\"https:\/\/www.acapulcopress.com\/wp-content\/uploads\/2025\/11\/tigres-del-norte-1160x1480.jpg 1160w, https:\/\/www.acapulcopress.com\/wp-content\/uploads\/2025\/11\/tigres-del-norte-300x383.jpg 300w, https:\/\/www.acapulcopress.com\/wp-content\/uploads\/2025\/11\/tigres-del-norte-803x1024.jpg 803w, https:\/\/www.acapulcopress.com\/wp-content\/uploads\/2025\/11\/tigres-del-norte-768x980.jpg 768w, https:\/\/www.acapulcopress.com\/wp-content\/uploads\/2025\/11\/tigres-del-norte-1204x1536.jpg 1204w, https:\/\/www.acapulcopress.com\/wp-content\/uploads\/2025\/11\/tigres-del-norte-580x740.jpg 580w, https:\/\/www.acapulcopress.com\/wp-content\/uploads\/2025\/11\/tigres-del-norte-860x1097.jpg 860w, https:\/\/www.acapulcopress.com\/wp-content\/uploads\/2025\/11\/tigres-del-norte-1320x1684.jpg 1320w, https:\/\/www.acapulcopress.com\/wp-content\/uploads\/2025\/11\/tigres-del-norte.jpg 1408w\" sizes=\"auto, (max-width: 1160px) 100vw, 1160px\" \/><\/a> <a href=\"https:\/\/www.acapulcopress.com\/wp-content\/uploads\/2025\/11\/noe-peralta2.jpg\"><img loading=\"lazy\" decoding=\"async\" class=\"alignnone wp-image-1261744 size-large\" src=\"https:\/\/www.acapulcopress.com\/wp-content\/uploads\/2025\/11\/noe-peralta2-1024x577.jpg\" alt=\"\" width=\"1024\" height=\"577\" srcset=\"https:\/\/www.acapulcopress.com\/wp-content\/uploads\/2025\/11\/noe-peralta2-1024x577.jpg 1024w, https:\/\/www.acapulcopress.com\/wp-content\/uploads\/2025\/11\/noe-peralta2-300x169.jpg 300w, https:\/\/www.acapulcopress.com\/wp-content\/uploads\/2025\/11\/noe-peralta2-768x432.jpg 768w, https:\/\/www.acapulcopress.com\/wp-content\/uploads\/2025\/11\/noe-peralta2-1536x865.jpg 1536w, https:\/\/www.acapulcopress.com\/wp-content\/uploads\/2025\/11\/noe-peralta2-580x327.jpg 580w, https:\/\/www.acapulcopress.com\/wp-content\/uploads\/2025\/11\/noe-peralta2-860x484.jpg 860w, https:\/\/www.acapulcopress.com\/wp-content\/uploads\/2025\/11\/noe-peralta2-1160x653.jpg 1160w, https:\/\/www.acapulcopress.com\/wp-content\/uploads\/2025\/11\/noe-peralta2-1320x743.jpg 1320w, https:\/\/www.acapulcopress.com\/wp-content\/uploads\/2025\/11\/noe-peralta2.jpg 2048w\" sizes=\"auto, (max-width: 1024px) 100vw, 1024px\" \/><\/a> <a href=\"https:\/\/www.acapulcopress.com\/wp-content\/uploads\/2025\/11\/noe-peralta.jpg\"><img loading=\"lazy\" decoding=\"async\" class=\"alignnone wp-image-1261743 size-large\" src=\"https:\/\/www.acapulcopress.com\/wp-content\/uploads\/2025\/11\/noe-peralta-1024x673.jpg\" alt=\"\" width=\"1024\" height=\"673\" srcset=\"https:\/\/www.acapulcopress.com\/wp-content\/uploads\/2025\/11\/noe-peralta-1024x673.jpg 1024w, https:\/\/www.acapulcopress.com\/wp-content\/uploads\/2025\/11\/noe-peralta-300x197.jpg 300w, https:\/\/www.acapulcopress.com\/wp-content\/uploads\/2025\/11\/noe-peralta-768x504.jpg 768w, https:\/\/www.acapulcopress.com\/wp-content\/uploads\/2025\/11\/noe-peralta-1536x1009.jpg 1536w, https:\/\/www.acapulcopress.com\/wp-content\/uploads\/2025\/11\/noe-peralta-580x381.jpg 580w, https:\/\/www.acapulcopress.com\/wp-content\/uploads\/2025\/11\/noe-peralta-860x565.jpg 860w, https:\/\/www.acapulcopress.com\/wp-content\/uploads\/2025\/11\/noe-peralta-1160x762.jpg 1160w, https:\/\/www.acapulcopress.com\/wp-content\/uploads\/2025\/11\/noe-peralta-1320x867.jpg 1320w, https:\/\/www.acapulcopress.com\/wp-content\/uploads\/2025\/11\/noe-peralta.jpg 2048w\" sizes=\"auto, (max-width: 1024px) 100vw, 1024px\" \/><\/a><\/p>\n<p><em>* <a href=\"http:\/\/fb.me\/steparious\" target=\"_blank\" rel=\"noopener\">fb.me\/steparious<\/a>\u00a0| <a href=\"http:\/\/fb.me\/acapulcopress\" target=\"_blank\" rel=\"noopener\">fb.me\/acapulcopress<\/a><\/em><\/p>\n","protected":false},"excerpt":{"rendered":"<p>Con un mensaje de agradecimiento a los organizadores por hacer de Acapulco un lugar especial para eventos de trascendencia tur\u00edstica y con la actuaci\u00f3n estelar de Los Tigres del Norte, el secretario de Turismo municipal, No\u00e9 Peralta<\/p>\n","protected":false},"author":1,"featured_media":1261753,"comment_status":"closed","ping_status":"open","sticky":false,"template":"","format":"standard","meta":{"footnotes":""},"categories":[1988,18470],"tags":[18963,13711,18962,18961],"class_list":["post-1261741","post","type-post","status-publish","format-standard","has-post-thumbnail","hentry","category-lifestyles","category-turismo","tag-lidia-abigail-ramirez-moreles","tag-noe-peralta-herrera","tag-tonic-life","tag-tonic-music"],"_links":{"self":[{"href":"https:\/\/www.acapulcopress.com\/index.php\/wp-json\/wp\/v2\/posts\/1261741","targetHints":{"allow":["GET"]}}],"collection":[{"href":"https:\/\/www.acapulcopress.com\/index.php\/wp-json\/wp\/v2\/posts"}],"about":[{"href":"https:\/\/www.acapulcopress.com\/index.php\/wp-json\/wp\/v2\/types\/post"}],"author":[{"embeddable":true,"href":"https:\/\/www.acapulcopress.com\/index.php\/wp-json\/wp\/v2\/users\/1"}],"replies":[{"embeddable":true,"href":"https:\/\/www.acapulcopress.com\/index.php\/wp-json\/wp\/v2\/comments?post=1261741"}],"version-history":[{"count":5,"href":"https:\/\/www.acapulcopress.com\/index.php\/wp-json\/wp\/v2\/posts\/1261741\/revisions"}],"predecessor-version":[{"id":1261758,"href":"https:\/\/www.acapulcopress.com\/index.php\/wp-json\/wp\/v2\/posts\/1261741\/revisions\/1261758"}],"wp:featuredmedia":[{"embeddable":true,"href":"https:\/\/www.acapulcopress.com\/index.php\/wp-json\/wp\/v2\/media\/1261753"}],"wp:attachment":[{"href":"https:\/\/www.acapulcopress.com\/index.php\/wp-json\/wp\/v2\/media?parent=1261741"}],"wp:term":[{"taxonomy":"category","embeddable":true,"href":"https:\/\/www.acapulcopress.com\/index.php\/wp-json\/wp\/v2\/categories?post=1261741"},{"taxonomy":"post_tag","embeddable":true,"href":"https:\/\/www.acapulcopress.com\/index.php\/wp-json\/wp\/v2\/tags?post=1261741"}],"curies":[{"name":"wp","href":"https:\/\/api.w.org\/{rel}","templated":true}]}}