{"id":1261759,"date":"2025-11-28T08:23:31","date_gmt":"2025-11-28T14:23:31","guid":{"rendered":"https:\/\/www.acapulcopress.com\/?p=1261759"},"modified":"2025-11-28T08:25:35","modified_gmt":"2025-11-28T14:25:35","slug":"frente-a-cartuchos-quemados-nueva-figura-politica-para-acapulco","status":"publish","type":"post","link":"https:\/\/www.acapulcopress.com\/index.php\/2025\/11\/28\/frente-a-cartuchos-quemados-nueva-figura-politica-para-acapulco\/","title":{"rendered":"Frente a \u201ccartuchos quemados\u201d, nueva figura pol\u00edtica para Acapulco"},"content":{"rendered":"<p>Marem\u00e1gnum<br \/>\n\u00bb <a href=\"https:\/\/www.facebook.com\/ricardocastill01\" target=\"_blank\" rel=\"noopener\"><strong>RICARDO<\/strong> | <strong>CASTILLO BARRIENTOS<\/strong><\/a><\/p>\n<p>La efervescencia pol\u00edtica ante-pre-electoral se ha desatado en la entidad como nunca antes se hab\u00eda manifestado, en procesos anteriores se actuaba con mayor prudencia, en espera de los tiempos electorales establecidos en los estatutos internos de los partidos pol\u00edticos y las leyes electorales.<\/p>\n<p>Los \u00e1nimos y ambiciones pol\u00edticos ahora se encuentran desbordados, tratando de figurar o llamar la atenci\u00f3n en el electorado, que incr\u00e9dulo observa pasivamente los movimientos pol\u00edticos que se vienen generando, sin que signifique una suma de simpatizantes, por los pocos elementos de sus trayectorias pol\u00edticas y sociales.<\/p>\n<p>Los nombres que se mencionan en la palestra son los mismos de siempre, que insisten en obtener las nominaciones de su partido, en el caso de<strong> Morena<\/strong>, en el poder en los tres niveles de gobierno, referente al gobierno del estado, diputaciones federales y locales y en los principales municipios de la entidad.<\/p>\n<p>A nivel estatal han surgido dos figuras representativas por las altas posiciones que desempe\u00f1an, en primer lugar<strong>, Esthela Dami\u00e1n Peralta<\/strong>, subsecretaria de Prevenci\u00f3n de las Violencias de la Secretar\u00eda de Seguridad y Protecci\u00f3n Ciudadana, a cargo de Omar Garc\u00eda Harfuch.<\/p>\n<p>El otro aspirante pertenece al grupo \u201c<em>Nu\u00f1ista\u201d,<\/em> el delegado del Bienestar, Iv\u00e1n Hern\u00e1ndez D\u00edaz, qui\u00e9n ha desplazado a su adl\u00e1tere Jacinto Gonz\u00e1lez Varona, tendr\u00eda que conformarse con la candidatura a una diputaci\u00f3n federal.<\/p>\n<p>A nivel municipal, se perfilan para Chilpancingo, la ex diputada Jesica Alejo Rayo y el l\u00edder camaral, diputado Jes\u00fas Uri\u00f3stegui Garc\u00eda, de la corriente \u201cS<em>algadista<\/em>\u201d, igual que Celeste Salgado en Iguala y Ricardo Salinas M\u00e9ndez, Oficial Mayor de SEFINA, en Acapulco.<\/p>\n<p>Todo indica que la baraja electoral todav\u00eda no est\u00e1 completa, en particular, en lo que respecta a las presidencias municipales de los municipios m\u00e1s importante de la entidad. Se espera que a partir del mes de enero comiencen a surgir nuevos nombres en la puja por las candidaturas morenistas, porque los personajes que se mencionan no representan los intereses de la ciudadan\u00eda.<\/p>\n<p>En el caso de Acapulco se tienen la percepci\u00f3n ciudadana que figuran puros \u201c<strong>cartuchos quemados<\/strong>\u201d, que solo buscan saciar sus intereses personales de ejercer el poder por el poder, y no han demostrado un \u00e1pice de capacidad, sin que se vislumbre puedan logran una real transformaci\u00f3n de la administraci\u00f3n municipal en beneficio de los acapulque\u00f1os.<\/p>\n<p>En estas circunstancias resultar\u00e1 bienvenido quien goce de una s\u00f3lida trayectoria pol\u00edtica y cuente con el apoyo de la presidenta Claudia Sheinbaum, quien tiene destinado un alto presupuesto para el municipio de Acapulco, en los a\u00f1os venideros.<\/p>\n<p>Acapulco requiere un golpe de tim\u00f3n con un nuevo presidente municipal acorde a los nuevos tiempos de la transformaci\u00f3n, que d\u00e9 certeza y un jal\u00f3n definitivo al desarrollo comunitario y tur\u00edstico postergado en las \u00faltimas d\u00e9cadas, siendo un clamor ciudadano una mayor seguridad en la integridad y patrimonio de las familias acapulque\u00f1as.<\/p>\n<p><strong>Marea Baja.-<\/strong> Como cada fin de mes, hoy viernes tendr\u00e1 verificativo un memorable recuerdo de la \u00e9poca de oro de las m\u00e1s grandes y exitosas discoteques de Acapulco y los disc-jockeys que dieron fama al paradis\u00edaco puerto: Armandos Le Club, Tequila A-go-go-, Bocaccio, Le Dome, Baby Old, Tiberios, etc.<\/p>\n<p>Para tal efecto, han sido invitados para platicar sobre esa \u00e9poca inolvidable, personajes acapulque\u00f1os de la talla de Alfredo Mart\u00ednez, Lucy Barreto y Mario Manzanarez, quienes nos habr\u00e1n de deleitar con sus recuerdos, el auditorio del Fuerte de San Diego, a partir de las cinco de la tarde. La invitaci\u00f3n corre a cargo de los maestros Manuel Ruz y Luis Bueno.<\/p>\n<p><strong>Marea Alta.-<\/strong> Los vecinos de las colonias del Sur y Poniente de la ciudad de Chilpancingo, piden a gritos el auxilio de la Guardia Nacional, Fiscal\u00eda General del Estado, Polic\u00eda del Estado y Polic\u00eda Municipal, para que hagan rondines permanentes ante la amenaza de resultar extorsionados con el pago de cuotas, a partir del mes de diciembre, de un supuesto grupo delictivo que pretende atemorizar a comerciantes y vecinos pudientes.<\/p>\n<p>Los comit\u00e9s vecinales se han dirigido a las autoridades para que resguarden la zona y eviten se hagan efectivas las amenazas, pues consideran que no se trata de bromas y podr\u00edan hacerse efectives, sino <strong>intervienen a tiempo.<\/strong><\/p>\n<p><strong>Maremoto.-<\/strong> Contra reloj, avanzan los trabajos de<strong> Fonatur<\/strong>\u00a0que viene realizando en la Costera Miguel Alem\u00e1n, ante la proximidad de la temporada decembrina.<\/p>\n<p>El director de <strong>Fonatur<\/strong>, Sebasti\u00e1n Ram\u00edrez Mendoza, se ha comprometido dejar concluidos los trabajos de hermosamiento e iluminaci\u00f3n, antes que se deje caer la avalancha de visitantes qu\u00e9 como todos los a\u00f1os, viene a disfrutar de nuestras maravillas naturales.<\/p>\n<p>Esta ser\u00e1 la prueba de fuego para el titular de<strong> Fonatur<\/strong>, Sebasti\u00e1n Ram\u00edrez, quien deber\u00e1 demostrar lo m\u00e1ximo de su capacidad y de su equipo de trabajo.<br \/>\n<em>*\u00a0<a href=\"http:\/\/fb.me\/steparious\" target=\"_blank\" rel=\"noopener\">fb.me\/steparious<\/a>\u00a0|\u00a0<a href=\"http:\/\/fb.me\/acapulcopress\" target=\"_blank\" rel=\"noopener\">fb.me\/acapulcopress<\/a><\/em><\/p>\n","protected":false},"excerpt":{"rendered":"<p>Ricardo Castillo | La efervescencia pol\u00edtica ante-pre-electoral se ha desatado en la entidad como nunca <\/p>\n","protected":false},"author":1,"featured_media":1261760,"comment_status":"closed","ping_status":"open","sticky":false,"template":"","format":"standard","meta":{"footnotes":""},"categories":[2071,1991],"tags":[12503,15575],"class_list":["post-1261759","post","type-post","status-publish","format-standard","has-post-thumbnail","hentry","category-opinion-analisis-columnas","category-libertad-de-expresion","tag-maremagnum","tag-ricardo-castillo-barrientos"],"_links":{"self":[{"href":"https:\/\/www.acapulcopress.com\/index.php\/wp-json\/wp\/v2\/posts\/1261759","targetHints":{"allow":["GET"]}}],"collection":[{"href":"https:\/\/www.acapulcopress.com\/index.php\/wp-json\/wp\/v2\/posts"}],"about":[{"href":"https:\/\/www.acapulcopress.com\/index.php\/wp-json\/wp\/v2\/types\/post"}],"author":[{"embeddable":true,"href":"https:\/\/www.acapulcopress.com\/index.php\/wp-json\/wp\/v2\/users\/1"}],"replies":[{"embeddable":true,"href":"https:\/\/www.acapulcopress.com\/index.php\/wp-json\/wp\/v2\/comments?post=1261759"}],"version-history":[{"count":2,"href":"https:\/\/www.acapulcopress.com\/index.php\/wp-json\/wp\/v2\/posts\/1261759\/revisions"}],"predecessor-version":[{"id":1261762,"href":"https:\/\/www.acapulcopress.com\/index.php\/wp-json\/wp\/v2\/posts\/1261759\/revisions\/1261762"}],"wp:featuredmedia":[{"embeddable":true,"href":"https:\/\/www.acapulcopress.com\/index.php\/wp-json\/wp\/v2\/media\/1261760"}],"wp:attachment":[{"href":"https:\/\/www.acapulcopress.com\/index.php\/wp-json\/wp\/v2\/media?parent=1261759"}],"wp:term":[{"taxonomy":"category","embeddable":true,"href":"https:\/\/www.acapulcopress.com\/index.php\/wp-json\/wp\/v2\/categories?post=1261759"},{"taxonomy":"post_tag","embeddable":true,"href":"https:\/\/www.acapulcopress.com\/index.php\/wp-json\/wp\/v2\/tags?post=1261759"}],"curies":[{"name":"wp","href":"https:\/\/api.w.org\/{rel}","templated":true}]}}