{"id":1261771,"date":"2025-12-11T20:09:26","date_gmt":"2025-12-12T02:09:26","guid":{"rendered":"https:\/\/www.acapulcopress.com\/?p=1261771"},"modified":"2025-12-11T20:10:08","modified_gmt":"2025-12-12T02:10:08","slug":"agradece-evelyn-salgado-respaldo-de-sheinbaum-en-seguridad-y-atencion-a-emergencias","status":"publish","type":"post","link":"https:\/\/www.acapulcopress.com\/index.php\/2025\/12\/11\/agradece-evelyn-salgado-respaldo-de-sheinbaum-en-seguridad-y-atencion-a-emergencias\/","title":{"rendered":"Agradece Gobernadora respaldo de Sheinbaum en seguridad y atenci\u00f3n a emergencias"},"content":{"rendered":"<p>CIUDAD DE M\u00c9XICO * 11 de diciembre 2025<br \/>\n<em>) Palacio Nacional<br \/>\n<\/em>Al participar en la 52\u00aa Sesi\u00f3n Ordinaria del Consejo Nacional de Seguridad P\u00fablica y la 8\u00aa Sesi\u00f3n Ordinaria del <em>Consejo Nacional de <a href=\"https:\/\/www.acapulcopress.com\/wp-content\/uploads\/2025\/12\/evelyn.pc8_-1.jpg\"><img loading=\"lazy\" decoding=\"async\" class=\"alignleft size-cmsmasters-square-thumb wp-image-1261788\" src=\"https:\/\/www.acapulcopress.com\/wp-content\/uploads\/2025\/12\/evelyn.pc8_-1-360x360.jpg\" alt=\"\" width=\"360\" height=\"360\" srcset=\"https:\/\/www.acapulcopress.com\/wp-content\/uploads\/2025\/12\/evelyn.pc8_-1-360x360.jpg 360w, https:\/\/www.acapulcopress.com\/wp-content\/uploads\/2025\/12\/evelyn.pc8_-1-150x150.jpg 150w, https:\/\/www.acapulcopress.com\/wp-content\/uploads\/2025\/12\/evelyn.pc8_-1-70x70.jpg 70w\" sizes=\"auto, (max-width: 360px) 100vw, 360px\" \/><\/a>Protecci\u00f3n Civil,<\/em> la gobernadora <strong>Evelyn Salgado Pineda<\/strong> reconoci\u00f3 el apoyo de la presidenta <strong>Claudia Sheinbaum Pardo<\/strong> y del gabinete de seguridad nacional, que ha permitido avanzar tanto en la reducci\u00f3n de homicidios dolosos como en la atenci\u00f3n a la poblaci\u00f3n afectada por los huracanes <em>Otis, John<\/em> y <em>Erick.<\/em><\/p>\n<p>La presidenta de M\u00e9xico reconoci\u00f3 el apoyo de la Defensa, Semar y dem\u00e1s instituciones federales, as\u00ed como la coordinaci\u00f3n con las y los gobernadores para lograr estos avances a 14 meses de su gobierno.<\/p>\n<p>La gobernadora Evelyn Salgado reiter\u00f3 que estos resultados fortalecen la construcci\u00f3n de una plataforma nacional de seguridad m\u00e1s s\u00f3lida, capaz de actuar con responsabilidad y cercan\u00eda con la ciudadan\u00eda.<\/p>\n<p>Desde Palacio Nacional dijo que estos espacios son fundamentales para reforzar la coordinaci\u00f3n entre la Federaci\u00f3n y Guerrero en la construcci\u00f3n de paz, bienestar y protecci\u00f3n para nuestras familias.<\/p>\n<p>\u00abEn Guerrero mantenemos acciones firmes para fortalecer la seguridad, la prevenci\u00f3n y la atenci\u00f3n ante emergencias. Con un trabajo serio, transparente y en equipo con el Gobierno de M\u00e9xico, seguimos impulsando estrategias que cuiden a nuestro pueblo y consoliden un estado <a href=\"https:\/\/www.acapulcopress.com\/wp-content\/uploads\/2025\/12\/evelyn.pc3_-1.jpg\"><img loading=\"lazy\" decoding=\"async\" class=\"alignleft size-cmsmasters-square-thumb wp-image-1261783\" src=\"https:\/\/www.acapulcopress.com\/wp-content\/uploads\/2025\/12\/evelyn.pc3_-1-360x360.jpg\" alt=\"\" width=\"360\" height=\"360\" srcset=\"https:\/\/www.acapulcopress.com\/wp-content\/uploads\/2025\/12\/evelyn.pc3_-1-360x360.jpg 360w, https:\/\/www.acapulcopress.com\/wp-content\/uploads\/2025\/12\/evelyn.pc3_-1-150x150.jpg 150w, https:\/\/www.acapulcopress.com\/wp-content\/uploads\/2025\/12\/evelyn.pc3_-1-70x70.jpg 70w\" sizes=\"auto, (max-width: 360px) 100vw, 360px\" \/><\/a>m\u00e1s seguro, resiliente y con mejores oportunidades para todas y todos\u00bb, afirm\u00f3 la mandataria guerrerense.<\/p>\n<p>Durante la sesi\u00f3n, se present\u00f3 un balance de los primeros 14 meses del Gobierno de M\u00e9xico, destacando avances significativos en materia de seguridad, donde estuvieron presentes las y los 32 gobernadores del pa\u00eds.<\/p>\n<p>El secretario de Seguridad, Omar Garc\u00eda Harfuch, inform\u00f3 que, gracias a la coordinaci\u00f3n institucional, se ha logrado la detenci\u00f3n de 38,700 personas por delitos de alto impacto, asegurado m\u00e1s de 20 mil armas de fuego y decomisado m\u00e1s de 300 toneladas de droga, adem\u00e1s de 1,700 laboratorios clandestinos desmantelados.<\/p>\n<p>Estos resultados han contribuido a una reducci\u00f3n del 37% en el promedio diario de homicidios dolosos, equivalente a 32 homicidios menos cada d\u00eda.<\/p>\n<p>En materia de extorsi\u00f3n, la estrategia nacional ha permitido recibir m\u00e1s de 102 mil llamadas al 089 y detener a m\u00e1s de 600 personas relacionadas con este delito en 22 estados, entre ellos, Guerrero.<\/p>\n<p>Como parte del Acuerdo Nacional contra la Extorsi\u00f3n, que establece la armonizaci\u00f3n legislativa en el pa\u00eds, Guerrero figura entre las entidades <a href=\"https:\/\/www.acapulcopress.com\/wp-content\/uploads\/2025\/12\/evelyn.pc5_.jpg\"><img loading=\"lazy\" decoding=\"async\" class=\"alignleft size-cmsmasters-square-thumb wp-image-1261776\" src=\"https:\/\/www.acapulcopress.com\/wp-content\/uploads\/2025\/12\/evelyn.pc5_-360x360.jpg\" alt=\"\" width=\"360\" height=\"360\" srcset=\"https:\/\/www.acapulcopress.com\/wp-content\/uploads\/2025\/12\/evelyn.pc5_-360x360.jpg 360w, https:\/\/www.acapulcopress.com\/wp-content\/uploads\/2025\/12\/evelyn.pc5_-150x150.jpg 150w, https:\/\/www.acapulcopress.com\/wp-content\/uploads\/2025\/12\/evelyn.pc5_-70x70.jpg 70w\" sizes=\"auto, (max-width: 360px) 100vw, 360px\" \/><\/a>que ya aprobaron las iniciativas enviadas por la gobernadora Evelyn Salgado, fortaleciendo el marco jur\u00eddico para combatir este delito.<\/p>\n<p>La secretaria de Gobernaci\u00f3n, <strong>Rosa Icela Rodr\u00edguez<\/strong>, subray\u00f3 que frente a los desaf\u00edos de cada territorio, el di\u00e1logo es la v\u00eda para responder a las demandas ciudadanas. Reconoci\u00f3 a las y los gobernadores que encabezan las Mesas de Coordinaci\u00f3n, destacando el trabajo de Evelyn Salgado en Guerrero.<\/p>\n<p>La titular del Secretariado Ejecutivo, Marcela Figueroa Franco, confirm\u00f3 la tendencia sostenida a la baja en homicidios dolosos, con 26 estados registrando disminuciones importantes. Entre ellos, Guerrero, que perfila el 2025 como el a\u00f1o con menos homicidios.<\/p>\n<p><strong>Atenci\u00f3n a emergencias y protecci\u00f3n civil<\/strong><\/p>\n<p>La titular de Protecci\u00f3n Civil Nacional, Laura Vel\u00e1zquez Alz\u00faa, se\u00f1al\u00f3 que este a\u00f1o el pa\u00eds enfrent\u00f3 eventos que pusieron a prueba a las instituciones, pero la coordinaci\u00f3n permiti\u00f3 responder con eficacia.<\/p>\n<p>Inform\u00f3 que para atender las afectaciones por lluvias y huracanes se movilizaron: 53 mil servidoras y servidores p\u00fablicos, 2,600 maquinarias, equipos y aeronaves.<\/p>\n<p>Gracias a ello, se logr\u00f3 superar la emergencia en menos de 30 d\u00edas en cinco entidades, entre ellas Guerrero.<\/p>\n<p><a href=\"https:\/\/www.acapulcopress.com\/wp-content\/uploads\/2025\/12\/evelyn.pc_.jpg\"><img loading=\"lazy\" decoding=\"async\" class=\"alignnone wp-image-1261772 size-large\" src=\"https:\/\/www.acapulcopress.com\/wp-content\/uploads\/2025\/12\/evelyn.pc_-1024x682.jpg\" alt=\"\" width=\"1024\" height=\"682\" srcset=\"https:\/\/www.acapulcopress.com\/wp-content\/uploads\/2025\/12\/evelyn.pc_-1024x682.jpg 1024w, https:\/\/www.acapulcopress.com\/wp-content\/uploads\/2025\/12\/evelyn.pc_-300x200.jpg 300w, https:\/\/www.acapulcopress.com\/wp-content\/uploads\/2025\/12\/evelyn.pc_-768x512.jpg 768w, https:\/\/www.acapulcopress.com\/wp-content\/uploads\/2025\/12\/evelyn.pc_-580x387.jpg 580w, https:\/\/www.acapulcopress.com\/wp-content\/uploads\/2025\/12\/evelyn.pc_-860x573.jpg 860w, https:\/\/www.acapulcopress.com\/wp-content\/uploads\/2025\/12\/evelyn.pc_-1160x773.jpg 1160w, https:\/\/www.acapulcopress.com\/wp-content\/uploads\/2025\/12\/evelyn.pc_.jpg 1280w\" sizes=\"auto, (max-width: 1024px) 100vw, 1024px\" \/><\/a><\/p>\n<p><a href=\"https:\/\/www.acapulcopress.com\/wp-content\/uploads\/2025\/12\/evelyn.pc9_.jpg\"><img loading=\"lazy\" decoding=\"async\" class=\"alignnone wp-image-1261780 size-large\" src=\"https:\/\/www.acapulcopress.com\/wp-content\/uploads\/2025\/12\/evelyn.pc9_-1024x682.jpg\" alt=\"\" width=\"1024\" height=\"682\" srcset=\"https:\/\/www.acapulcopress.com\/wp-content\/uploads\/2025\/12\/evelyn.pc9_-1024x682.jpg 1024w, https:\/\/www.acapulcopress.com\/wp-content\/uploads\/2025\/12\/evelyn.pc9_-300x200.jpg 300w, https:\/\/www.acapulcopress.com\/wp-content\/uploads\/2025\/12\/evelyn.pc9_-768x512.jpg 768w, https:\/\/www.acapulcopress.com\/wp-content\/uploads\/2025\/12\/evelyn.pc9_-580x387.jpg 580w, https:\/\/www.acapulcopress.com\/wp-content\/uploads\/2025\/12\/evelyn.pc9_-860x573.jpg 860w, https:\/\/www.acapulcopress.com\/wp-content\/uploads\/2025\/12\/evelyn.pc9_-1160x773.jpg 1160w, https:\/\/www.acapulcopress.com\/wp-content\/uploads\/2025\/12\/evelyn.pc9_.jpg 1280w\" sizes=\"auto, (max-width: 1024px) 100vw, 1024px\" \/><\/a><\/p>\n<p><em>* <a href=\"http:\/\/fb.me\/steparious\" target=\"_blank\" rel=\"noopener\">fb.me\/steparious<\/a>\u00a0| <a href=\"http:\/\/fb.me\/acapulcopress\" target=\"_blank\" rel=\"noopener\">fb.me\/acapulcopress<\/a><\/em><\/p>\n","protected":false},"excerpt":{"rendered":"<p>CIUDAD DE M\u00c9XICO * 11 de diciembre 2025 ) Palacio Nacional Al participar en la 52\u00aa Sesi\u00f3n Ordinaria del Consejo Nacional de Seguridad P\u00fablica y la 8\u00aa Sesi\u00f3n Ordinaria del Consejo Nacional de Protecci\u00f3n Civil, la gobernadora Evelyn Salgado Pineda reconoci\u00f3 el apoyo de la presidenta Claudia Sheinbaum Pardo y del gabinete de seguridad nacional,&#8230;<\/p>\n","protected":false},"author":1,"featured_media":1261782,"comment_status":"closed","ping_status":"open","sticky":false,"template":"","format":"standard","meta":{"footnotes":""},"categories":[1980,1983],"tags":[5853,6492,8251],"class_list":["post-1261771","post","type-post","status-publish","format-standard","has-post-thumbnail","hentry","category-goverment-2","category-guerrerogob","tag-claudia-sheinbaum-pardo","tag-consejo-nacional-de-proteccion-civil","tag-evelyn-salgado-pineda"],"_links":{"self":[{"href":"https:\/\/www.acapulcopress.com\/index.php\/wp-json\/wp\/v2\/posts\/1261771","targetHints":{"allow":["GET"]}}],"collection":[{"href":"https:\/\/www.acapulcopress.com\/index.php\/wp-json\/wp\/v2\/posts"}],"about":[{"href":"https:\/\/www.acapulcopress.com\/index.php\/wp-json\/wp\/v2\/types\/post"}],"author":[{"embeddable":true,"href":"https:\/\/www.acapulcopress.com\/index.php\/wp-json\/wp\/v2\/users\/1"}],"replies":[{"embeddable":true,"href":"https:\/\/www.acapulcopress.com\/index.php\/wp-json\/wp\/v2\/comments?post=1261771"}],"version-history":[{"count":2,"href":"https:\/\/www.acapulcopress.com\/index.php\/wp-json\/wp\/v2\/posts\/1261771\/revisions"}],"predecessor-version":[{"id":1261791,"href":"https:\/\/www.acapulcopress.com\/index.php\/wp-json\/wp\/v2\/posts\/1261771\/revisions\/1261791"}],"wp:featuredmedia":[{"embeddable":true,"href":"https:\/\/www.acapulcopress.com\/index.php\/wp-json\/wp\/v2\/media\/1261782"}],"wp:attachment":[{"href":"https:\/\/www.acapulcopress.com\/index.php\/wp-json\/wp\/v2\/media?parent=1261771"}],"wp:term":[{"taxonomy":"category","embeddable":true,"href":"https:\/\/www.acapulcopress.com\/index.php\/wp-json\/wp\/v2\/categories?post=1261771"},{"taxonomy":"post_tag","embeddable":true,"href":"https:\/\/www.acapulcopress.com\/index.php\/wp-json\/wp\/v2\/tags?post=1261771"}],"curies":[{"name":"wp","href":"https:\/\/api.w.org\/{rel}","templated":true}]}}