{"id":1261800,"date":"2025-11-03T21:36:15","date_gmt":"2025-11-04T03:36:15","guid":{"rendered":"https:\/\/www.acapulcopress.com\/?p=1261800"},"modified":"2025-12-11T21:42:00","modified_gmt":"2025-12-12T03:42:00","slug":"presentan-iniciativa-para-garantizar-correcta-instalacion-de-reductores-de-velocidad","status":"publish","type":"post","link":"https:\/\/www.acapulcopress.com\/index.php\/2025\/11\/03\/presentan-iniciativa-para-garantizar-correcta-instalacion-de-reductores-de-velocidad\/","title":{"rendered":"Presentan iniciativa para garantizar correcta instalaci\u00f3n de reductores de velocidad"},"content":{"rendered":"<p>CHILPANCINGO * 3 de noviebre 2025<br \/>\n<em>) LXVI Legislatura | Guerrero<br \/>\n<\/em> La<em> Comisi\u00f3n de Transporte<\/em> del Congreso del Estado analiza una iniciativa de reforma y adici\u00f3n a la <em>Ley N\u00famero 849 de Movilidad y Seguridad Vial del Estado de Guerrero<\/em> para establecer una regulaci\u00f3n clara sobre la instalaci\u00f3n, mantenimiento y se\u00f1alizaci\u00f3n de reductores de velocidad para su correcta ubicaci\u00f3n y dise\u00f1o conforme a las<em> Normas Oficiales Mexicanas,<\/em> prevenir accidentes, proteger la integridad de las personas y fortalecer la cultura de la seguridad vial.<\/p>\n<p>La diputada <strong>Leticia Rodr\u00edguez Armenta<\/strong>, promovente de la iniciativa, explic\u00f3 en tribuna que la propuesta de reforma contempla la coordinaci\u00f3n entre el gobierno estatal y los municipales para que garanticen que estos dispositivos cuenten con un estudio t\u00e9cnico de justificaci\u00f3n, dise\u00f1o y materiales adecuados, y la se\u00f1alizaci\u00f3n horizontal y vertical visible, conforme a las normas oficiales aplicables y la implementaci\u00f3n obligatoria de auditor\u00edas e inspecciones de seguridad vial que verifiquen su correcta instalaci\u00f3n y mantenimiento.<\/p>\n<p>Tambi\u00e9n plantea que la instalaci\u00f3n, modificaci\u00f3n o retiro de reductores de velocidad sin autorizaci\u00f3n sea sancionada conforme a la Ley de Movilidad y Seguridad Vial y a las disposiciones jur\u00eddicas vigentes, a fin de evitar improvisaciones que puedan derivar en accidentes o da\u00f1os materiales.<\/p>\n<p>Esto, debido a que actualmente la instalaci\u00f3n de reductores de velocidad, com\u00fanmente conocidos como \u201ctopes\u201d se colocan de manera improvisada, sin autorizaci\u00f3n ni se\u00f1alizaci\u00f3n adecuada, representando un riesgo constante para automovilistas, peatones y transportistas.<\/p>\n<p>La diputada integrante del Grupo Parlamentario de Morena se\u00f1al\u00f3 que de acuerdo con datos del INEGI, los accidentes viales son una de las principales causas de muerte en M\u00e9xico y muchas de estas tragedias se relacionan con la falta de dispositivos de control de velocidad o su instalaci\u00f3n irregular.<\/p>\n<p>Y en Guerrero, precis\u00f3, que esta situaci\u00f3n se agrava por la carencia de mantenimiento, la ausencia de estudios t\u00e9cnicos y la colocaci\u00f3n de reductores sin cumplir con la Norma Oficial Mexicana NOM-034-SCT2\/SEDATU-2022, referente a se\u00f1alizaci\u00f3n y dispositivos viales.<\/p>\n<p>Por lo anterior, la diputada Rodr\u00edguez Armenta destac\u00f3 que esta iniciativa se suma a la propuesta de reformas a la Ley de Transporte y Vialidad del Estado de Guerrero que present\u00f3 recientemente con el mismo fin, las cuales no s\u00f3lo tienen un enfoque t\u00e9cnico y normativo, sino tambi\u00e9n social, al priorizar la protecci\u00f3n de peatones, ciclistas, motociclistas y usuarios del transporte p\u00fablico, quienes son los m\u00e1s vulnerables ante los siniestros viales ya que una movilidad segura implica infraestructura bien planeada, educaci\u00f3n vial y la participaci\u00f3n responsable de todas y todos los actores del sistema de transporte.<br \/>\n<em>)\u00a0<a href=\"http:\/\/fb.me\/steparious\" target=\"_blank\" rel=\"noopener\">fb.me\/steparious<\/a>\u00a0)\u00a0<a href=\"http:\/\/fb.me\/acapulcopress\" target=\"_blank\" rel=\"noopener\">fb.me\/acapulcopress<\/a><\/em><\/p>\n","protected":false},"excerpt":{"rendered":"<p>CHILPANCINGO * 3 de noviebre 2025 ) LXVI Legislatura | Guerrero La Comisi\u00f3n de Transporte del Congreso del Estado analiza una iniciativa de reforma y adici\u00f3n a la Ley N\u00famero 849 de Movilidad y Seguridad Vial del Estado de Guerrero para establecer una regulaci\u00f3n clara sobre la instalaci\u00f3n, mantenimiento y se\u00f1alizaci\u00f3n de reductores de velocidad&#8230;<\/p>\n","protected":false},"author":1,"featured_media":1261801,"comment_status":"closed","ping_status":"open","sticky":false,"template":"","format":"standard","meta":{"footnotes":""},"categories":[2037,61],"tags":[6383,11796,18372],"class_list":["post-1261800","post","type-post","status-publish","format-standard","has-post-thumbnail","hentry","category-congreso-de-guerrero","category-legislacion","tag-congreso-del-estado-de-guerreo","tag-leticia-rodriguez-armenta","tag-lxvi-legislatura-guerrero"],"_links":{"self":[{"href":"https:\/\/www.acapulcopress.com\/index.php\/wp-json\/wp\/v2\/posts\/1261800","targetHints":{"allow":["GET"]}}],"collection":[{"href":"https:\/\/www.acapulcopress.com\/index.php\/wp-json\/wp\/v2\/posts"}],"about":[{"href":"https:\/\/www.acapulcopress.com\/index.php\/wp-json\/wp\/v2\/types\/post"}],"author":[{"embeddable":true,"href":"https:\/\/www.acapulcopress.com\/index.php\/wp-json\/wp\/v2\/users\/1"}],"replies":[{"embeddable":true,"href":"https:\/\/www.acapulcopress.com\/index.php\/wp-json\/wp\/v2\/comments?post=1261800"}],"version-history":[{"count":1,"href":"https:\/\/www.acapulcopress.com\/index.php\/wp-json\/wp\/v2\/posts\/1261800\/revisions"}],"predecessor-version":[{"id":1261802,"href":"https:\/\/www.acapulcopress.com\/index.php\/wp-json\/wp\/v2\/posts\/1261800\/revisions\/1261802"}],"wp:featuredmedia":[{"embeddable":true,"href":"https:\/\/www.acapulcopress.com\/index.php\/wp-json\/wp\/v2\/media\/1261801"}],"wp:attachment":[{"href":"https:\/\/www.acapulcopress.com\/index.php\/wp-json\/wp\/v2\/media?parent=1261800"}],"wp:term":[{"taxonomy":"category","embeddable":true,"href":"https:\/\/www.acapulcopress.com\/index.php\/wp-json\/wp\/v2\/categories?post=1261800"},{"taxonomy":"post_tag","embeddable":true,"href":"https:\/\/www.acapulcopress.com\/index.php\/wp-json\/wp\/v2\/tags?post=1261800"}],"curies":[{"name":"wp","href":"https:\/\/api.w.org\/{rel}","templated":true}]}}