{"id":1261806,"date":"2025-11-04T21:50:17","date_gmt":"2025-11-05T03:50:17","guid":{"rendered":"https:\/\/www.acapulcopress.com\/?p=1261806"},"modified":"2025-12-11T21:54:13","modified_gmt":"2025-12-12T03:54:13","slug":"piden-a-municipios-instalar-sistemas-y-consejos-de-proteccion-civil","status":"publish","type":"post","link":"https:\/\/www.acapulcopress.com\/index.php\/2025\/11\/04\/piden-a-municipios-instalar-sistemas-y-consejos-de-proteccion-civil\/","title":{"rendered":"Piden a municipios instalar sistemas y consejos de protecci\u00f3n civil"},"content":{"rendered":"<p>CHILPANCINGO * 4 de noviembre 2025<br \/>\n<em>) LXVI Legislatura | Guerrero<\/em><br \/>\nEl Congreso del Estado de Guerrero exhort\u00f3 a los 84 Ayuntamientos y al Consejo Municipal de Ayutla de los Libres a que instalen sus Sistemas y Consejos Municipales de Gesti\u00f3n Integral de Riesgos y Protecci\u00f3n Civil.<\/p>\n<p>Al fundamentar el dictamen, a nombre de la Comisi\u00f3n de Protecci\u00f3n Civil, la diputada <strong>Violeta Mart\u00ednez Pacheco<\/strong>, quien adem\u00e1s es promovente de la propuesta, destac\u00f3 que ante la creciente incidencia de fen\u00f3menos naturales que han afectado a las distintas regiones, se ha evidenciado la necesidad de fortalecer los mecanismos institucionales de respuesta, prevenci\u00f3n y gesti\u00f3n de riesgos.<\/p>\n<p>Dijo que la Ley de Gesti\u00f3n Integral de Riesgos y Protecci\u00f3n Civil del Estado de Guerrero establece que los municipios instalar\u00e1n sus propios Sistemas y Consejos Municipales para garantizar la correcta aplicaci\u00f3n de pol\u00edticas y mecanismos de coordinaci\u00f3n, preparaci\u00f3n y respuesta para hacer frente a los agentes perturbadores que causen situaciones de emergencia.<\/p>\n<p>Refiri\u00f3 que dichos Sistemas permitir\u00e1n garantizar la seguridad, la prevenci\u00f3n y la respuesta ante desastres a nivel municipal como primeros respondientes, ya que los municipios, al ser la instancia de gobierno m\u00e1s cercana a la poblaci\u00f3n, poseen un conocimiento m\u00e1s exacto del territorio, de sus riesgos y vulnerabilidad social, permitiendo diagnosticar e identificar zonas de riesgo y promover una cultura de prevenci\u00f3n en la poblaci\u00f3n para reaccionar de una manera m\u00e1s r\u00e1pida y eficiente.<\/p>\n<p>Adem\u00e1s, asegur\u00f3 que con estos se permitir\u00e1 una mejor coordinaci\u00f3n interinstitucional, al ser un enlace entre el municipio y los sistemas estatales de protecci\u00f3n civil, facilitando la implementaci\u00f3n de planes y programas de emergencia y el acceso a recursos humanos, t\u00e9cnicos, y financieros.<\/p>\n<p>Finalmente, destac\u00f3 que un sistema municipal de protecci\u00f3n civil salva vidas, reduce riesgos y fortalece a las comunidades ante cualquier emergencia.<\/p>\n<p><strong>Iniciativas<br \/>\n<\/strong><br \/>\nEl diputado Juli\u00e1n L\u00f3pez Galeana (MC) present\u00f3 una iniciativa de reforma a la Ley Org\u00e1nica del Poder Legislativo del Estado de Guerrero, con el objetivo de crear la Comisi\u00f3n Ordinaria de Derechos Digitales e Inteligencia Artificial, como un \u00f3rgano especializado encargado de analizar, dictaminar y dar seguimiento a temas relacionados con la ciberseguridad y la protecci\u00f3n de datos personales, entre otros. Fue turnada a la Comisi\u00f3n de Estudios Constitucionales y Jur\u00eddicos.<\/p>\n<p>La diputada Erika Lorena L\u00fchrs Cort\u00e9s (MC) present\u00f3 una iniciativa para reformar los p\u00e1rrafos segundo y tercero del Art\u00edculo 54 de la Ley de Movilidad y Seguridad Vial del Estado de Guerrero, para que el personal de la Polic\u00eda de Tr\u00e1nsito y Vialidad est\u00e9 obligado a portar c\u00e1maras corporales durante la realizaci\u00f3n de operativos y grabar su desarrollo, con el prop\u00f3sito de transparentar su actuaci\u00f3n, prevenir actos de corrupci\u00f3n y proteger los derechos humanos de las personas.<\/p>\n<p><em>)\u00a0<a href=\"http:\/\/fb.me\/steparious\" target=\"_blank\" rel=\"noopener\">fb.me\/steparious<\/a>\u00a0)\u00a0<a href=\"http:\/\/fb.me\/acapulcopress\" target=\"_blank\" rel=\"noopener\">fb.me\/acapulcopress<\/a><\/em><\/p>\n","protected":false},"excerpt":{"rendered":"<p>CHILPANCINGO * 4 de noviembre 2025 ) LXVI Legislatura | Guerrero El Congreso del Estado de Guerrero exhort\u00f3 a los 84 Ayuntamientos y al Consejo Municipal de Ayutla de los Libres a que instalen sus Sistemas y Consejos Municipales de Gesti\u00f3n Integral de Riesgos y Protecci\u00f3n Civil. Al fundamentar el dictamen, a nombre de la&#8230;<\/p>\n","protected":false},"author":1,"featured_media":1261807,"comment_status":"closed","ping_status":"open","sticky":false,"template":"","format":"standard","meta":{"footnotes":""},"categories":[2037,61],"tags":[18372],"class_list":["post-1261806","post","type-post","status-publish","format-standard","has-post-thumbnail","hentry","category-congreso-de-guerrero","category-legislacion","tag-lxvi-legislatura-guerrero"],"_links":{"self":[{"href":"https:\/\/www.acapulcopress.com\/index.php\/wp-json\/wp\/v2\/posts\/1261806","targetHints":{"allow":["GET"]}}],"collection":[{"href":"https:\/\/www.acapulcopress.com\/index.php\/wp-json\/wp\/v2\/posts"}],"about":[{"href":"https:\/\/www.acapulcopress.com\/index.php\/wp-json\/wp\/v2\/types\/post"}],"author":[{"embeddable":true,"href":"https:\/\/www.acapulcopress.com\/index.php\/wp-json\/wp\/v2\/users\/1"}],"replies":[{"embeddable":true,"href":"https:\/\/www.acapulcopress.com\/index.php\/wp-json\/wp\/v2\/comments?post=1261806"}],"version-history":[{"count":1,"href":"https:\/\/www.acapulcopress.com\/index.php\/wp-json\/wp\/v2\/posts\/1261806\/revisions"}],"predecessor-version":[{"id":1261808,"href":"https:\/\/www.acapulcopress.com\/index.php\/wp-json\/wp\/v2\/posts\/1261806\/revisions\/1261808"}],"wp:featuredmedia":[{"embeddable":true,"href":"https:\/\/www.acapulcopress.com\/index.php\/wp-json\/wp\/v2\/media\/1261807"}],"wp:attachment":[{"href":"https:\/\/www.acapulcopress.com\/index.php\/wp-json\/wp\/v2\/media?parent=1261806"}],"wp:term":[{"taxonomy":"category","embeddable":true,"href":"https:\/\/www.acapulcopress.com\/index.php\/wp-json\/wp\/v2\/categories?post=1261806"},{"taxonomy":"post_tag","embeddable":true,"href":"https:\/\/www.acapulcopress.com\/index.php\/wp-json\/wp\/v2\/tags?post=1261806"}],"curies":[{"name":"wp","href":"https:\/\/api.w.org\/{rel}","templated":true}]}}