{"id":1261821,"date":"2025-11-07T22:33:01","date_gmt":"2025-11-08T04:33:01","guid":{"rendered":"https:\/\/www.acapulcopress.com\/?p=1261821"},"modified":"2025-12-11T22:35:46","modified_gmt":"2025-12-12T04:35:46","slug":"proponen-regular-jornada-laboral-acumulada-en-el-servicio-publico-estatal-y-municipal","status":"publish","type":"post","link":"https:\/\/www.acapulcopress.com\/index.php\/2025\/11\/07\/proponen-regular-jornada-laboral-acumulada-en-el-servicio-publico-estatal-y-municipal\/","title":{"rendered":"Proponen regular jornada laboral acumulada en el servicio p\u00fablico estatal y municipal"},"content":{"rendered":"<p>CHILPANCINGO * 7 de noviembre 2025<br \/>\n<em>) LXVI Legislatura | Guerrero<\/em><br \/>\nPara regular la jornada laboral acumulada en \u00e1reas operativas del personal del servicio p\u00fablico estatal y municipal, garantizando con ello condiciones laborales justas y horarios compatibles con las necesidades del servicio y bienestar, el diputado <strong>Marco Tulio S\u00e1nchez Alarc\u00f3n<\/strong> present\u00f3 una iniciativa.<\/p>\n<p>En la propuesta que analiza la Comisi\u00f3n de Desarrollo Econ\u00f3mico y Trabajo del Congreso del Estado para reformar y adicionar la Ley de Estatuto de los Trabajadores al Servicio del Estado, de los Municipios y de los Organismos P\u00fablicos Coordinados y Descentralizados del Estado de Guerrero, se se\u00f1ala que en M\u00e9xico los derechos laborales han sido fruto de largas luchas sociales y conquistas hist\u00f3ricas que derivaron en el reconocimiento constitucional al trabajo digno, la jornada m\u00e1xima y la protecci\u00f3n de los trabajadores.<\/p>\n<p>S\u00e1nchez Alarc\u00f3n expuso que, en \u00e1reas como Seguridad P\u00fablica, Protecci\u00f3n Civil, Bomberos, Salud, Servicios P\u00fablicos, Agua Potable, Mercados y Tr\u00e1nsito, entre otras, existe personal que labora en fines de semana y d\u00edas inh\u00e1biles bajo la modalidad conocida como \u201cJornada acumulada\u201d; sin embargo, al no estar plenamente reconocida en la ley, su aplicaci\u00f3n ha derivado en jornadas excesivas, afectaci\u00f3n de periodos vacacionales, restricciones a permisos econ\u00f3micos y asignaciones laborales arbitrarias.<\/p>\n<p>Destac\u00f3 que, en municipios como Acapulco, Zihuatanejo, Chilpancingo, Iguala, Taxco, Tlapa y Ometepec, entre otros, se estima que alrededor de cinco mil trabajadores prestan servicio bajo esta modalidad, quienes cumplen funciones esenciales para la atenci\u00f3n ciudadana, la seguridad p\u00fablica, la prestaci\u00f3n de servicios y la operaci\u00f3n administrativa continua, debido a que se tiene un marco legal que debe actualizarse para responder a las realidades actuales del servicio operativo.<\/p>\n<p>Por ello, explic\u00f3 que la iniciativa busca establecer en la ley la figura de \u201cJornada acumulada\u201d, definiendo sus alcances, horarios, derechos, d\u00edas de descanso y condiciones laborales, garantizando con ello que las y los trabajadores reciban una distribuci\u00f3n justa de horarios y el pleno respeto a derechos como vacaciones, compensaciones y descansos obligatorios.<\/p>\n<p>Por \u00faltimo, el diputado se\u00f1al\u00f3 que esta reforma representa avanzar hacia relaciones laborales m\u00e1s justas, humanas y ordenadas, reconociendo el esfuerzo de quienes sostienen el funcionamiento de los servicios esenciales los 365 d\u00edas del a\u00f1o.<br \/>\n<em>)\u00a0<a href=\"http:\/\/fb.me\/steparious\" target=\"_blank\" rel=\"noopener\">fb.me\/steparious<\/a>\u00a0)\u00a0<a href=\"http:\/\/fb.me\/acapulcopress\" target=\"_blank\" rel=\"noopener\">fb.me\/acapulcopress<\/a><\/em><\/p>\n","protected":false},"excerpt":{"rendered":"<p>CHILPANCINGO * 7 de noviembre 2025 ) LXVI Legislatura | Guerrero Para regular la jornada laboral acumulada en \u00e1reas operativas del personal del servicio p\u00fablico estatal y municipal, garantizando con ello condiciones laborales justas y horarios compatibles con las necesidades del servicio y bienestar, el diputado Marco Tulio S\u00e1nchez Alarc\u00f3n present\u00f3 una iniciativa. En la&#8230;<\/p>\n","protected":false},"author":1,"featured_media":1261822,"comment_status":"closed","ping_status":"open","sticky":false,"template":"","format":"standard","meta":{"footnotes":""},"categories":[2037,61],"tags":[18372,12491],"class_list":["post-1261821","post","type-post","status-publish","format-standard","has-post-thumbnail","hentry","category-congreso-de-guerrero","category-legislacion","tag-lxvi-legislatura-guerrero","tag-marco-tulio-sanchez-alarcon"],"_links":{"self":[{"href":"https:\/\/www.acapulcopress.com\/index.php\/wp-json\/wp\/v2\/posts\/1261821","targetHints":{"allow":["GET"]}}],"collection":[{"href":"https:\/\/www.acapulcopress.com\/index.php\/wp-json\/wp\/v2\/posts"}],"about":[{"href":"https:\/\/www.acapulcopress.com\/index.php\/wp-json\/wp\/v2\/types\/post"}],"author":[{"embeddable":true,"href":"https:\/\/www.acapulcopress.com\/index.php\/wp-json\/wp\/v2\/users\/1"}],"replies":[{"embeddable":true,"href":"https:\/\/www.acapulcopress.com\/index.php\/wp-json\/wp\/v2\/comments?post=1261821"}],"version-history":[{"count":1,"href":"https:\/\/www.acapulcopress.com\/index.php\/wp-json\/wp\/v2\/posts\/1261821\/revisions"}],"predecessor-version":[{"id":1261823,"href":"https:\/\/www.acapulcopress.com\/index.php\/wp-json\/wp\/v2\/posts\/1261821\/revisions\/1261823"}],"wp:featuredmedia":[{"embeddable":true,"href":"https:\/\/www.acapulcopress.com\/index.php\/wp-json\/wp\/v2\/media\/1261822"}],"wp:attachment":[{"href":"https:\/\/www.acapulcopress.com\/index.php\/wp-json\/wp\/v2\/media?parent=1261821"}],"wp:term":[{"taxonomy":"category","embeddable":true,"href":"https:\/\/www.acapulcopress.com\/index.php\/wp-json\/wp\/v2\/categories?post=1261821"},{"taxonomy":"post_tag","embeddable":true,"href":"https:\/\/www.acapulcopress.com\/index.php\/wp-json\/wp\/v2\/tags?post=1261821"}],"curies":[{"name":"wp","href":"https:\/\/api.w.org\/{rel}","templated":true}]}}