{"id":1261824,"date":"2025-11-07T22:37:40","date_gmt":"2025-11-08T04:37:40","guid":{"rendered":"https:\/\/www.acapulcopress.com\/?p=1261824"},"modified":"2025-12-11T22:41:51","modified_gmt":"2025-12-12T04:41:51","slug":"piden-crear-comision-legislativa-de-derechos-digitales-e-inteligencia-artificial","status":"publish","type":"post","link":"https:\/\/www.acapulcopress.com\/index.php\/2025\/11\/07\/piden-crear-comision-legislativa-de-derechos-digitales-e-inteligencia-artificial\/","title":{"rendered":"Piden crear Comisi\u00f3n Legislativa de Derechos Digitales e Inteligencia Artificial"},"content":{"rendered":"<p>CHILPANCINGO * 7 de noviembre 2025<br \/>\n<em>) LXVI Legislatura | Guerrero<\/em><br \/>\nEl diputado<strong> Juli\u00e1n L\u00f3pez Galeana<\/strong> (MC) present\u00f3 una iniciativa de reforma a la<em> Ley Org\u00e1nica del Poder Legislativo del Estado de Guerrero<\/em> para crear la Comisi\u00f3n Ordinaria de <em>Derechos Digitales e Inteligencia Artificial,<\/em> como un \u00f3rgano especializado encargado de analizar, dictaminar y dar seguimiento a temas relacionados con la ciberseguridad y la protecci\u00f3n de datos personales, entre otros.<\/p>\n<p>Al exponer en tribuna, el diputado destac\u00f3 que el mundo vive una transformaci\u00f3n acelerada impulsada por la inteligencia artificial, los algoritmos, los datos masivos y la automatizaci\u00f3n, elementos que est\u00e1n modificando la econom\u00eda, la educaci\u00f3n, la pol\u00edtica y la vida cotidiana, dichas innovaciones, aunque significan avances importantes, tambi\u00e9n plantean desaf\u00edos \u00e9ticos, sociales y jur\u00eddicos que requieren respuestas legislativas claras y modernas.<\/p>\n<p>Record\u00f3 que durante la pandemia de COVID-19 millones de personas migraron obligadamente al entorno digital, lo que evidenci\u00f3 tanto el potencial de la tecnolog\u00eda como la brecha digital que a\u00fan persiste entre quienes tienen acceso al conocimiento y quienes permanecen excluidos, situaci\u00f3n que debe ser revertida con responsabilidad moral y constitucional.<\/p>\n<p>Por ello, explic\u00f3 que la iniciativa propone que la nueva comisi\u00f3n sea el espacio institucional para analizar, dictaminar y supervisar asuntos relacionados con la protecci\u00f3n de los derechos digitales, la gobernanza tecnol\u00f3gica, la ciberseguridad, la privacidad de los datos, la inclusi\u00f3n digital y el desarrollo \u00e9tico de la inteligencia artificial en Guerrero.<\/p>\n<p>Juli\u00e1n L\u00f3pez sostuvo que, con la creaci\u00f3n de esta comisi\u00f3n ordinaria Guerrero podr\u00eda convertirse en un referente nacional, armonizando su estructura legislativa con las agendas digitales promovidas a nivel federal y con principios internacionales establecidos por organismos como la ONU y la UNESCO, que reconocen el acceso a Internet y la alfabetizaci\u00f3n digital como derechos humanos.<\/p>\n<p>La iniciativa fue turnada a la Comisi\u00f3n de Estudios Constitucionales y Jur\u00eddicos para continuar con su tr\u00e1mite legislativo.<br \/>\n<em>)\u00a0<a href=\"http:\/\/fb.me\/steparious\" target=\"_blank\" rel=\"noopener\">fb.me\/steparious<\/a>\u00a0)\u00a0<a href=\"http:\/\/fb.me\/acapulcopress\" target=\"_blank\" rel=\"noopener\">fb.me\/acapulcopress<\/a><\/em><\/p>\n","protected":false},"excerpt":{"rendered":"<p>CHILPANCINGO * 7 de noviembre 2025 ) LXVI Legislatura | Guerrero El diputado Juli\u00e1n L\u00f3pez Galeana (MC) present\u00f3 una iniciativa de reforma a la Ley Org\u00e1nica del Poder Legislativo del Estado de Guerrero para crear la Comisi\u00f3n Ordinaria de Derechos Digitales e Inteligencia Artificial, como un \u00f3rgano especializado encargado de analizar, dictaminar y dar seguimiento&#8230;<\/p>\n","protected":false},"author":1,"featured_media":1261825,"comment_status":"closed","ping_status":"open","sticky":false,"template":"","format":"standard","meta":{"footnotes":""},"categories":[2037,61],"tags":[18970,11308,18371,18372],"class_list":["post-1261824","post","type-post","status-publish","format-standard","has-post-thumbnail","hentry","category-congreso-de-guerrero","category-legislacion","tag-derechos-digitales-e-inteligencia-artificial","tag-julian-lopez-galeana","tag-ley-organica-del-poder-legislativo-del-estado-de-guerrero","tag-lxvi-legislatura-guerrero"],"_links":{"self":[{"href":"https:\/\/www.acapulcopress.com\/index.php\/wp-json\/wp\/v2\/posts\/1261824","targetHints":{"allow":["GET"]}}],"collection":[{"href":"https:\/\/www.acapulcopress.com\/index.php\/wp-json\/wp\/v2\/posts"}],"about":[{"href":"https:\/\/www.acapulcopress.com\/index.php\/wp-json\/wp\/v2\/types\/post"}],"author":[{"embeddable":true,"href":"https:\/\/www.acapulcopress.com\/index.php\/wp-json\/wp\/v2\/users\/1"}],"replies":[{"embeddable":true,"href":"https:\/\/www.acapulcopress.com\/index.php\/wp-json\/wp\/v2\/comments?post=1261824"}],"version-history":[{"count":1,"href":"https:\/\/www.acapulcopress.com\/index.php\/wp-json\/wp\/v2\/posts\/1261824\/revisions"}],"predecessor-version":[{"id":1261826,"href":"https:\/\/www.acapulcopress.com\/index.php\/wp-json\/wp\/v2\/posts\/1261824\/revisions\/1261826"}],"wp:featuredmedia":[{"embeddable":true,"href":"https:\/\/www.acapulcopress.com\/index.php\/wp-json\/wp\/v2\/media\/1261825"}],"wp:attachment":[{"href":"https:\/\/www.acapulcopress.com\/index.php\/wp-json\/wp\/v2\/media?parent=1261824"}],"wp:term":[{"taxonomy":"category","embeddable":true,"href":"https:\/\/www.acapulcopress.com\/index.php\/wp-json\/wp\/v2\/categories?post=1261824"},{"taxonomy":"post_tag","embeddable":true,"href":"https:\/\/www.acapulcopress.com\/index.php\/wp-json\/wp\/v2\/tags?post=1261824"}],"curies":[{"name":"wp","href":"https:\/\/api.w.org\/{rel}","templated":true}]}}