{"id":1261850,"date":"2025-12-15T18:39:03","date_gmt":"2025-12-16T00:39:03","guid":{"rendered":"https:\/\/www.acapulcopress.com\/?p=1261850"},"modified":"2025-12-15T18:54:25","modified_gmt":"2025-12-16T00:54:25","slug":"publicitaran-cultura-y-tradicion-de-guerrero-en-transporte","status":"publish","type":"post","link":"https:\/\/www.acapulcopress.com\/index.php\/2025\/12\/15\/publicitaran-cultura-y-tradicion-de-guerrero-en-transporte\/","title":{"rendered":"Publicitar\u00e1n cultura de Guerrero en transporte"},"content":{"rendered":"<p>ACAPULCO * 15 de diciembre 2025<br \/>\n<em>) Transporte y Vialidad Guerrero<br \/>\n<\/em><a href=\"https:\/\/www.acapulcopress.com\/wp-content\/uploads\/2025\/12\/MOVILGRO7.jpg\"><img loading=\"lazy\" decoding=\"async\" class=\"alignleft size-cmsmasters-square-thumb wp-image-1261858\" src=\"https:\/\/www.acapulcopress.com\/wp-content\/uploads\/2025\/12\/MOVILGRO7-360x360.jpg\" alt=\"\" width=\"360\" height=\"360\" srcset=\"https:\/\/www.acapulcopress.com\/wp-content\/uploads\/2025\/12\/MOVILGRO7-360x360.jpg 360w, https:\/\/www.acapulcopress.com\/wp-content\/uploads\/2025\/12\/MOVILGRO7-150x150.jpg 150w, https:\/\/www.acapulcopress.com\/wp-content\/uploads\/2025\/12\/MOVILGRO7-70x70.jpg 70w\" sizes=\"auto, (max-width: 360px) 100vw, 360px\" \/><\/a>Con el objetivo de mejorar la imagen del transporte p\u00fablico en Guerrero, el director general de la <em>Comisi\u00f3n T\u00e9cnica de Transporte y Vialidad<\/em> <em>del Estado de Guerrero<\/em>, <strong>Arturo Salinas Sandoval<\/strong>, puso en marcha la campa\u00f1a \u00abGuerrero M\u00f3vil\u00bb.<\/p>\n<p>Dicha iniciativa consiste en que camiones urbanos lucir\u00e1n diversos y coloridos dise\u00f1os inspirados en la cultura y las tradiciones del estado, iniciando sus recorridos diarios por la franja tur\u00edstica de Acapulco.<\/p>\n<p>En la primera fase 12 camiones urbanos de las diferentes rutas que brindan el servicio p\u00fablico en las tres zonas tur\u00edsticas de Acapulco se revestir\u00e1n con coloridos dise\u00f1os. Seis de ellos ya circulan por todo el puerto, inform\u00f3 el director Arturo Salinas Sandoval.<\/p>\n<p>A esta acci\u00f3n se sumar\u00e1n otras modalidades del servicio de transporte p\u00fablico y se espera que en breve tambi\u00e9n taxis promuevan la imagen de Guerrero M\u00f3vil en todo el territorio guerrerense, inform\u00f3 el funcionario estatal.<\/p>\n<p>Arturo Salinas, destac\u00f3 la disposici\u00f3n de los transportistas para sumarse a mejorar la imagen del puerto y de todo el estado, respaldando las iniciativas de la gobernadora Evelyn Salgado Pineda, en la ruta de la transformaci\u00f3n de Guerrero y la dignificaci\u00f3n de su transporte p\u00fablico en beneficio de la poblaci\u00f3n.<\/p>\n<p><a href=\"https:\/\/www.acapulcopress.com\/wp-content\/uploads\/2025\/12\/MOVILGRO6.jpg\"><img loading=\"lazy\" decoding=\"async\" class=\"alignnone wp-image-1261857 size-large\" src=\"https:\/\/www.acapulcopress.com\/wp-content\/uploads\/2025\/12\/MOVILGRO6-1024x683.jpg\" alt=\"\" width=\"1024\" height=\"683\" srcset=\"https:\/\/www.acapulcopress.com\/wp-content\/uploads\/2025\/12\/MOVILGRO6-1024x683.jpg 1024w, https:\/\/www.acapulcopress.com\/wp-content\/uploads\/2025\/12\/MOVILGRO6-300x200.jpg 300w, https:\/\/www.acapulcopress.com\/wp-content\/uploads\/2025\/12\/MOVILGRO6-768x512.jpg 768w, https:\/\/www.acapulcopress.com\/wp-content\/uploads\/2025\/12\/MOVILGRO6-580x387.jpg 580w, https:\/\/www.acapulcopress.com\/wp-content\/uploads\/2025\/12\/MOVILGRO6-860x574.jpg 860w, https:\/\/www.acapulcopress.com\/wp-content\/uploads\/2025\/12\/MOVILGRO6-1160x774.jpg 1160w, https:\/\/www.acapulcopress.com\/wp-content\/uploads\/2025\/12\/MOVILGRO6.jpg 1280w\" sizes=\"auto, (max-width: 1024px) 100vw, 1024px\" \/><\/a> <a href=\"https:\/\/www.acapulcopress.com\/wp-content\/uploads\/2025\/12\/MOVILGRO5.jpg\"><img loading=\"lazy\" decoding=\"async\" class=\"alignnone wp-image-1261856 size-large\" src=\"https:\/\/www.acapulcopress.com\/wp-content\/uploads\/2025\/12\/MOVILGRO5-1024x683.jpg\" alt=\"\" width=\"1024\" height=\"683\" srcset=\"https:\/\/www.acapulcopress.com\/wp-content\/uploads\/2025\/12\/MOVILGRO5-1024x683.jpg 1024w, https:\/\/www.acapulcopress.com\/wp-content\/uploads\/2025\/12\/MOVILGRO5-300x200.jpg 300w, https:\/\/www.acapulcopress.com\/wp-content\/uploads\/2025\/12\/MOVILGRO5-768x512.jpg 768w, https:\/\/www.acapulcopress.com\/wp-content\/uploads\/2025\/12\/MOVILGRO5-580x387.jpg 580w, https:\/\/www.acapulcopress.com\/wp-content\/uploads\/2025\/12\/MOVILGRO5-860x574.jpg 860w, https:\/\/www.acapulcopress.com\/wp-content\/uploads\/2025\/12\/MOVILGRO5-1160x774.jpg 1160w, https:\/\/www.acapulcopress.com\/wp-content\/uploads\/2025\/12\/MOVILGRO5.jpg 1280w\" sizes=\"auto, (max-width: 1024px) 100vw, 1024px\" \/><\/a> <a href=\"https:\/\/www.acapulcopress.com\/wp-content\/uploads\/2025\/12\/MOVILGRO4.jpg\"><img loading=\"lazy\" decoding=\"async\" class=\"alignnone wp-image-1261855 size-large\" src=\"https:\/\/www.acapulcopress.com\/wp-content\/uploads\/2025\/12\/MOVILGRO4-1024x683.jpg\" alt=\"\" width=\"1024\" height=\"683\" srcset=\"https:\/\/www.acapulcopress.com\/wp-content\/uploads\/2025\/12\/MOVILGRO4-1024x683.jpg 1024w, https:\/\/www.acapulcopress.com\/wp-content\/uploads\/2025\/12\/MOVILGRO4-300x200.jpg 300w, https:\/\/www.acapulcopress.com\/wp-content\/uploads\/2025\/12\/MOVILGRO4-768x512.jpg 768w, https:\/\/www.acapulcopress.com\/wp-content\/uploads\/2025\/12\/MOVILGRO4-580x387.jpg 580w, https:\/\/www.acapulcopress.com\/wp-content\/uploads\/2025\/12\/MOVILGRO4-860x574.jpg 860w, https:\/\/www.acapulcopress.com\/wp-content\/uploads\/2025\/12\/MOVILGRO4-1160x774.jpg 1160w, https:\/\/www.acapulcopress.com\/wp-content\/uploads\/2025\/12\/MOVILGRO4.jpg 1280w\" sizes=\"auto, (max-width: 1024px) 100vw, 1024px\" \/><\/a><\/p>\n<p><a href=\"https:\/\/www.acapulcopress.com\/wp-content\/uploads\/2025\/12\/MOVILGRO3.jpg\"><img loading=\"lazy\" decoding=\"async\" class=\"alignnone wp-image-1261854 size-large\" src=\"https:\/\/www.acapulcopress.com\/wp-content\/uploads\/2025\/12\/MOVILGRO3-1024x683.jpg\" alt=\"\" width=\"1024\" height=\"683\" srcset=\"https:\/\/www.acapulcopress.com\/wp-content\/uploads\/2025\/12\/MOVILGRO3-1024x683.jpg 1024w, https:\/\/www.acapulcopress.com\/wp-content\/uploads\/2025\/12\/MOVILGRO3-300x200.jpg 300w, https:\/\/www.acapulcopress.com\/wp-content\/uploads\/2025\/12\/MOVILGRO3-768x512.jpg 768w, https:\/\/www.acapulcopress.com\/wp-content\/uploads\/2025\/12\/MOVILGRO3-580x387.jpg 580w, https:\/\/www.acapulcopress.com\/wp-content\/uploads\/2025\/12\/MOVILGRO3-860x574.jpg 860w, https:\/\/www.acapulcopress.com\/wp-content\/uploads\/2025\/12\/MOVILGRO3-1160x774.jpg 1160w, https:\/\/www.acapulcopress.com\/wp-content\/uploads\/2025\/12\/MOVILGRO3.jpg 1280w\" sizes=\"auto, (max-width: 1024px) 100vw, 1024px\" \/><\/a><\/p>\n<p><a href=\"https:\/\/www.acapulcopress.com\/wp-content\/uploads\/2025\/12\/MOVILGRO1.jpg\"><img loading=\"lazy\" decoding=\"async\" class=\"alignnone wp-image-1261852 size-large\" src=\"https:\/\/www.acapulcopress.com\/wp-content\/uploads\/2025\/12\/MOVILGRO1-1024x683.jpg\" alt=\"\" width=\"1024\" height=\"683\" srcset=\"https:\/\/www.acapulcopress.com\/wp-content\/uploads\/2025\/12\/MOVILGRO1-1024x683.jpg 1024w, https:\/\/www.acapulcopress.com\/wp-content\/uploads\/2025\/12\/MOVILGRO1-300x200.jpg 300w, https:\/\/www.acapulcopress.com\/wp-content\/uploads\/2025\/12\/MOVILGRO1-768x512.jpg 768w, https:\/\/www.acapulcopress.com\/wp-content\/uploads\/2025\/12\/MOVILGRO1-580x387.jpg 580w, https:\/\/www.acapulcopress.com\/wp-content\/uploads\/2025\/12\/MOVILGRO1-860x574.jpg 860w, https:\/\/www.acapulcopress.com\/wp-content\/uploads\/2025\/12\/MOVILGRO1-1160x774.jpg 1160w, https:\/\/www.acapulcopress.com\/wp-content\/uploads\/2025\/12\/MOVILGRO1.jpg 1280w\" sizes=\"auto, (max-width: 1024px) 100vw, 1024px\" \/><\/a><\/p>\n<div style=\"width: 832px;\" class=\"wp-video\"><video class=\"wp-video-shortcode\" id=\"video-1261850-1\" width=\"832\" height=\"464\" preload=\"metadata\" controls=\"controls\"><source type=\"video\/mp4\" src=\"https:\/\/www.acapulcopress.com\/wp-content\/uploads\/2025\/12\/MOVILGRO.mp4?_=1\" \/><a href=\"https:\/\/www.acapulcopress.com\/wp-content\/uploads\/2025\/12\/MOVILGRO.mp4\">https:\/\/www.acapulcopress.com\/wp-content\/uploads\/2025\/12\/MOVILGRO.mp4<\/a><\/video><\/div>\n<p><em><br \/>\n<a href=\"http:\/\/%2A%20fb.me\/steparious\" target=\"_blank\" rel=\"noopener\">* fb.me\/steparious\u00a0<\/a>*\u00a0<a href=\"http:\/\/fb.me\/acapulcopress\" target=\"_blank\" rel=\"noopener\">fb.me\/acapulcopress<\/a><\/em><\/p>\n","protected":false},"excerpt":{"rendered":"<p>Con el objetivo de mejorar la imagen del transporte p\u00fablico en Guerrero, el director general de la Comisi\u00f3n T\u00e9cnica de Transporte y Vialidad del Estado de Guerrero, Arturo Salinas Sandoval, puso en marcha la campa\u00f1a \u00abGuerrero M\u00f3vil\u00bb.<\/p>\n","protected":false},"author":1,"featured_media":1261859,"comment_status":"closed","ping_status":"open","sticky":false,"template":"","format":"standard","meta":{"footnotes":""},"categories":[2058,1988],"tags":[18977,4223],"class_list":["post-1261850","post","type-post","status-publish","format-standard","has-post-thumbnail","hentry","category-festivales-y-tradiciones","category-lifestyles","tag-guerrero-movil","tag-arturo-salinas-sandoval"],"_links":{"self":[{"href":"https:\/\/www.acapulcopress.com\/index.php\/wp-json\/wp\/v2\/posts\/1261850","targetHints":{"allow":["GET"]}}],"collection":[{"href":"https:\/\/www.acapulcopress.com\/index.php\/wp-json\/wp\/v2\/posts"}],"about":[{"href":"https:\/\/www.acapulcopress.com\/index.php\/wp-json\/wp\/v2\/types\/post"}],"author":[{"embeddable":true,"href":"https:\/\/www.acapulcopress.com\/index.php\/wp-json\/wp\/v2\/users\/1"}],"replies":[{"embeddable":true,"href":"https:\/\/www.acapulcopress.com\/index.php\/wp-json\/wp\/v2\/comments?post=1261850"}],"version-history":[{"count":3,"href":"https:\/\/www.acapulcopress.com\/index.php\/wp-json\/wp\/v2\/posts\/1261850\/revisions"}],"predecessor-version":[{"id":1261862,"href":"https:\/\/www.acapulcopress.com\/index.php\/wp-json\/wp\/v2\/posts\/1261850\/revisions\/1261862"}],"wp:featuredmedia":[{"embeddable":true,"href":"https:\/\/www.acapulcopress.com\/index.php\/wp-json\/wp\/v2\/media\/1261859"}],"wp:attachment":[{"href":"https:\/\/www.acapulcopress.com\/index.php\/wp-json\/wp\/v2\/media?parent=1261850"}],"wp:term":[{"taxonomy":"category","embeddable":true,"href":"https:\/\/www.acapulcopress.com\/index.php\/wp-json\/wp\/v2\/categories?post=1261850"},{"taxonomy":"post_tag","embeddable":true,"href":"https:\/\/www.acapulcopress.com\/index.php\/wp-json\/wp\/v2\/tags?post=1261850"}],"curies":[{"name":"wp","href":"https:\/\/api.w.org\/{rel}","templated":true}]}}