{"id":1261883,"date":"2025-12-15T20:19:11","date_gmt":"2025-12-16T02:19:11","guid":{"rendered":"https:\/\/www.acapulcopress.com\/?p=1261883"},"modified":"2025-12-15T20:25:10","modified_gmt":"2025-12-16T02:25:10","slug":"anuncia-congreso-primer-foro-estatal-de-mujeres-jovenes-guerrerenses-2026","status":"publish","type":"post","link":"https:\/\/www.acapulcopress.com\/index.php\/2025\/12\/15\/anuncia-congreso-primer-foro-estatal-de-mujeres-jovenes-guerrerenses-2026\/","title":{"rendered":"Anuncia Congreso Primer Foro Estatal de Mujeres J\u00f3venes Guerrerenses 2026"},"content":{"rendered":"<p>CHILPANCINGO * 15 de diciembre 2025<br \/>\n<em>) LXVI Legislatura | Guerrero<\/em><br \/>\nEste lunes, en la sede del Congreso del Estado de Guerrero, integrantes de la <em>Red Mundial de J\u00f3venes Pol\u00edticos\u2013Guerrero<\/em> ofrecieron una conferencia de prensa para invitar a mujeres j\u00f3venes guerrerenses, de entre 18 y 29 a\u00f1os, a participar en el <em>Primer Foro Estatal de Mujeres J\u00f3venes Guerrerenses 2026<\/em>.<\/p>\n<p>Este ejercicio cuenta con el respaldo de la <em>Comisi\u00f3n de Igualdad de G\u00e9nero<\/em> del Congreso del Estado de Guerrero, que preside la diputada <strong>Leticia Mosso Hern\u00e1ndez<\/strong>, refrendando el compromiso del Poder Legislativo con el impulso a la participaci\u00f3n pol\u00edtica y social de las mujeres j\u00f3venes.<\/p>\n<p>Durante la conferencia, <strong>Priscila Mota Leyva<\/strong>, coordinadora de <em>Igualdad de G\u00e9nero<\/em> de la<em> Red Mundial de J\u00f3venes Pol\u00edticos en Guerrero,<\/em> acompa\u00f1ada por <strong>Ana Gloria Reyes Hern\u00e1ndez<\/strong>, <strong>X\u00f3chitl Cano Francisco<\/strong>, <strong>Jacky Galindo<\/strong> y <strong>Ana Laura Nicol\u00e1s Condo<\/strong>, explic\u00f3 que el objetivo del foro es fomentar el inter\u00e9s y la participaci\u00f3n activa de las mujeres j\u00f3venes en la vida p\u00fablica y legislativa del estado, promoviendo valores como la legalidad, la democracia, la perspectiva de g\u00e9nero y el liderazgo.<\/p>\n<p>Detallaron que el foro se llevar\u00e1 a cabo el 9 de enero de 2026, en un horario de 09:00 a 15:00 horas, en la explanada del H. Congreso del Estado de Guerrero.<\/p>\n<p>En cuanto a los requisitos de participaci\u00f3n, se inform\u00f3 que podr\u00e1n registrarse mujeres con residencia en el estado de Guerrero que tengan entre 18 y 29 a\u00f1os, quienes deber\u00e1n presentar una propuesta legislativa o de pol\u00edtica p\u00fablica enfocada en la atenci\u00f3n y soluci\u00f3n de una problem\u00e1tica relacionada con temas de g\u00e9nero o juventudes en la entidad, de acuerdo con los ejes establecidos en la convocatoria. Asimismo, las aspirantes deber\u00e1n enviar un video de duraci\u00f3n m\u00e1xima de dos minutos en el que expongan su propuesta, as\u00ed como una carta responsiva, como parte del proceso de inscripci\u00f3n.<\/p>\n<p>Se precis\u00f3 que la convocatoria permanecer\u00e1 abierta hasta las 23:59 horas del 19 de diciembre de 2025, y que el registro se realizar\u00e1 en l\u00ednea a trav\u00e9s del enlace: <a href=\"https:\/\/forms.gle\/xGzV8n3X9jT3it4Y7\" target=\"_blank\" rel=\"noopener\"><em>https:\/\/forms.gle\/xGzV8n3X9jT3it4Y7<\/em><\/a>.<\/p>\n<p>Respecto a los ejes tem\u00e1ticos, se dio a conocer que las propuestas deber\u00e1n enmarcarse en temas como: derechos humanos y acceso a la justicia; participaci\u00f3n pol\u00edtica y liderazgo de las mujeres; igualdad laboral y econ\u00f3mica; educaci\u00f3n y juventud con perspectiva de g\u00e9nero; prevenci\u00f3n y atenci\u00f3n de la violencia contra las mujeres; salud integral y derechos sexuales y reproductivos; pueblos originarios y mujeres ind\u00edgenas; mujeres en ciencia, cultura y deporte; y mujeres afromexicanas.<\/p>\n<p>Con la realizaci\u00f3n de este foro, el Congreso del Estado de Guerrero refrenda su compromiso de impulsar espacios de di\u00e1logo, formaci\u00f3n y participaci\u00f3n para las mujeres j\u00f3venes, fortaleciendo su liderazgo y su incidencia en la construcci\u00f3n de pol\u00edticas p\u00fablicas con enfoque de igualdad sustantiva.<\/p>\n<p>De acuerdo con la convocatoria, entre las instituciones participantes se encuentran la Secretar\u00eda para el Desarrollo de los Pueblos Ind\u00edgenas y Afromexicano; el Poder Judicial del Estado de Guerrero; el Instituto Electoral y de Participaci\u00f3n Ciudadana del Estado de Guerrero; y la Fiscal\u00eda General del Estado.<br \/>\n<a href=\"https:\/\/www.acapulcopress.com\/wp-content\/uploads\/2025\/12\/foro-mujeres-2026.2.jpg\"><img loading=\"lazy\" decoding=\"async\" class=\"alignnone wp-image-1261884 size-large\" src=\"https:\/\/www.acapulcopress.com\/wp-content\/uploads\/2025\/12\/foro-mujeres-2026.2-819x1024.jpg\" alt=\"\" width=\"819\" height=\"1024\" srcset=\"https:\/\/www.acapulcopress.com\/wp-content\/uploads\/2025\/12\/foro-mujeres-2026.2-819x1024.jpg 819w, https:\/\/www.acapulcopress.com\/wp-content\/uploads\/2025\/12\/foro-mujeres-2026.2-300x375.jpg 300w, https:\/\/www.acapulcopress.com\/wp-content\/uploads\/2025\/12\/foro-mujeres-2026.2-768x960.jpg 768w, https:\/\/www.acapulcopress.com\/wp-content\/uploads\/2025\/12\/foro-mujeres-2026.2-1229x1536.jpg 1229w, https:\/\/www.acapulcopress.com\/wp-content\/uploads\/2025\/12\/foro-mujeres-2026.2-580x725.jpg 580w, https:\/\/www.acapulcopress.com\/wp-content\/uploads\/2025\/12\/foro-mujeres-2026.2-860x1075.jpg 860w, https:\/\/www.acapulcopress.com\/wp-content\/uploads\/2025\/12\/foro-mujeres-2026.2-1160x1450.jpg 1160w, https:\/\/www.acapulcopress.com\/wp-content\/uploads\/2025\/12\/foro-mujeres-2026.2.jpg 1280w\" sizes=\"auto, (max-width: 819px) 100vw, 819px\" \/><\/a><\/p>\n<p><em><a href=\"http:\/\/%2A%20fb.me\/steparious\" target=\"_blank\" rel=\"noopener\">* fb.me\/steparious\u00a0<\/a>*\u00a0<a href=\"http:\/\/fb.me\/acapulcopress\" target=\"_blank\" rel=\"noopener\">fb.me\/acapulcopress<\/a><\/em><\/p>\n","protected":false},"excerpt":{"rendered":"<p>CHILPANCINGO * 15 de diciembre 2025 ) LXVI Legislatura | Guerrero Este lunes, en la sede del Congreso del Estado de Guerrero, integrantes de la Red Mundial de J\u00f3venes Pol\u00edticos\u2013Guerrero ofrecieron una conferencia de prensa para invitar a mujeres j\u00f3venes guerrerenses, de entre 18 y 29 a\u00f1os, a participar en el Primer Foro Estatal de&#8230;<\/p>\n","protected":false},"author":1,"featured_media":1261885,"comment_status":"closed","ping_status":"open","sticky":false,"template":"","format":"standard","meta":{"footnotes":""},"categories":[2037,61],"tags":[18982,18984,11793,18372,18979,18981,18980,18983],"class_list":["post-1261883","post","type-post","status-publish","format-standard","has-post-thumbnail","hentry","category-congreso-de-guerrero","category-legislacion","tag-ana-gloria-reyes-hernandez","tag-jacky-galindo-ana-laura-nicolas-condo","tag-leticia-mosso-hernandez","tag-lxvi-legislatura-guerrero","tag-primer-foro-estatal-de-mujeres-jovenes-guerrerenses-2026","tag-priscila-mota-leyva","tag-red-mundial-de-jovenes-politicos-guerrero","tag-xochitl-cano-francisco"],"_links":{"self":[{"href":"https:\/\/www.acapulcopress.com\/index.php\/wp-json\/wp\/v2\/posts\/1261883","targetHints":{"allow":["GET"]}}],"collection":[{"href":"https:\/\/www.acapulcopress.com\/index.php\/wp-json\/wp\/v2\/posts"}],"about":[{"href":"https:\/\/www.acapulcopress.com\/index.php\/wp-json\/wp\/v2\/types\/post"}],"author":[{"embeddable":true,"href":"https:\/\/www.acapulcopress.com\/index.php\/wp-json\/wp\/v2\/users\/1"}],"replies":[{"embeddable":true,"href":"https:\/\/www.acapulcopress.com\/index.php\/wp-json\/wp\/v2\/comments?post=1261883"}],"version-history":[{"count":2,"href":"https:\/\/www.acapulcopress.com\/index.php\/wp-json\/wp\/v2\/posts\/1261883\/revisions"}],"predecessor-version":[{"id":1261887,"href":"https:\/\/www.acapulcopress.com\/index.php\/wp-json\/wp\/v2\/posts\/1261883\/revisions\/1261887"}],"wp:featuredmedia":[{"embeddable":true,"href":"https:\/\/www.acapulcopress.com\/index.php\/wp-json\/wp\/v2\/media\/1261885"}],"wp:attachment":[{"href":"https:\/\/www.acapulcopress.com\/index.php\/wp-json\/wp\/v2\/media?parent=1261883"}],"wp:term":[{"taxonomy":"category","embeddable":true,"href":"https:\/\/www.acapulcopress.com\/index.php\/wp-json\/wp\/v2\/categories?post=1261883"},{"taxonomy":"post_tag","embeddable":true,"href":"https:\/\/www.acapulcopress.com\/index.php\/wp-json\/wp\/v2\/tags?post=1261883"}],"curies":[{"name":"wp","href":"https:\/\/api.w.org\/{rel}","templated":true}]}}