{"id":1261891,"date":"2025-12-16T18:44:48","date_gmt":"2025-12-17T00:44:48","guid":{"rendered":"https:\/\/www.acapulcopress.com\/?p=1261891"},"modified":"2025-12-16T18:46:29","modified_gmt":"2025-12-17T00:46:29","slug":"refrenda-gobernadora-disposicion-de-dialogo-y-coordinacion-con-seccion-14-del-snte","status":"publish","type":"post","link":"https:\/\/www.acapulcopress.com\/index.php\/2025\/12\/16\/refrenda-gobernadora-disposicion-de-dialogo-y-coordinacion-con-seccion-14-del-snte\/","title":{"rendered":"Refrenda Gobernadora disposici\u00f3n de di\u00e1logo y coordinaci\u00f3n con Secci\u00f3n 14 del SNTE"},"content":{"rendered":"<p>CHILPANCINGO * 16 de diciembre 2025<br \/>\n<em>) Gobierno de Guerrero<\/em><br \/>\nLa gobernadora <strong>Evelyn Salgado Pineda<\/strong> sostuvo una reuni\u00f3n de trabajo con representantes de la <em>Secci\u00f3n 14<\/em> del<em> Sindicato Nacional de <a href=\"https:\/\/www.acapulcopress.com\/wp-content\/uploads\/2025\/12\/evelyn-snte2.jpg\"><img loading=\"lazy\" decoding=\"async\" class=\"alignleft size-cmsmasters-square-thumb wp-image-1261894\" src=\"https:\/\/www.acapulcopress.com\/wp-content\/uploads\/2025\/12\/evelyn-snte2-360x360.jpg\" alt=\"\" width=\"360\" height=\"360\" srcset=\"https:\/\/www.acapulcopress.com\/wp-content\/uploads\/2025\/12\/evelyn-snte2-360x360.jpg 360w, https:\/\/www.acapulcopress.com\/wp-content\/uploads\/2025\/12\/evelyn-snte2-150x150.jpg 150w, https:\/\/www.acapulcopress.com\/wp-content\/uploads\/2025\/12\/evelyn-snte2-70x70.jpg 70w\" sizes=\"auto, (max-width: 360px) 100vw, 360px\" \/><\/a>Trabajadores de la Educaci\u00f3n (SNTE)<\/em>, para dar seguimiento a diversos planteamientos administrativos y laborales del magisterio guerrerense.<\/p>\n<p>Durante el encuentro, la mandataria estatal refrend\u00f3 su compromiso de mantener un di\u00e1logo permanente y responsable con el sector educativo, con el objetivo de brindar certeza, atenci\u00f3n y orden en los procesos administrativos en beneficio de las maestras y los maestros de Guerrero.<\/p>\n<p>En la reuni\u00f3n participaron el secretario general de la<em> Secci\u00f3n 14<\/em> del <em>SNTE<\/em>, <strong>Silvano Palacios Salgado<\/strong>; el secretario de <em>Jubilados y Pensionados<\/em>, <strong>Cornelio Gonz\u00e1lez Ramos<\/strong>; as\u00ed como el representante nacional del<em> SNTE<\/em> en Guerrero, <strong>Luis Enrique Morales Acosta<\/strong>.<\/p>\n<p>Acompa\u00f1ada por el secretario de <em>Educaci\u00f3n,<\/em> <strong>Ricardo Castillo Pe\u00f1a<\/strong>; el subsecretario de Desarrollo Pol\u00edtico y Social, <strong>Francisco Rodr\u00edguez Cisneros<\/strong>, y el <em>Oficial Mayor<\/em> del Gobierno del Estado, <strong>Ricardo Salinas M\u00e9ndez<\/strong>, la gobernadora destac\u00f3 que, a trav\u00e9s de la coordinaci\u00f3n institucional y el trabajo conjunto, su administraci\u00f3n continuar\u00e1 impulsando soluciones que fortalezcan la estabilidad laboral y el bienestar del magisterio.<\/p>\n<p><a href=\"https:\/\/www.acapulcopress.com\/wp-content\/uploads\/2025\/12\/evelyn-snte1.jpg\"><img loading=\"lazy\" decoding=\"async\" class=\"alignnone wp-image-1261893 size-large\" src=\"https:\/\/www.acapulcopress.com\/wp-content\/uploads\/2025\/12\/evelyn-snte1-1024x682.jpg\" alt=\"\" width=\"1024\" height=\"682\" srcset=\"https:\/\/www.acapulcopress.com\/wp-content\/uploads\/2025\/12\/evelyn-snte1-1024x682.jpg 1024w, https:\/\/www.acapulcopress.com\/wp-content\/uploads\/2025\/12\/evelyn-snte1-300x200.jpg 300w, https:\/\/www.acapulcopress.com\/wp-content\/uploads\/2025\/12\/evelyn-snte1-768x512.jpg 768w, https:\/\/www.acapulcopress.com\/wp-content\/uploads\/2025\/12\/evelyn-snte1-580x387.jpg 580w, https:\/\/www.acapulcopress.com\/wp-content\/uploads\/2025\/12\/evelyn-snte1-860x573.jpg 860w, https:\/\/www.acapulcopress.com\/wp-content\/uploads\/2025\/12\/evelyn-snte1-1160x773.jpg 1160w, https:\/\/www.acapulcopress.com\/wp-content\/uploads\/2025\/12\/evelyn-snte1.jpg 1280w\" sizes=\"auto, (max-width: 1024px) 100vw, 1024px\" \/><\/a><\/p>\n<p><em>*\u00a0<a href=\"http:\/\/fb.me\/steparious\" target=\"_blank\" rel=\"noopener\">fb.me\/steparious<\/a>\u00a0 *\u00a0<a href=\"http:\/\/fb.me\/acapulcopress\" target=\"_blank\" rel=\"noopener\">fb.me\/acapulcopress<\/a><\/em><\/p>\n","protected":false},"excerpt":{"rendered":"<p>CHILPANCINGO * 16 de diciembre 2025 ) Gobierno de Guerrero La gobernadora Evelyn Salgado Pineda sostuvo una reuni\u00f3n de trabajo con representantes de la Secci\u00f3n 14 del Sindicato Nacional de Trabajadores de la Educaci\u00f3n (SNTE), para dar seguimiento a diversos planteamientos administrativos y laborales del magisterio guerrerense. Durante el encuentro, la mandataria estatal refrend\u00f3 su&#8230;<\/p>\n","protected":false},"author":1,"featured_media":1261892,"comment_status":"closed","ping_status":"open","sticky":false,"template":"","format":"standard","meta":{"footnotes":""},"categories":[1980,1983],"tags":[18985,8251,12173,18954,16659],"class_list":["post-1261891","post","type-post","status-publish","format-standard","has-post-thumbnail","hentry","category-goverment-2","category-guerrerogob","tag-cornelio-gonzalez-ramos","tag-evelyn-salgado-pineda","tag-luis-enrique-morales-acosta","tag-silvano-palacios-salgado","tag-sindicato-nacional-de-trabajadores-de-la-educacion-snte"],"_links":{"self":[{"href":"https:\/\/www.acapulcopress.com\/index.php\/wp-json\/wp\/v2\/posts\/1261891","targetHints":{"allow":["GET"]}}],"collection":[{"href":"https:\/\/www.acapulcopress.com\/index.php\/wp-json\/wp\/v2\/posts"}],"about":[{"href":"https:\/\/www.acapulcopress.com\/index.php\/wp-json\/wp\/v2\/types\/post"}],"author":[{"embeddable":true,"href":"https:\/\/www.acapulcopress.com\/index.php\/wp-json\/wp\/v2\/users\/1"}],"replies":[{"embeddable":true,"href":"https:\/\/www.acapulcopress.com\/index.php\/wp-json\/wp\/v2\/comments?post=1261891"}],"version-history":[{"count":2,"href":"https:\/\/www.acapulcopress.com\/index.php\/wp-json\/wp\/v2\/posts\/1261891\/revisions"}],"predecessor-version":[{"id":1261896,"href":"https:\/\/www.acapulcopress.com\/index.php\/wp-json\/wp\/v2\/posts\/1261891\/revisions\/1261896"}],"wp:featuredmedia":[{"embeddable":true,"href":"https:\/\/www.acapulcopress.com\/index.php\/wp-json\/wp\/v2\/media\/1261892"}],"wp:attachment":[{"href":"https:\/\/www.acapulcopress.com\/index.php\/wp-json\/wp\/v2\/media?parent=1261891"}],"wp:term":[{"taxonomy":"category","embeddable":true,"href":"https:\/\/www.acapulcopress.com\/index.php\/wp-json\/wp\/v2\/categories?post=1261891"},{"taxonomy":"post_tag","embeddable":true,"href":"https:\/\/www.acapulcopress.com\/index.php\/wp-json\/wp\/v2\/tags?post=1261891"}],"curies":[{"name":"wp","href":"https:\/\/api.w.org\/{rel}","templated":true}]}}