{"id":1261903,"date":"2025-12-16T19:41:18","date_gmt":"2025-12-17T01:41:18","guid":{"rendered":"https:\/\/www.acapulcopress.com\/?p=1261903"},"modified":"2025-12-16T19:44:27","modified_gmt":"2025-12-17T01:44:27","slug":"recibio-acapulco-el-primer-vuelo-directo-de-montreal","status":"publish","type":"post","link":"https:\/\/www.acapulcopress.com\/index.php\/2025\/12\/16\/recibio-acapulco-el-primer-vuelo-directo-de-montreal\/","title":{"rendered":"Recibi\u00f3 Acapulco el primer vuelo directo de Montreal"},"content":{"rendered":"<p>ACAPULCO * 16 de diciembre 2025<br \/>\n<em>) Especial<br \/>\n<\/em>Con 176 pasajeros a bordo de una aeronave de<em> Air Transat<\/em>, a las 11:55 horas, arrib\u00f3 al puerto el primer vueo directo procendente de <a href=\"https:\/\/www.acapulcopress.com\/wp-content\/uploads\/2025\/12\/vuelo-montrean5.jpg\"><img loading=\"lazy\" decoding=\"async\" class=\"alignleft size-cmsmasters-square-thumb wp-image-1261908\" src=\"https:\/\/www.acapulcopress.com\/wp-content\/uploads\/2025\/12\/vuelo-montrean5-360x360.jpg\" alt=\"\" width=\"360\" height=\"360\" srcset=\"https:\/\/www.acapulcopress.com\/wp-content\/uploads\/2025\/12\/vuelo-montrean5-360x360.jpg 360w, https:\/\/www.acapulcopress.com\/wp-content\/uploads\/2025\/12\/vuelo-montrean5-150x150.jpg 150w, https:\/\/www.acapulcopress.com\/wp-content\/uploads\/2025\/12\/vuelo-montrean5-70x70.jpg 70w\" sizes=\"auto, (max-width: 360px) 100vw, 360px\" \/><\/a>Montreal, Canad\u00e1.<\/p>\n<p>Los visitantes fueron recibidos por personal del <em>Fideicomiso para la Promoci\u00f3n Tur\u00edstica de Acapulco (Fidetur)<\/em> y la <em>Secretar\u00eda de Turismo de Acapulco <\/em>con una festiva bienvenida amenizada con m\u00fasica folkl\u00f3rica guerrerense y ballet folkl\u00f3rico.<\/p>\n<p>El vuelo representa, adem\u00e1s, el primero de la temporada tur\u00edstica invernal en el estado.<\/p>\n<p>El subsecretario de <em>Promoci\u00f3n Tur\u00edstica<\/em> estatal, <strong>Emilio V\u00e1zquez Villanueva<\/strong>, acompa\u00f1ado del titular de la Sectur Acapulco, <strong>No\u00e9 Peralta Herrera<\/strong>, inform\u00f3 que este primer vuelo de la aerol\u00ednea <em>Air Transat<\/em> marca formalmente el inicio de la temporada invernal diciembre 2025 \u2013 abril 2026, uno de los periodos de mayor afluencia tur\u00edstica para el puerto.<\/p>\n<p>Peralta Herrera destac\u00f3, a su vez, que de esta forma se contin\u00faa fortaleciendo la conectividad a\u00e9rea como parte de la estrategia para la reactivaci\u00f3n econ\u00f3mica, el incremento de la ocupaci\u00f3n hotelera y la generaci\u00f3n de empleos en el puerto, demostrando que \u00abAcapulco est\u00e1 m\u00e1s vivo y listo que nunca para recibir al mundo\u00bb.<\/p>\n<p><a href=\"https:\/\/www.acapulcopress.com\/wp-content\/uploads\/2025\/12\/vuelo-montrean6.jpg\"><img loading=\"lazy\" decoding=\"async\" class=\"alignnone wp-image-1261909 size-large\" src=\"https:\/\/www.acapulcopress.com\/wp-content\/uploads\/2025\/12\/vuelo-montrean6-1024x682.jpg\" alt=\"\" width=\"1024\" height=\"682\" srcset=\"https:\/\/www.acapulcopress.com\/wp-content\/uploads\/2025\/12\/vuelo-montrean6-1024x682.jpg 1024w, https:\/\/www.acapulcopress.com\/wp-content\/uploads\/2025\/12\/vuelo-montrean6-300x200.jpg 300w, https:\/\/www.acapulcopress.com\/wp-content\/uploads\/2025\/12\/vuelo-montrean6-768x512.jpg 768w, https:\/\/www.acapulcopress.com\/wp-content\/uploads\/2025\/12\/vuelo-montrean6-580x387.jpg 580w, https:\/\/www.acapulcopress.com\/wp-content\/uploads\/2025\/12\/vuelo-montrean6-860x573.jpg 860w, https:\/\/www.acapulcopress.com\/wp-content\/uploads\/2025\/12\/vuelo-montrean6-1160x773.jpg 1160w, https:\/\/www.acapulcopress.com\/wp-content\/uploads\/2025\/12\/vuelo-montrean6.jpg 1280w\" sizes=\"auto, (max-width: 1024px) 100vw, 1024px\" \/><\/a><\/p>\n<p><a href=\"https:\/\/www.acapulcopress.com\/wp-content\/uploads\/2025\/12\/vuelo-montrean4.jpg\"><img loading=\"lazy\" decoding=\"async\" class=\"alignnone wp-image-1261907 size-large\" src=\"https:\/\/www.acapulcopress.com\/wp-content\/uploads\/2025\/12\/vuelo-montrean4-1024x682.jpg\" alt=\"\" width=\"1024\" height=\"682\" srcset=\"https:\/\/www.acapulcopress.com\/wp-content\/uploads\/2025\/12\/vuelo-montrean4-1024x682.jpg 1024w, https:\/\/www.acapulcopress.com\/wp-content\/uploads\/2025\/12\/vuelo-montrean4-300x200.jpg 300w, https:\/\/www.acapulcopress.com\/wp-content\/uploads\/2025\/12\/vuelo-montrean4-768x512.jpg 768w, https:\/\/www.acapulcopress.com\/wp-content\/uploads\/2025\/12\/vuelo-montrean4-580x387.jpg 580w, https:\/\/www.acapulcopress.com\/wp-content\/uploads\/2025\/12\/vuelo-montrean4-860x573.jpg 860w, https:\/\/www.acapulcopress.com\/wp-content\/uploads\/2025\/12\/vuelo-montrean4-1160x773.jpg 1160w, https:\/\/www.acapulcopress.com\/wp-content\/uploads\/2025\/12\/vuelo-montrean4.jpg 1280w\" sizes=\"auto, (max-width: 1024px) 100vw, 1024px\" \/><\/a><\/p>\n<p><a href=\"https:\/\/www.acapulcopress.com\/wp-content\/uploads\/2025\/12\/vuelo-montrean3.jpg\"><img loading=\"lazy\" decoding=\"async\" class=\"alignnone wp-image-1261906 size-large\" src=\"https:\/\/www.acapulcopress.com\/wp-content\/uploads\/2025\/12\/vuelo-montrean3-1024x682.jpg\" alt=\"\" width=\"1024\" height=\"682\" srcset=\"https:\/\/www.acapulcopress.com\/wp-content\/uploads\/2025\/12\/vuelo-montrean3-1024x682.jpg 1024w, https:\/\/www.acapulcopress.com\/wp-content\/uploads\/2025\/12\/vuelo-montrean3-300x200.jpg 300w, https:\/\/www.acapulcopress.com\/wp-content\/uploads\/2025\/12\/vuelo-montrean3-768x512.jpg 768w, https:\/\/www.acapulcopress.com\/wp-content\/uploads\/2025\/12\/vuelo-montrean3-580x387.jpg 580w, https:\/\/www.acapulcopress.com\/wp-content\/uploads\/2025\/12\/vuelo-montrean3-860x573.jpg 860w, https:\/\/www.acapulcopress.com\/wp-content\/uploads\/2025\/12\/vuelo-montrean3-1160x773.jpg 1160w, https:\/\/www.acapulcopress.com\/wp-content\/uploads\/2025\/12\/vuelo-montrean3.jpg 1280w\" sizes=\"auto, (max-width: 1024px) 100vw, 1024px\" \/><\/a><\/p>\n<p><em>*\u00a0<a href=\"http:\/\/fb.me\/steparious\" target=\"_blank\" rel=\"noopener\">fb.me\/steparious<\/a>\u00a0 *\u00a0<a href=\"http:\/\/fb.me\/acapulcopress\" target=\"_blank\" rel=\"noopener\">fb.me\/acapulcopress<\/a><\/em><\/p>\n","protected":false},"excerpt":{"rendered":"<p>Con 176 pasajeros a bordo de una aeronave de Air Transat, a las 11:55 horas, arrib\u00f3 al puerto el primer vueo directo procendente de Montreal, Canad\u00e1. Los visitantes fueron recibidos con una festiva bienvenida guerrerense y ballet folkl\u00f3rico.<\/p>\n","protected":false},"author":1,"featured_media":1261910,"comment_status":"closed","ping_status":"open","sticky":false,"template":"","format":"standard","meta":{"footnotes":""},"categories":[1988,18470],"tags":[18987,18988,8610,13711],"class_list":["post-1261903","post","type-post","status-publish","format-standard","has-post-thumbnail","hentry","category-lifestyles","category-turismo","tag-air-transat","tag-emilio-vazquez-villanueva","tag-fideicomiso-para-la-promocion-turistica-de-acapulco-fidetur","tag-noe-peralta-herrera"],"_links":{"self":[{"href":"https:\/\/www.acapulcopress.com\/index.php\/wp-json\/wp\/v2\/posts\/1261903","targetHints":{"allow":["GET"]}}],"collection":[{"href":"https:\/\/www.acapulcopress.com\/index.php\/wp-json\/wp\/v2\/posts"}],"about":[{"href":"https:\/\/www.acapulcopress.com\/index.php\/wp-json\/wp\/v2\/types\/post"}],"author":[{"embeddable":true,"href":"https:\/\/www.acapulcopress.com\/index.php\/wp-json\/wp\/v2\/users\/1"}],"replies":[{"embeddable":true,"href":"https:\/\/www.acapulcopress.com\/index.php\/wp-json\/wp\/v2\/comments?post=1261903"}],"version-history":[{"count":4,"href":"https:\/\/www.acapulcopress.com\/index.php\/wp-json\/wp\/v2\/posts\/1261903\/revisions"}],"predecessor-version":[{"id":1261914,"href":"https:\/\/www.acapulcopress.com\/index.php\/wp-json\/wp\/v2\/posts\/1261903\/revisions\/1261914"}],"wp:featuredmedia":[{"embeddable":true,"href":"https:\/\/www.acapulcopress.com\/index.php\/wp-json\/wp\/v2\/media\/1261910"}],"wp:attachment":[{"href":"https:\/\/www.acapulcopress.com\/index.php\/wp-json\/wp\/v2\/media?parent=1261903"}],"wp:term":[{"taxonomy":"category","embeddable":true,"href":"https:\/\/www.acapulcopress.com\/index.php\/wp-json\/wp\/v2\/categories?post=1261903"},{"taxonomy":"post_tag","embeddable":true,"href":"https:\/\/www.acapulcopress.com\/index.php\/wp-json\/wp\/v2\/tags?post=1261903"}],"curies":[{"name":"wp","href":"https:\/\/api.w.org\/{rel}","templated":true}]}}