{"id":1261932,"date":"2025-12-17T18:26:43","date_gmt":"2025-12-18T00:26:43","guid":{"rendered":"https:\/\/www.acapulcopress.com\/?p=1261932"},"modified":"2025-12-17T18:26:43","modified_gmt":"2025-12-18T00:26:43","slug":"evelyn-salgado-dio-banderazo-a-operativo-de-temporada-vacacional-invierno-2025","status":"publish","type":"post","link":"https:\/\/www.acapulcopress.com\/index.php\/2025\/12\/17\/evelyn-salgado-dio-banderazo-a-operativo-de-temporada-vacacional-invierno-2025\/","title":{"rendered":"Evelyn Salgado dio banderazo a Operativo de Temporada Vacacional Invierno 2025"},"content":{"rendered":"<p>ACAPULCO * 17 de diciembre 2025<br \/>\n<em>) Gobierno de Guerrero<\/em><br \/>\n<a href=\"https:\/\/www.acapulcopress.com\/wp-content\/uploads\/2025\/12\/evlyn-temporada-202516.jpg\"><img loading=\"lazy\" decoding=\"async\" class=\"alignleft size-cmsmasters-square-thumb wp-image-1261948\" src=\"https:\/\/www.acapulcopress.com\/wp-content\/uploads\/2025\/12\/evlyn-temporada-202516-360x360.jpg\" alt=\"\" width=\"360\" height=\"360\" srcset=\"https:\/\/www.acapulcopress.com\/wp-content\/uploads\/2025\/12\/evlyn-temporada-202516-360x360.jpg 360w, https:\/\/www.acapulcopress.com\/wp-content\/uploads\/2025\/12\/evlyn-temporada-202516-150x150.jpg 150w, https:\/\/www.acapulcopress.com\/wp-content\/uploads\/2025\/12\/evlyn-temporada-202516-70x70.jpg 70w\" sizes=\"auto, (max-width: 360px) 100vw, 360px\" \/><\/a>Para salvaguardar la integridad de la poblaci\u00f3n guerrerense y de quienes visitan el estado, mediante acciones de protecci\u00f3n, prevenci\u00f3n y acompa\u00f1amiento, la gobernadora <strong>Evelyn Salgado Pineda<\/strong> dio el banderazo del <em>Operativo Temporada Vacacional Invierno 2025,<\/em> en el que participan de manera coordinada, 727 unidades y m\u00e1s de 6 mil 800 elementos de las distintas corporaciones, para brindar atenci\u00f3n a turistas y residentes.<\/p>\n<p>\u201cEsto demuestra que cuando trabajamos en unidad, con estrategia, como la que tenemos hoy, con coordinaci\u00f3n y vocaci\u00f3n de servicio, podemos construir destinos seguros, destinos humanos y llenos de vida\u201d, se\u00f1al\u00f3 la mandataria, a la vez que expres\u00f3 su agradecimiento a todas las instituciones que participan en esta acci\u00f3n conjunta.<\/p>\n<p>En compa\u00f1\u00eda de la presidenta municipal, Abelina L\u00f3pez Rodr\u00edguez, as\u00ed como de autoridades civiles y militares, la jefa del Ejecutivo estatal anunci\u00f3 la incorporaci\u00f3n de dos torres de vigilancia m\u00f3viles, con sistema hidr\u00e1ulico, modelo 2025, con equipamiento moderno para elevar la capacidad de observaci\u00f3n, mejorar la cobertura territorial y responder con mayor rapidez en puntos estrat\u00e9gicos. Se trata de unidades aut\u00f3nomas que cuentan con energ\u00eda propia, con sistemas de \u00faltima generaci\u00f3n.<\/p>\n<p>La gobernadora inform\u00f3 que en este operativo se cuenta con el despliegue de binomios caninos, 641 patrullas y motopatrullas, helic\u00f3pteros, <a href=\"https:\/\/www.acapulcopress.com\/wp-content\/uploads\/2025\/12\/evlyn-temporada-202515.jpg\"><img loading=\"lazy\" decoding=\"async\" class=\"alignleft size-cmsmasters-square-thumb wp-image-1261947\" src=\"https:\/\/www.acapulcopress.com\/wp-content\/uploads\/2025\/12\/evlyn-temporada-202515-360x360.jpg\" alt=\"\" width=\"360\" height=\"360\" srcset=\"https:\/\/www.acapulcopress.com\/wp-content\/uploads\/2025\/12\/evlyn-temporada-202515-360x360.jpg 360w, https:\/\/www.acapulcopress.com\/wp-content\/uploads\/2025\/12\/evlyn-temporada-202515-150x150.jpg 150w, https:\/\/www.acapulcopress.com\/wp-content\/uploads\/2025\/12\/evlyn-temporada-202515-70x70.jpg 70w\" sizes=\"auto, (max-width: 360px) 100vw, 360px\" \/><\/a>drones, dos unidades Black Mamba, adem\u00e1s de ambulancias, pipas y unidades acu\u00e1ticas<\/p>\n<p>La mandataria estatal destac\u00f3 que Acapulco se coloca como el segundo lugar en preferencia tur\u00edstica a nivel nacional y agreg\u00f3: \u201cHoy Guerrero brilla y brilla cada d\u00eda con m\u00e1s fuerza. En estas vacaciones decembrinas, el Hogar del Sol est\u00e1 preparado, estamos listos y estamos listas, para recibirles con los brazos abiertos, para que cada estancia sea tranquila y cada visita se transforme en una experiencia inolvidable\u201d.<\/p>\n<p>Salgado Pineda invit\u00f3 a los turistas a visitar los destinos de Guerrero para conocer las diferentes atracciones que ofertan. Al respect\u00f3 puntualiz\u00f3 que en Acapulco se llevar\u00e1 a cabo la Gala de Pirot\u00e9cnica y el espect\u00e1culo de drones, adem\u00e1s de que se contin\u00faa trabajando para ofrecer una mejor imagen del puerto, como la remodelaci\u00f3n de los miradores Atardecer, de Las Brisas y Amanecer, de Puerto Marqu\u00e9s.<\/p>\n<p>\u201cSomos un destino que recibe siempre con una sonrisa, con un abrazo, con un apret\u00f3n de manos, con calidez y con vocaci\u00f3n de servicio. Por eso, a quienes a\u00fan no nos conocen, que yo creo que son poquitos, porque casi la mayor\u00eda conoce Acapulco, pero a los que no conocen, les invitamos a que vengan a vivir esta experiencia, tanto en Acapulco como en Guerrero\u201d, dijo.<\/p>\n<p>Durante su participaci\u00f3n, el secretario de Turismo del estado, Sim\u00f3n Qui\u00f1ones, inform\u00f3 que el Hogar del Sol est\u00e1 listo para el periodo <a href=\"https:\/\/www.acapulcopress.com\/wp-content\/uploads\/2025\/12\/evlyn-temporada-202511.jpg\"><img loading=\"lazy\" decoding=\"async\" class=\"alignleft size-cmsmasters-square-thumb wp-image-1261943\" src=\"https:\/\/www.acapulcopress.com\/wp-content\/uploads\/2025\/12\/evlyn-temporada-202511-360x360.jpg\" alt=\"\" width=\"360\" height=\"360\" srcset=\"https:\/\/www.acapulcopress.com\/wp-content\/uploads\/2025\/12\/evlyn-temporada-202511-360x360.jpg 360w, https:\/\/www.acapulcopress.com\/wp-content\/uploads\/2025\/12\/evlyn-temporada-202511-150x150.jpg 150w, https:\/\/www.acapulcopress.com\/wp-content\/uploads\/2025\/12\/evlyn-temporada-202511-70x70.jpg 70w\" sizes=\"auto, (max-width: 360px) 100vw, 360px\" \/><\/a>vacacional de invierno 2025, que se desarrollar\u00e1 a lo largo de 18 d\u00edas, del 20 de diciembre de 2025 al 6 de enero de 2026. Se\u00f1al\u00f3 que, a nivel estatal, se proyecta la llegada de 594 mil turistas, con una ocupaci\u00f3n hotelera promedio del 73 por ciento y una derrama econ\u00f3mica estimada en 4 mil 954 millones de pesos.<\/p>\n<p>Para Acapulco, se tiene una proyecci\u00f3n del arribo de 366 mil turistas, 2 mil 973 millones de pesos en derrama y 72 por ciento de ocupaci\u00f3n; para Ixtapa\u2013Zihuatanejo la llegada de 140 mil turistas, 1 mil 339 millones de pesos en derrama y 78 por ciento de ocupaci\u00f3n. En Taxco se estima que llegar\u00e1n 73 mil turistas, 440.6 millones de pesos en derrama y 45 por ciento de ocupaci\u00f3n; mientras que, para La Uni\u00f3n, cerca de 14 mil 500 turistas, 200 millones de pesos y 61 por ciento de ocupaci\u00f3n.<\/p>\n<p>El titular de Turismo estatal tambi\u00e9n inform\u00f3 que, de acuerdo a la Comisi\u00f3n Federal para la Protecci\u00f3n Contra Riesgos Sanitarios (Cofepris), las playas de todo el litoral guerrerense se encuentran en condiciones para su uso recreativo durante el periodo vacacional de invierno 2025, esto luego de la verificaci\u00f3n de 40 sitios ubicados en 27 playas de las regiones Costa Chica, Costa Grande y Acapulco.<\/p>\n<p>En tanto, el comandante de la 27 Zona Militar, Antonio Melchor Ruiz, dio a conocer que de manera coordinada con las dem\u00e1s instituciones, tanto el Ej\u00e9rcito Mexicano, como la Guardia Nacional, participan en estas acciones, que para generar un ambiente de seguridad, tranquilidad <a href=\"https:\/\/www.acapulcopress.com\/wp-content\/uploads\/2025\/12\/evlyn-temporada-20259.jpg\"><img loading=\"lazy\" decoding=\"async\" class=\"alignleft size-cmsmasters-square-thumb wp-image-1261941\" src=\"https:\/\/www.acapulcopress.com\/wp-content\/uploads\/2025\/12\/evlyn-temporada-20259-360x360.jpg\" alt=\"\" width=\"360\" height=\"360\" srcset=\"https:\/\/www.acapulcopress.com\/wp-content\/uploads\/2025\/12\/evlyn-temporada-20259-360x360.jpg 360w, https:\/\/www.acapulcopress.com\/wp-content\/uploads\/2025\/12\/evlyn-temporada-20259-150x150.jpg 150w, https:\/\/www.acapulcopress.com\/wp-content\/uploads\/2025\/12\/evlyn-temporada-20259-70x70.jpg 70w\" sizes=\"auto, (max-width: 360px) 100vw, 360px\" \/><\/a>y paz social, promoviendo el desarrollo econ\u00f3mico, tur\u00edstico y la sana convivencia. Para ello, se llevar\u00e1 a cabo el resguardo y atenci\u00f3n en zonas tur\u00edsticas, playas, mercados y eventos masivos.<\/p>\n<p>Por parte del Ej\u00e9rcito Mexicano, participan 821 elementos de la 27 Zona Militar y se desplegaron a poco m\u00e1s de 3 mil 900 elementos de la Guardia Nacional, en diversos municipios de Acapulco, Costa Grande y Costa Chica, as\u00ed como carreteras.<\/p>\n<p>El secretario de Seguridad P\u00fablica del estado, Daniel Antonio Ledesma Osuna, explic\u00f3 que a la par de las acciones de vigilancia, protecci\u00f3n, prevenci\u00f3n y acompa\u00f1amiento, se puso en marcha una estrategia de atenci\u00f3n en playas, centros masivos, sucursales bancarias, mercados, centros comerciales, plazas c\u00edvicas y tramos carreteros, con la participaci\u00f3n de 791 elementos de la Polic\u00eda Estatal, 92 patrullas, 23 motopatrullas, entre otros.<\/p>\n<p>Asistieron a este acto, el diputado presidente de la Mesa Directiva del Congreso del Estado, Alejandro Carabias Icaza; la presidenta del DIF Guerrero, Liz Adriana Salgado Pineda; el senador, F\u00e9lix Salgado Macedonio; el representante de la Octava Regi\u00f3n Naval, Manuel Cervantes Acu\u00f1a; el comandante de Mando Especial de Guardia Nacional Acapulco, Agust\u00edn Reina Mendoza; el fiscal general del estado, Zipacn\u00e1 Torres Ojeda, as\u00ed como c\u00e1maras y organizaciones de prestadores de servicios tur\u00edsticos.<\/p>\n<p><a href=\"https:\/\/www.acapulcopress.com\/wp-content\/uploads\/2025\/12\/evlyn-temporada-202514.jpg\"><img loading=\"lazy\" decoding=\"async\" class=\"alignnone wp-image-1261946 size-large\" src=\"https:\/\/www.acapulcopress.com\/wp-content\/uploads\/2025\/12\/evlyn-temporada-202514-1024x682.jpg\" alt=\"\" width=\"1024\" height=\"682\" srcset=\"https:\/\/www.acapulcopress.com\/wp-content\/uploads\/2025\/12\/evlyn-temporada-202514-1024x682.jpg 1024w, https:\/\/www.acapulcopress.com\/wp-content\/uploads\/2025\/12\/evlyn-temporada-202514-300x200.jpg 300w, https:\/\/www.acapulcopress.com\/wp-content\/uploads\/2025\/12\/evlyn-temporada-202514-768x512.jpg 768w, https:\/\/www.acapulcopress.com\/wp-content\/uploads\/2025\/12\/evlyn-temporada-202514-580x387.jpg 580w, https:\/\/www.acapulcopress.com\/wp-content\/uploads\/2025\/12\/evlyn-temporada-202514-860x573.jpg 860w, https:\/\/www.acapulcopress.com\/wp-content\/uploads\/2025\/12\/evlyn-temporada-202514-1160x773.jpg 1160w, https:\/\/www.acapulcopress.com\/wp-content\/uploads\/2025\/12\/evlyn-temporada-202514.jpg 1280w\" sizes=\"auto, (max-width: 1024px) 100vw, 1024px\" \/><\/a><\/p>\n<p><a href=\"https:\/\/www.acapulcopress.com\/wp-content\/uploads\/2025\/12\/evlyn-temporada-202513.jpg\"><img loading=\"lazy\" decoding=\"async\" class=\"alignnone wp-image-1261945 size-large\" src=\"https:\/\/www.acapulcopress.com\/wp-content\/uploads\/2025\/12\/evlyn-temporada-202513-1024x682.jpg\" alt=\"\" width=\"1024\" height=\"682\" srcset=\"https:\/\/www.acapulcopress.com\/wp-content\/uploads\/2025\/12\/evlyn-temporada-202513-1024x682.jpg 1024w, https:\/\/www.acapulcopress.com\/wp-content\/uploads\/2025\/12\/evlyn-temporada-202513-300x200.jpg 300w, https:\/\/www.acapulcopress.com\/wp-content\/uploads\/2025\/12\/evlyn-temporada-202513-768x512.jpg 768w, https:\/\/www.acapulcopress.com\/wp-content\/uploads\/2025\/12\/evlyn-temporada-202513-580x387.jpg 580w, https:\/\/www.acapulcopress.com\/wp-content\/uploads\/2025\/12\/evlyn-temporada-202513-860x573.jpg 860w, https:\/\/www.acapulcopress.com\/wp-content\/uploads\/2025\/12\/evlyn-temporada-202513-1160x773.jpg 1160w, https:\/\/www.acapulcopress.com\/wp-content\/uploads\/2025\/12\/evlyn-temporada-202513.jpg 1280w\" sizes=\"auto, (max-width: 1024px) 100vw, 1024px\" \/><\/a><\/p>\n<p><a href=\"https:\/\/www.acapulcopress.com\/wp-content\/uploads\/2025\/12\/evlyn-temporada-202512.jpg\"><img loading=\"lazy\" decoding=\"async\" class=\"alignnone wp-image-1261944 size-large\" src=\"https:\/\/www.acapulcopress.com\/wp-content\/uploads\/2025\/12\/evlyn-temporada-202512-1024x576.jpg\" alt=\"\" width=\"1024\" height=\"576\" srcset=\"https:\/\/www.acapulcopress.com\/wp-content\/uploads\/2025\/12\/evlyn-temporada-202512-1024x576.jpg 1024w, https:\/\/www.acapulcopress.com\/wp-content\/uploads\/2025\/12\/evlyn-temporada-202512-300x169.jpg 300w, https:\/\/www.acapulcopress.com\/wp-content\/uploads\/2025\/12\/evlyn-temporada-202512-768x432.jpg 768w, https:\/\/www.acapulcopress.com\/wp-content\/uploads\/2025\/12\/evlyn-temporada-202512-1536x864.jpg 1536w, https:\/\/www.acapulcopress.com\/wp-content\/uploads\/2025\/12\/evlyn-temporada-202512-580x326.jpg 580w, https:\/\/www.acapulcopress.com\/wp-content\/uploads\/2025\/12\/evlyn-temporada-202512-860x484.jpg 860w, https:\/\/www.acapulcopress.com\/wp-content\/uploads\/2025\/12\/evlyn-temporada-202512-1160x653.jpg 1160w, https:\/\/www.acapulcopress.com\/wp-content\/uploads\/2025\/12\/evlyn-temporada-202512-1320x743.jpg 1320w, https:\/\/www.acapulcopress.com\/wp-content\/uploads\/2025\/12\/evlyn-temporada-202512.jpg 1600w\" sizes=\"auto, (max-width: 1024px) 100vw, 1024px\" \/><\/a><\/p>\n<p><a href=\"https:\/\/www.acapulcopress.com\/wp-content\/uploads\/2025\/12\/evlyn-temporada-202510.jpg\"><img loading=\"lazy\" decoding=\"async\" class=\"alignnone wp-image-1261942 size-large\" src=\"https:\/\/www.acapulcopress.com\/wp-content\/uploads\/2025\/12\/evlyn-temporada-202510-1024x682.jpg\" alt=\"\" width=\"1024\" height=\"682\" srcset=\"https:\/\/www.acapulcopress.com\/wp-content\/uploads\/2025\/12\/evlyn-temporada-202510-1024x682.jpg 1024w, https:\/\/www.acapulcopress.com\/wp-content\/uploads\/2025\/12\/evlyn-temporada-202510-300x200.jpg 300w, https:\/\/www.acapulcopress.com\/wp-content\/uploads\/2025\/12\/evlyn-temporada-202510-768x512.jpg 768w, https:\/\/www.acapulcopress.com\/wp-content\/uploads\/2025\/12\/evlyn-temporada-202510-580x387.jpg 580w, https:\/\/www.acapulcopress.com\/wp-content\/uploads\/2025\/12\/evlyn-temporada-202510-860x573.jpg 860w, https:\/\/www.acapulcopress.com\/wp-content\/uploads\/2025\/12\/evlyn-temporada-202510-1160x773.jpg 1160w, https:\/\/www.acapulcopress.com\/wp-content\/uploads\/2025\/12\/evlyn-temporada-202510.jpg 1280w\" sizes=\"auto, (max-width: 1024px) 100vw, 1024px\" \/><\/a><\/p>\n<p><a href=\"https:\/\/www.acapulcopress.com\/wp-content\/uploads\/2025\/12\/evlyn-temporada-20258.jpg\"><img loading=\"lazy\" decoding=\"async\" class=\"alignnone wp-image-1261940 size-large\" src=\"https:\/\/www.acapulcopress.com\/wp-content\/uploads\/2025\/12\/evlyn-temporada-20258-1024x682.jpg\" alt=\"\" width=\"1024\" height=\"682\" srcset=\"https:\/\/www.acapulcopress.com\/wp-content\/uploads\/2025\/12\/evlyn-temporada-20258-1024x682.jpg 1024w, https:\/\/www.acapulcopress.com\/wp-content\/uploads\/2025\/12\/evlyn-temporada-20258-300x200.jpg 300w, https:\/\/www.acapulcopress.com\/wp-content\/uploads\/2025\/12\/evlyn-temporada-20258-768x512.jpg 768w, https:\/\/www.acapulcopress.com\/wp-content\/uploads\/2025\/12\/evlyn-temporada-20258-580x387.jpg 580w, https:\/\/www.acapulcopress.com\/wp-content\/uploads\/2025\/12\/evlyn-temporada-20258-860x573.jpg 860w, https:\/\/www.acapulcopress.com\/wp-content\/uploads\/2025\/12\/evlyn-temporada-20258-1160x773.jpg 1160w, https:\/\/www.acapulcopress.com\/wp-content\/uploads\/2025\/12\/evlyn-temporada-20258.jpg 1280w\" sizes=\"auto, (max-width: 1024px) 100vw, 1024px\" \/><\/a><\/p>\n<p><a href=\"https:\/\/www.acapulcopress.com\/wp-content\/uploads\/2025\/12\/evlyn-temporada-20257.jpg\"><img loading=\"lazy\" decoding=\"async\" class=\"alignnone wp-image-1261939 size-large\" src=\"https:\/\/www.acapulcopress.com\/wp-content\/uploads\/2025\/12\/evlyn-temporada-20257-1024x682.jpg\" alt=\"\" width=\"1024\" height=\"682\" srcset=\"https:\/\/www.acapulcopress.com\/wp-content\/uploads\/2025\/12\/evlyn-temporada-20257-1024x682.jpg 1024w, https:\/\/www.acapulcopress.com\/wp-content\/uploads\/2025\/12\/evlyn-temporada-20257-300x200.jpg 300w, https:\/\/www.acapulcopress.com\/wp-content\/uploads\/2025\/12\/evlyn-temporada-20257-768x512.jpg 768w, https:\/\/www.acapulcopress.com\/wp-content\/uploads\/2025\/12\/evlyn-temporada-20257-580x387.jpg 580w, https:\/\/www.acapulcopress.com\/wp-content\/uploads\/2025\/12\/evlyn-temporada-20257-860x573.jpg 860w, https:\/\/www.acapulcopress.com\/wp-content\/uploads\/2025\/12\/evlyn-temporada-20257-1160x773.jpg 1160w, https:\/\/www.acapulcopress.com\/wp-content\/uploads\/2025\/12\/evlyn-temporada-20257.jpg 1280w\" sizes=\"auto, (max-width: 1024px) 100vw, 1024px\" \/><\/a><\/p>\n<p><a href=\"https:\/\/www.acapulcopress.com\/wp-content\/uploads\/2025\/12\/evlyn-temporada-20256.jpg\"><img loading=\"lazy\" decoding=\"async\" class=\"alignnone wp-image-1261938 size-large\" src=\"https:\/\/www.acapulcopress.com\/wp-content\/uploads\/2025\/12\/evlyn-temporada-20256-1024x682.jpg\" alt=\"\" width=\"1024\" height=\"682\" srcset=\"https:\/\/www.acapulcopress.com\/wp-content\/uploads\/2025\/12\/evlyn-temporada-20256-1024x682.jpg 1024w, https:\/\/www.acapulcopress.com\/wp-content\/uploads\/2025\/12\/evlyn-temporada-20256-300x200.jpg 300w, https:\/\/www.acapulcopress.com\/wp-content\/uploads\/2025\/12\/evlyn-temporada-20256-768x512.jpg 768w, https:\/\/www.acapulcopress.com\/wp-content\/uploads\/2025\/12\/evlyn-temporada-20256-580x387.jpg 580w, https:\/\/www.acapulcopress.com\/wp-content\/uploads\/2025\/12\/evlyn-temporada-20256-860x573.jpg 860w, https:\/\/www.acapulcopress.com\/wp-content\/uploads\/2025\/12\/evlyn-temporada-20256-1160x773.jpg 1160w, https:\/\/www.acapulcopress.com\/wp-content\/uploads\/2025\/12\/evlyn-temporada-20256.jpg 1280w\" sizes=\"auto, (max-width: 1024px) 100vw, 1024px\" \/><\/a><\/p>\n<p><a href=\"https:\/\/www.acapulcopress.com\/wp-content\/uploads\/2025\/12\/evlyn-temporada-20254.jpg\"><img loading=\"lazy\" decoding=\"async\" class=\"alignnone wp-image-1261936 size-large\" src=\"https:\/\/www.acapulcopress.com\/wp-content\/uploads\/2025\/12\/evlyn-temporada-20254-1024x682.jpg\" alt=\"\" width=\"1024\" height=\"682\" srcset=\"https:\/\/www.acapulcopress.com\/wp-content\/uploads\/2025\/12\/evlyn-temporada-20254-1024x682.jpg 1024w, https:\/\/www.acapulcopress.com\/wp-content\/uploads\/2025\/12\/evlyn-temporada-20254-300x200.jpg 300w, https:\/\/www.acapulcopress.com\/wp-content\/uploads\/2025\/12\/evlyn-temporada-20254-768x512.jpg 768w, https:\/\/www.acapulcopress.com\/wp-content\/uploads\/2025\/12\/evlyn-temporada-20254-580x387.jpg 580w, https:\/\/www.acapulcopress.com\/wp-content\/uploads\/2025\/12\/evlyn-temporada-20254-860x573.jpg 860w, https:\/\/www.acapulcopress.com\/wp-content\/uploads\/2025\/12\/evlyn-temporada-20254-1160x773.jpg 1160w, https:\/\/www.acapulcopress.com\/wp-content\/uploads\/2025\/12\/evlyn-temporada-20254.jpg 1280w\" sizes=\"auto, (max-width: 1024px) 100vw, 1024px\" \/><\/a><\/p>\n<p><a href=\"https:\/\/www.acapulcopress.com\/wp-content\/uploads\/2025\/12\/evlyn-temporada-20253.jpg\"><img loading=\"lazy\" decoding=\"async\" class=\"alignnone wp-image-1261935 size-large\" src=\"https:\/\/www.acapulcopress.com\/wp-content\/uploads\/2025\/12\/evlyn-temporada-20253-1024x682.jpg\" alt=\"\" width=\"1024\" height=\"682\" srcset=\"https:\/\/www.acapulcopress.com\/wp-content\/uploads\/2025\/12\/evlyn-temporada-20253-1024x682.jpg 1024w, https:\/\/www.acapulcopress.com\/wp-content\/uploads\/2025\/12\/evlyn-temporada-20253-300x200.jpg 300w, https:\/\/www.acapulcopress.com\/wp-content\/uploads\/2025\/12\/evlyn-temporada-20253-768x512.jpg 768w, https:\/\/www.acapulcopress.com\/wp-content\/uploads\/2025\/12\/evlyn-temporada-20253-580x387.jpg 580w, https:\/\/www.acapulcopress.com\/wp-content\/uploads\/2025\/12\/evlyn-temporada-20253-860x573.jpg 860w, https:\/\/www.acapulcopress.com\/wp-content\/uploads\/2025\/12\/evlyn-temporada-20253-1160x773.jpg 1160w, https:\/\/www.acapulcopress.com\/wp-content\/uploads\/2025\/12\/evlyn-temporada-20253.jpg 1280w\" sizes=\"auto, (max-width: 1024px) 100vw, 1024px\" \/><\/a><\/p>\n<p><a href=\"https:\/\/www.acapulcopress.com\/wp-content\/uploads\/2025\/12\/evlyn-temporada-20252.jpg\"><img loading=\"lazy\" decoding=\"async\" class=\"alignnone wp-image-1261934 size-large\" src=\"https:\/\/www.acapulcopress.com\/wp-content\/uploads\/2025\/12\/evlyn-temporada-20252-1024x682.jpg\" alt=\"\" width=\"1024\" height=\"682\" srcset=\"https:\/\/www.acapulcopress.com\/wp-content\/uploads\/2025\/12\/evlyn-temporada-20252-1024x682.jpg 1024w, https:\/\/www.acapulcopress.com\/wp-content\/uploads\/2025\/12\/evlyn-temporada-20252-300x200.jpg 300w, https:\/\/www.acapulcopress.com\/wp-content\/uploads\/2025\/12\/evlyn-temporada-20252-768x512.jpg 768w, https:\/\/www.acapulcopress.com\/wp-content\/uploads\/2025\/12\/evlyn-temporada-20252-580x387.jpg 580w, https:\/\/www.acapulcopress.com\/wp-content\/uploads\/2025\/12\/evlyn-temporada-20252-860x573.jpg 860w, https:\/\/www.acapulcopress.com\/wp-content\/uploads\/2025\/12\/evlyn-temporada-20252-1160x773.jpg 1160w, https:\/\/www.acapulcopress.com\/wp-content\/uploads\/2025\/12\/evlyn-temporada-20252.jpg 1280w\" sizes=\"auto, (max-width: 1024px) 100vw, 1024px\" \/><\/a><\/p>\n<p><a href=\"https:\/\/www.acapulcopress.com\/wp-content\/uploads\/2025\/12\/evlyn-temporada-2025.jpg\"><img loading=\"lazy\" decoding=\"async\" class=\"alignnone wp-image-1261933 size-large\" src=\"https:\/\/www.acapulcopress.com\/wp-content\/uploads\/2025\/12\/evlyn-temporada-2025-1024x682.jpg\" alt=\"\" width=\"1024\" height=\"682\" srcset=\"https:\/\/www.acapulcopress.com\/wp-content\/uploads\/2025\/12\/evlyn-temporada-2025-1024x682.jpg 1024w, https:\/\/www.acapulcopress.com\/wp-content\/uploads\/2025\/12\/evlyn-temporada-2025-300x200.jpg 300w, https:\/\/www.acapulcopress.com\/wp-content\/uploads\/2025\/12\/evlyn-temporada-2025-768x512.jpg 768w, https:\/\/www.acapulcopress.com\/wp-content\/uploads\/2025\/12\/evlyn-temporada-2025-580x387.jpg 580w, https:\/\/www.acapulcopress.com\/wp-content\/uploads\/2025\/12\/evlyn-temporada-2025-860x573.jpg 860w, https:\/\/www.acapulcopress.com\/wp-content\/uploads\/2025\/12\/evlyn-temporada-2025-1160x773.jpg 1160w, https:\/\/www.acapulcopress.com\/wp-content\/uploads\/2025\/12\/evlyn-temporada-2025.jpg 1280w\" sizes=\"auto, (max-width: 1024px) 100vw, 1024px\" \/><\/a><\/p>\n<p><em>*<a href=\"http:\/\/fb.me\/steparious\" target=\"_blank\" rel=\"noopener\">\u00a0fb.me\/steparious<\/a>\u00a0 *\u00a0<a href=\"http:\/\/fb.me\/acapulcopress\" target=\"_blank\" rel=\"noopener\">fb.me\/acapulcopress<\/a><\/em><\/p>\n","protected":false},"excerpt":{"rendered":"<p>ACAPULCO * 17 de diciembre 2025 ) Gobierno de Guerrero Para salvaguardar la integridad de la poblaci\u00f3n guerrerense y de quienes visitan el estado, mediante acciones de protecci\u00f3n, prevenci\u00f3n y acompa\u00f1amiento, la gobernadora Evelyn Salgado Pineda dio el banderazo del Operativo Temporada Vacacional Invierno 2025, en el que participan de manera coordinada, 727 unidades y&#8230;<\/p>\n","protected":false},"author":1,"featured_media":1261934,"comment_status":"closed","ping_status":"open","sticky":false,"template":"","format":"standard","meta":{"footnotes":""},"categories":[1980,1983],"tags":[18989],"class_list":["post-1261932","post","type-post","status-publish","format-standard","has-post-thumbnail","hentry","category-goverment-2","category-guerrerogob","tag-operativo-temporada-vacacional-invierno-2025"],"_links":{"self":[{"href":"https:\/\/www.acapulcopress.com\/index.php\/wp-json\/wp\/v2\/posts\/1261932","targetHints":{"allow":["GET"]}}],"collection":[{"href":"https:\/\/www.acapulcopress.com\/index.php\/wp-json\/wp\/v2\/posts"}],"about":[{"href":"https:\/\/www.acapulcopress.com\/index.php\/wp-json\/wp\/v2\/types\/post"}],"author":[{"embeddable":true,"href":"https:\/\/www.acapulcopress.com\/index.php\/wp-json\/wp\/v2\/users\/1"}],"replies":[{"embeddable":true,"href":"https:\/\/www.acapulcopress.com\/index.php\/wp-json\/wp\/v2\/comments?post=1261932"}],"version-history":[{"count":1,"href":"https:\/\/www.acapulcopress.com\/index.php\/wp-json\/wp\/v2\/posts\/1261932\/revisions"}],"predecessor-version":[{"id":1261950,"href":"https:\/\/www.acapulcopress.com\/index.php\/wp-json\/wp\/v2\/posts\/1261932\/revisions\/1261950"}],"wp:featuredmedia":[{"embeddable":true,"href":"https:\/\/www.acapulcopress.com\/index.php\/wp-json\/wp\/v2\/media\/1261934"}],"wp:attachment":[{"href":"https:\/\/www.acapulcopress.com\/index.php\/wp-json\/wp\/v2\/media?parent=1261932"}],"wp:term":[{"taxonomy":"category","embeddable":true,"href":"https:\/\/www.acapulcopress.com\/index.php\/wp-json\/wp\/v2\/categories?post=1261932"},{"taxonomy":"post_tag","embeddable":true,"href":"https:\/\/www.acapulcopress.com\/index.php\/wp-json\/wp\/v2\/tags?post=1261932"}],"curies":[{"name":"wp","href":"https:\/\/api.w.org\/{rel}","templated":true}]}}