{"id":1261980,"date":"2025-12-18T19:11:13","date_gmt":"2025-12-19T01:11:13","guid":{"rendered":"https:\/\/www.acapulcopress.com\/?p=1261980"},"modified":"2025-12-18T19:13:56","modified_gmt":"2025-12-19T01:13:56","slug":"secturaca-invita-redescubrir-el-fuerte-de-san-diego","status":"publish","type":"post","link":"https:\/\/www.acapulcopress.com\/index.php\/2025\/12\/18\/secturaca-invita-redescubrir-el-fuerte-de-san-diego\/","title":{"rendered":"SecturAca invita redescubrir el \u00abFuerte de San Diego\u00bb"},"content":{"rendered":"<p>ACAPULCO * 18 de diciembre 2025<br \/>\n<em>) Sectur Acapulco<br \/>\n<\/em>La <em>Secretar\u00eda de Turismo de Acapulco<\/em>, a cargo de <strong>No\u00e9 Peralta Herrera<\/strong>, invita a locales y visitantes a redescubrir uno de los espacios m\u00e1s representativos del puerto: El <em>Museo Hist\u00f3rico de Acapulco<\/em>, mejor conocido como\u00bbFuerte de San Diego\u00bb, un recinto que resguarda la memoria, identidad y grandeza cultural de nuestra ciudad.<\/p>\n<p>Durante esta temporada decembrina, el museo presenta una renovada museograf\u00eda en 14 salas que sorprenden con piezas de arqueolog\u00eda subacu\u00e1tica, fragmentos de porcelana rescatados en las inmediaciones del Fuerte, una impactante sala de navegaci\u00f3n con un gale\u00f3n procedente de Singapur y un espacio dedicado a la cocina hist\u00f3rica que conecta con las ra\u00edces del Acapulco de anta\u00f1o, inform\u00f3 el titular de la <em>Sectur Acapulco<\/em>.<\/p>\n<p>El recorrido se enriquece con una exposici\u00f3n dedicada a la herencia afrodescendiente de la Costa Chica, donde m\u00e1scaras, \u00f3leos, cuadros y expresiones art\u00edsticas ponen en valor la diversidad cultural que ha marcado la historia de Acapulco y fortalece el orgullo por nuestras tradiciones vivas, complement\u00f3 el funcionario municipal, quien recalc\u00f3 que desde el Museo Hist\u00f3rico de Acapulco es posible disfrutar de una vista espectacular de la bah\u00eda desde la Plaza de Armas y el adarve (azotea).<\/p>\n<p>El museo abre de martes a domingo, de 9:00 de la ma\u00f1ana a las 6:00 de la tarde.<\/p>\n<p>La entrada general es de $80 pesos y los domingos es gratuita para turistas mexicanos y residentes de Acapulco.<\/p>\n<p>\u00abUn plan ideal para vivir la historia y la belleza del puerto en estas fechas decembrinas\u00bb, destac\u00f3 Peralta Herrera.<\/p>\n<p><a href=\"https:\/\/www.acapulcopress.com\/wp-content\/uploads\/2025\/12\/MUSEO-HSTORICO-DE-ACAPULCO2.jpg\"><img loading=\"lazy\" decoding=\"async\" class=\"alignnone wp-image-1261983 size-large\" src=\"https:\/\/www.acapulcopress.com\/wp-content\/uploads\/2025\/12\/MUSEO-HSTORICO-DE-ACAPULCO2-1024x683.jpg\" alt=\"\" width=\"1024\" height=\"683\" srcset=\"https:\/\/www.acapulcopress.com\/wp-content\/uploads\/2025\/12\/MUSEO-HSTORICO-DE-ACAPULCO2-1024x683.jpg 1024w, https:\/\/www.acapulcopress.com\/wp-content\/uploads\/2025\/12\/MUSEO-HSTORICO-DE-ACAPULCO2-300x200.jpg 300w, https:\/\/www.acapulcopress.com\/wp-content\/uploads\/2025\/12\/MUSEO-HSTORICO-DE-ACAPULCO2-768x512.jpg 768w, https:\/\/www.acapulcopress.com\/wp-content\/uploads\/2025\/12\/MUSEO-HSTORICO-DE-ACAPULCO2-580x387.jpg 580w, https:\/\/www.acapulcopress.com\/wp-content\/uploads\/2025\/12\/MUSEO-HSTORICO-DE-ACAPULCO2-860x573.jpg 860w, https:\/\/www.acapulcopress.com\/wp-content\/uploads\/2025\/12\/MUSEO-HSTORICO-DE-ACAPULCO2.jpg 1080w\" sizes=\"auto, (max-width: 1024px) 100vw, 1024px\" \/><\/a><\/p>\n<p><a href=\"https:\/\/www.acapulcopress.com\/wp-content\/uploads\/2025\/12\/MUSEO-HSTORICO-DE-ACAPULCO3.jpg\"><img loading=\"lazy\" decoding=\"async\" class=\"alignnone wp-image-1261984 size-full\" src=\"https:\/\/www.acapulcopress.com\/wp-content\/uploads\/2025\/12\/MUSEO-HSTORICO-DE-ACAPULCO3.jpg\" alt=\"\" width=\"1024\" height=\"471\" srcset=\"https:\/\/www.acapulcopress.com\/wp-content\/uploads\/2025\/12\/MUSEO-HSTORICO-DE-ACAPULCO3.jpg 1024w, https:\/\/www.acapulcopress.com\/wp-content\/uploads\/2025\/12\/MUSEO-HSTORICO-DE-ACAPULCO3-300x138.jpg 300w, https:\/\/www.acapulcopress.com\/wp-content\/uploads\/2025\/12\/MUSEO-HSTORICO-DE-ACAPULCO3-768x353.jpg 768w, https:\/\/www.acapulcopress.com\/wp-content\/uploads\/2025\/12\/MUSEO-HSTORICO-DE-ACAPULCO3-580x267.jpg 580w, https:\/\/www.acapulcopress.com\/wp-content\/uploads\/2025\/12\/MUSEO-HSTORICO-DE-ACAPULCO3-860x396.jpg 860w\" sizes=\"auto, (max-width: 1024px) 100vw, 1024px\" \/><\/a><\/p>\n<p><a href=\"https:\/\/www.acapulcopress.com\/wp-content\/uploads\/2025\/12\/MUSEO-HSTORICO-DE-ACAPULCO4.jpg\"><img loading=\"lazy\" decoding=\"async\" class=\"alignnone wp-image-1261985 \" src=\"https:\/\/www.acapulcopress.com\/wp-content\/uploads\/2025\/12\/MUSEO-HSTORICO-DE-ACAPULCO4.jpg\" alt=\"\" width=\"997\" height=\"851\" srcset=\"https:\/\/www.acapulcopress.com\/wp-content\/uploads\/2025\/12\/MUSEO-HSTORICO-DE-ACAPULCO4.jpg 889w, https:\/\/www.acapulcopress.com\/wp-content\/uploads\/2025\/12\/MUSEO-HSTORICO-DE-ACAPULCO4-300x256.jpg 300w, https:\/\/www.acapulcopress.com\/wp-content\/uploads\/2025\/12\/MUSEO-HSTORICO-DE-ACAPULCO4-768x656.jpg 768w, https:\/\/www.acapulcopress.com\/wp-content\/uploads\/2025\/12\/MUSEO-HSTORICO-DE-ACAPULCO4-580x495.jpg 580w, https:\/\/www.acapulcopress.com\/wp-content\/uploads\/2025\/12\/MUSEO-HSTORICO-DE-ACAPULCO4-860x734.jpg 860w\" sizes=\"auto, (max-width: 997px) 100vw, 997px\" \/><\/a><\/p>\n<p><a href=\"https:\/\/www.acapulcopress.com\/wp-content\/uploads\/2025\/12\/MUSEO-HSTORICO-DE-ACAPULCO5.jpg\"><img loading=\"lazy\" decoding=\"async\" class=\"alignnone wp-image-1261986 \" src=\"https:\/\/www.acapulcopress.com\/wp-content\/uploads\/2025\/12\/MUSEO-HSTORICO-DE-ACAPULCO5.jpg\" alt=\"\" width=\"994\" height=\"435\" srcset=\"https:\/\/www.acapulcopress.com\/wp-content\/uploads\/2025\/12\/MUSEO-HSTORICO-DE-ACAPULCO5.jpg 601w, https:\/\/www.acapulcopress.com\/wp-content\/uploads\/2025\/12\/MUSEO-HSTORICO-DE-ACAPULCO5-300x131.jpg 300w, https:\/\/www.acapulcopress.com\/wp-content\/uploads\/2025\/12\/MUSEO-HSTORICO-DE-ACAPULCO5-580x254.jpg 580w\" sizes=\"auto, (max-width: 994px) 100vw, 994px\" \/><\/a><\/p>\n<p><em><a href=\"http:\/\/%2A%20fb.me\/steparious\" target=\"_blank\" rel=\"noopener\">* fb.me\/steparious\u00a0<\/a>*\u00a0<a href=\"http:\/\/fb.me\/acapulcopress\" target=\"_blank\" rel=\"noopener\">fb.me\/acapulcopress<\/a><\/em><\/p>\n","protected":false},"excerpt":{"rendered":"<p>La Secretar\u00eda de Turismo de Acapulco, a cargo de No\u00e9 Peralta Herrera, invita a locales y visitantes a redescubrir uno de los espacios m\u00e1s representativos del puerto: El Museo Hist\u00f3rico de Acapulco<\/p>\n","protected":false},"author":1,"featured_media":1261982,"comment_status":"closed","ping_status":"open","sticky":false,"template":"","format":"standard","meta":{"footnotes":""},"categories":[1988,18470],"tags":[18992,18991,13711,16289],"class_list":["post-1261980","post","type-post","status-publish","format-standard","has-post-thumbnail","hentry","category-lifestyles","category-turismo","tag-fuerte-de-san-diego-acapulco","tag-museo-historico-de-acapulco","tag-noe-peralta-herrera","tag-secretaria-de-turismo-de-acapulco"],"_links":{"self":[{"href":"https:\/\/www.acapulcopress.com\/index.php\/wp-json\/wp\/v2\/posts\/1261980","targetHints":{"allow":["GET"]}}],"collection":[{"href":"https:\/\/www.acapulcopress.com\/index.php\/wp-json\/wp\/v2\/posts"}],"about":[{"href":"https:\/\/www.acapulcopress.com\/index.php\/wp-json\/wp\/v2\/types\/post"}],"author":[{"embeddable":true,"href":"https:\/\/www.acapulcopress.com\/index.php\/wp-json\/wp\/v2\/users\/1"}],"replies":[{"embeddable":true,"href":"https:\/\/www.acapulcopress.com\/index.php\/wp-json\/wp\/v2\/comments?post=1261980"}],"version-history":[{"count":5,"href":"https:\/\/www.acapulcopress.com\/index.php\/wp-json\/wp\/v2\/posts\/1261980\/revisions"}],"predecessor-version":[{"id":1261991,"href":"https:\/\/www.acapulcopress.com\/index.php\/wp-json\/wp\/v2\/posts\/1261980\/revisions\/1261991"}],"wp:featuredmedia":[{"embeddable":true,"href":"https:\/\/www.acapulcopress.com\/index.php\/wp-json\/wp\/v2\/media\/1261982"}],"wp:attachment":[{"href":"https:\/\/www.acapulcopress.com\/index.php\/wp-json\/wp\/v2\/media?parent=1261980"}],"wp:term":[{"taxonomy":"category","embeddable":true,"href":"https:\/\/www.acapulcopress.com\/index.php\/wp-json\/wp\/v2\/categories?post=1261980"},{"taxonomy":"post_tag","embeddable":true,"href":"https:\/\/www.acapulcopress.com\/index.php\/wp-json\/wp\/v2\/tags?post=1261980"}],"curies":[{"name":"wp","href":"https:\/\/api.w.org\/{rel}","templated":true}]}}