{"id":1261992,"date":"2025-12-18T19:37:02","date_gmt":"2025-12-19T01:37:02","guid":{"rendered":"https:\/\/www.acapulcopress.com\/?p=1261992"},"modified":"2025-12-18T19:37:20","modified_gmt":"2025-12-19T01:37:20","slug":"miradoresdelhogardelsol-puntos-de-referencia-urbana-y-turistica-de-acapulco-evelyn-salgado","status":"publish","type":"post","link":"https:\/\/www.acapulcopress.com\/index.php\/2025\/12\/18\/miradoresdelhogardelsol-puntos-de-referencia-urbana-y-turistica-de-acapulco-evelyn-salgado\/","title":{"rendered":"#MiradoresDelHogarDelSol, puntos de referencia urbana y tur\u00edstica de Acapulco"},"content":{"rendered":"<p>ACAPULCO * 18 de diciembre 2025<br \/>\n<em>) Gobierno de Guerrero<br \/>\n<\/em>Como parte de la remodelaci\u00f3n urbana para mejorar la imagen del corredor tur\u00edstico de Acapulco, ubicado en la <em>Avenida Esc\u00e9nica<\/em>; el <a href=\"https:\/\/www.acapulcopress.com\/wp-content\/uploads\/2025\/12\/mirdores-acapulco7.jpg\"><img loading=\"lazy\" decoding=\"async\" class=\"alignleft size-cmsmasters-square-thumb wp-image-1262000\" src=\"https:\/\/www.acapulcopress.com\/wp-content\/uploads\/2025\/12\/mirdores-acapulco7-360x360.jpg\" alt=\"\" width=\"360\" height=\"360\" srcset=\"https:\/\/www.acapulcopress.com\/wp-content\/uploads\/2025\/12\/mirdores-acapulco7-360x360.jpg 360w, https:\/\/www.acapulcopress.com\/wp-content\/uploads\/2025\/12\/mirdores-acapulco7-150x150.jpg 150w, https:\/\/www.acapulcopress.com\/wp-content\/uploads\/2025\/12\/mirdores-acapulco7-70x70.jpg 70w\" sizes=\"auto, (max-width: 360px) 100vw, 360px\" \/><\/a>gobierno de Guerrero, que encabeza <strong>Evelyn Salgado Pineda<\/strong>, realiz\u00f3 trabajos integrales de los <em>Miradores de Puerto Marqu\u00e9s<\/em> y <em>Las Brisas<\/em>, denominados <em>Mirador Amanecer<\/em> y <em>Mirador Atardecer<\/em>, respectivamente.<\/p>\n<p>Estas obras embellecen la imagen del puerto, adem\u00e1s de hacer miradores m\u00e1s funcionales y seguros, que mejoran la experiencia de quienes los visitan; con la rehabilitaci\u00f3n total de las superficies peatonales mediante la renovaci\u00f3n del concreto, la correcci\u00f3n de niveles, y la colocaci\u00f3n visible de se\u00f1alamientos claros de circulaci\u00f3n, se garantiza el confort, accesibilidad y durabilidad de las obras.<\/p>\n<p>El Mirador del Amanecer, incluye mobiliario urbano y jardiner\u00eda adecuada para el clima tropical-costero que acent\u00faa la vista de Puerto Marqu\u00e9s; en este mismo sentido, fueron colocados p\u00f3rticos con identidad gr\u00e1fica del puerto y del estado, as\u00ed como la colocaci\u00f3n del nombre \u201cAcapulco\u201d, a fin de generar apropiaci\u00f3n y reconocimiento del espacio.<\/p>\n<p>El mirador tambi\u00e9n podr\u00e1 ser utilizado por las noches, pues se equip\u00f3 con luminarias que resaltan las estructuras sin intervenir con las vistas panor\u00e1micas, adem\u00e1s de mejorar la iluminaci\u00f3n en la zona permitiendo mayor movilidad, la cual es reforzada con la delimitaci\u00f3n clara de zonas vehiculares y peatonales con se\u00f1al\u00e9ticas visibles, reductores de velocidad y delimitaci\u00f3n del \u00e1rea de estacionamiento.<\/p>\n<p><a href=\"https:\/\/www.acapulcopress.com\/wp-content\/uploads\/2025\/12\/mirdores-acapulco10.jpg\"><img loading=\"lazy\" decoding=\"async\" class=\"alignleft size-cmsmasters-square-thumb wp-image-1262003\" src=\"https:\/\/www.acapulcopress.com\/wp-content\/uploads\/2025\/12\/mirdores-acapulco10-360x360.jpg\" alt=\"\" width=\"360\" height=\"360\" srcset=\"https:\/\/www.acapulcopress.com\/wp-content\/uploads\/2025\/12\/mirdores-acapulco10-360x360.jpg 360w, https:\/\/www.acapulcopress.com\/wp-content\/uploads\/2025\/12\/mirdores-acapulco10-150x150.jpg 150w, https:\/\/www.acapulcopress.com\/wp-content\/uploads\/2025\/12\/mirdores-acapulco10-70x70.jpg 70w\" sizes=\"auto, (max-width: 360px) 100vw, 360px\" \/><\/a>Cabe destacar que para fortalecer las acciones de seguridad con atenci\u00f3n inmediata ante situaciones de emergencia, ambos miradores fueron equipados con botones de p\u00e1nico de \u00faltima generaci\u00f3n, los cuales est\u00e1n integrados a un sistema de videovigilancia y comunicaci\u00f3n directa con el <em>Centro de Control, Comando, C\u00f3mputo, Comunicaciones y Coordinaci\u00f3n<\/em> del estado de Guerrero (C5).<\/p>\n<p>Esta remodelaci\u00f3n, desarrollada bajo criterios de dise\u00f1o urbano funcional, respeta el paisaje y terreno natural, adem\u00e1s de la vista hacia la bah\u00eda, consolidando los espacios como puntos de referencia urbana que fortalecen la imagen de la Avenida Esc\u00e9nica, y uno de los corredores tur\u00edsticos m\u00e1s importantes del puerto.<\/p>\n<p>Por su parte, el <em>Mirador Atardecer,<\/em> incluy\u00f3 adem\u00e1s, la adecuaci\u00f3n del sistema de drenaje pluvial con nuevas rejillas, as\u00ed como trabajos de mantenimiento y correcciones de elementos constructivos existentes; adem\u00e1s de integrar un \u00e1rea de estacionamiento para 23 veh\u00edculos y un sitio de taxis formal y digno.<\/p>\n<p>Este mirador tiene una capacidad estimada de entre 80 a 120 usuarios simult\u00e1neos, con una proyecci\u00f3n de afluencia anual aproximada de entre 150 mil y 220 mil visitantes locales y for\u00e1neos.<\/p>\n<p>De manera decidida y solidaria la gobernadora Evelyn Salgado contin\u00faa impulsando acciones para mejorar la imagen tur\u00edstica de Acapulco, siendo los <em>#MiradoresDelHogarDelSol<\/em> una muestra m\u00e1s del apoyo de la administraci\u00f3n estatal con el municipio tur\u00edstico que es referente a nivel nacional e internacional.<\/p>\n<p><a href=\"https:\/\/www.acapulcopress.com\/wp-content\/uploads\/2025\/12\/mirdores-acapulco14.jpg\"><img loading=\"lazy\" decoding=\"async\" class=\"alignnone wp-image-1262007 size-large\" src=\"https:\/\/www.acapulcopress.com\/wp-content\/uploads\/2025\/12\/mirdores-acapulco14-1024x682.jpg\" alt=\"\" width=\"1024\" height=\"682\" srcset=\"https:\/\/www.acapulcopress.com\/wp-content\/uploads\/2025\/12\/mirdores-acapulco14-1024x682.jpg 1024w, https:\/\/www.acapulcopress.com\/wp-content\/uploads\/2025\/12\/mirdores-acapulco14-300x200.jpg 300w, https:\/\/www.acapulcopress.com\/wp-content\/uploads\/2025\/12\/mirdores-acapulco14-768x512.jpg 768w, https:\/\/www.acapulcopress.com\/wp-content\/uploads\/2025\/12\/mirdores-acapulco14-1536x1023.jpg 1536w, https:\/\/www.acapulcopress.com\/wp-content\/uploads\/2025\/12\/mirdores-acapulco14-580x386.jpg 580w, https:\/\/www.acapulcopress.com\/wp-content\/uploads\/2025\/12\/mirdores-acapulco14-860x573.jpg 860w, https:\/\/www.acapulcopress.com\/wp-content\/uploads\/2025\/12\/mirdores-acapulco14-1160x773.jpg 1160w, https:\/\/www.acapulcopress.com\/wp-content\/uploads\/2025\/12\/mirdores-acapulco14-1320x879.jpg 1320w, https:\/\/www.acapulcopress.com\/wp-content\/uploads\/2025\/12\/mirdores-acapulco14.jpg 1600w\" sizes=\"auto, (max-width: 1024px) 100vw, 1024px\" \/><\/a><\/p>\n<p><a href=\"https:\/\/www.acapulcopress.com\/wp-content\/uploads\/2025\/12\/mirdores-acapulco9.jpg\"><img loading=\"lazy\" decoding=\"async\" class=\"alignnone wp-image-1262002 size-large\" src=\"https:\/\/www.acapulcopress.com\/wp-content\/uploads\/2025\/12\/mirdores-acapulco9-1024x682.jpg\" alt=\"\" width=\"1024\" height=\"682\" srcset=\"https:\/\/www.acapulcopress.com\/wp-content\/uploads\/2025\/12\/mirdores-acapulco9-1024x682.jpg 1024w, https:\/\/www.acapulcopress.com\/wp-content\/uploads\/2025\/12\/mirdores-acapulco9-300x200.jpg 300w, https:\/\/www.acapulcopress.com\/wp-content\/uploads\/2025\/12\/mirdores-acapulco9-768x512.jpg 768w, https:\/\/www.acapulcopress.com\/wp-content\/uploads\/2025\/12\/mirdores-acapulco9-1536x1023.jpg 1536w, https:\/\/www.acapulcopress.com\/wp-content\/uploads\/2025\/12\/mirdores-acapulco9-580x386.jpg 580w, https:\/\/www.acapulcopress.com\/wp-content\/uploads\/2025\/12\/mirdores-acapulco9-860x573.jpg 860w, https:\/\/www.acapulcopress.com\/wp-content\/uploads\/2025\/12\/mirdores-acapulco9-1160x773.jpg 1160w, https:\/\/www.acapulcopress.com\/wp-content\/uploads\/2025\/12\/mirdores-acapulco9-1320x879.jpg 1320w, https:\/\/www.acapulcopress.com\/wp-content\/uploads\/2025\/12\/mirdores-acapulco9.jpg 1600w\" sizes=\"auto, (max-width: 1024px) 100vw, 1024px\" \/><\/a><\/p>\n<p><a href=\"https:\/\/www.acapulcopress.com\/wp-content\/uploads\/2025\/12\/mirdores-acapulco8.jpg\"><img loading=\"lazy\" decoding=\"async\" class=\"alignnone wp-image-1262001 size-full\" src=\"https:\/\/www.acapulcopress.com\/wp-content\/uploads\/2025\/12\/mirdores-acapulco8.jpg\" alt=\"\" width=\"1600\" height=\"900\" srcset=\"https:\/\/www.acapulcopress.com\/wp-content\/uploads\/2025\/12\/mirdores-acapulco8.jpg 1600w, https:\/\/www.acapulcopress.com\/wp-content\/uploads\/2025\/12\/mirdores-acapulco8-300x169.jpg 300w, https:\/\/www.acapulcopress.com\/wp-content\/uploads\/2025\/12\/mirdores-acapulco8-1024x576.jpg 1024w, https:\/\/www.acapulcopress.com\/wp-content\/uploads\/2025\/12\/mirdores-acapulco8-768x432.jpg 768w, https:\/\/www.acapulcopress.com\/wp-content\/uploads\/2025\/12\/mirdores-acapulco8-1536x864.jpg 1536w, https:\/\/www.acapulcopress.com\/wp-content\/uploads\/2025\/12\/mirdores-acapulco8-580x326.jpg 580w, https:\/\/www.acapulcopress.com\/wp-content\/uploads\/2025\/12\/mirdores-acapulco8-860x484.jpg 860w, https:\/\/www.acapulcopress.com\/wp-content\/uploads\/2025\/12\/mirdores-acapulco8-1160x653.jpg 1160w, https:\/\/www.acapulcopress.com\/wp-content\/uploads\/2025\/12\/mirdores-acapulco8-1320x743.jpg 1320w\" sizes=\"auto, (max-width: 1600px) 100vw, 1600px\" \/><\/a><\/p>\n<p><a href=\"https:\/\/www.acapulcopress.com\/wp-content\/uploads\/2025\/12\/mirdores-acapulco4.jpg\"><img loading=\"lazy\" decoding=\"async\" class=\"alignnone wp-image-1261997 size-large\" src=\"https:\/\/www.acapulcopress.com\/wp-content\/uploads\/2025\/12\/mirdores-acapulco4-1024x576.jpg\" alt=\"\" width=\"1024\" height=\"576\" srcset=\"https:\/\/www.acapulcopress.com\/wp-content\/uploads\/2025\/12\/mirdores-acapulco4-1024x576.jpg 1024w, https:\/\/www.acapulcopress.com\/wp-content\/uploads\/2025\/12\/mirdores-acapulco4-300x169.jpg 300w, https:\/\/www.acapulcopress.com\/wp-content\/uploads\/2025\/12\/mirdores-acapulco4-768x432.jpg 768w, https:\/\/www.acapulcopress.com\/wp-content\/uploads\/2025\/12\/mirdores-acapulco4-1536x864.jpg 1536w, https:\/\/www.acapulcopress.com\/wp-content\/uploads\/2025\/12\/mirdores-acapulco4-580x326.jpg 580w, https:\/\/www.acapulcopress.com\/wp-content\/uploads\/2025\/12\/mirdores-acapulco4-860x484.jpg 860w, https:\/\/www.acapulcopress.com\/wp-content\/uploads\/2025\/12\/mirdores-acapulco4-1160x653.jpg 1160w, https:\/\/www.acapulcopress.com\/wp-content\/uploads\/2025\/12\/mirdores-acapulco4-1320x743.jpg 1320w, https:\/\/www.acapulcopress.com\/wp-content\/uploads\/2025\/12\/mirdores-acapulco4.jpg 1600w\" sizes=\"auto, (max-width: 1024px) 100vw, 1024px\" \/><\/a><\/p>\n<p><a href=\"https:\/\/www.acapulcopress.com\/wp-content\/uploads\/2025\/12\/mirdores-acapulco3.jpg\"><img loading=\"lazy\" decoding=\"async\" class=\"alignnone wp-image-1261996 size-large\" src=\"https:\/\/www.acapulcopress.com\/wp-content\/uploads\/2025\/12\/mirdores-acapulco3-1024x682.jpg\" alt=\"\" width=\"1024\" height=\"682\" srcset=\"https:\/\/www.acapulcopress.com\/wp-content\/uploads\/2025\/12\/mirdores-acapulco3-1024x682.jpg 1024w, https:\/\/www.acapulcopress.com\/wp-content\/uploads\/2025\/12\/mirdores-acapulco3-300x200.jpg 300w, https:\/\/www.acapulcopress.com\/wp-content\/uploads\/2025\/12\/mirdores-acapulco3-768x512.jpg 768w, https:\/\/www.acapulcopress.com\/wp-content\/uploads\/2025\/12\/mirdores-acapulco3-1536x1023.jpg 1536w, https:\/\/www.acapulcopress.com\/wp-content\/uploads\/2025\/12\/mirdores-acapulco3-580x386.jpg 580w, https:\/\/www.acapulcopress.com\/wp-content\/uploads\/2025\/12\/mirdores-acapulco3-860x573.jpg 860w, https:\/\/www.acapulcopress.com\/wp-content\/uploads\/2025\/12\/mirdores-acapulco3-1160x773.jpg 1160w, https:\/\/www.acapulcopress.com\/wp-content\/uploads\/2025\/12\/mirdores-acapulco3-1320x879.jpg 1320w, https:\/\/www.acapulcopress.com\/wp-content\/uploads\/2025\/12\/mirdores-acapulco3.jpg 1600w\" sizes=\"auto, (max-width: 1024px) 100vw, 1024px\" \/><\/a><\/p>\n<p><em><a href=\"http:\/\/%2A%20fb.me\/steparious\" target=\"_blank\" rel=\"noopener\">* fb.me\/steparious\u00a0<\/a>*\u00a0<a href=\"http:\/\/fb.me\/acapulcopress\" target=\"_blank\" rel=\"noopener\">fb.me\/acapulcopress<\/a><\/em><\/p>\n","protected":false},"excerpt":{"rendered":"<p>ACAPULCO * 18 de diciembre 2025 ) Gobierno de Guerrero Como parte de la remodelaci\u00f3n urbana para mejorar la imagen del corredor tur\u00edstico de Acapulco, ubicado en la Avenida Esc\u00e9nica; el gobierno de Guerrero, que encabeza Evelyn Salgado Pineda, realiz\u00f3 trabajos integrales de los Miradores de Puerto Marqu\u00e9s y Las Brisas, denominados Mirador Amanecer y&#8230;<\/p>\n","protected":false},"author":1,"featured_media":1262006,"comment_status":"closed","ping_status":"open","sticky":false,"template":"","format":"standard","meta":{"footnotes":""},"categories":[1980,1983],"tags":[19002,4453,4455,18998,18999,19000,19001,18993,18994,18996,18997,18995],"class_list":["post-1261992","post","type-post","status-publish","format-standard","has-post-thumbnail","hentry","category-goverment-2","category-guerrerogob","tag-miradoresdelhogardelsol","tag-avenida-escenica","tag-avenida-escenica-acapulco","tag-centro-de-control","tag-comando","tag-computo","tag-comunicaciones-y-coordinacion-c5","tag-mirador-amanecer-acapulco","tag-mirador-atardecer","tag-mirador-de-las-brisas-acapulco","tag-mirador-de-puerto-marques-acapulco","tag-miradores-de-la-escenica-acapulco"],"_links":{"self":[{"href":"https:\/\/www.acapulcopress.com\/index.php\/wp-json\/wp\/v2\/posts\/1261992","targetHints":{"allow":["GET"]}}],"collection":[{"href":"https:\/\/www.acapulcopress.com\/index.php\/wp-json\/wp\/v2\/posts"}],"about":[{"href":"https:\/\/www.acapulcopress.com\/index.php\/wp-json\/wp\/v2\/types\/post"}],"author":[{"embeddable":true,"href":"https:\/\/www.acapulcopress.com\/index.php\/wp-json\/wp\/v2\/users\/1"}],"replies":[{"embeddable":true,"href":"https:\/\/www.acapulcopress.com\/index.php\/wp-json\/wp\/v2\/comments?post=1261992"}],"version-history":[{"count":3,"href":"https:\/\/www.acapulcopress.com\/index.php\/wp-json\/wp\/v2\/posts\/1261992\/revisions"}],"predecessor-version":[{"id":1262010,"href":"https:\/\/www.acapulcopress.com\/index.php\/wp-json\/wp\/v2\/posts\/1261992\/revisions\/1262010"}],"wp:featuredmedia":[{"embeddable":true,"href":"https:\/\/www.acapulcopress.com\/index.php\/wp-json\/wp\/v2\/media\/1262006"}],"wp:attachment":[{"href":"https:\/\/www.acapulcopress.com\/index.php\/wp-json\/wp\/v2\/media?parent=1261992"}],"wp:term":[{"taxonomy":"category","embeddable":true,"href":"https:\/\/www.acapulcopress.com\/index.php\/wp-json\/wp\/v2\/categories?post=1261992"},{"taxonomy":"post_tag","embeddable":true,"href":"https:\/\/www.acapulcopress.com\/index.php\/wp-json\/wp\/v2\/tags?post=1261992"}],"curies":[{"name":"wp","href":"https:\/\/api.w.org\/{rel}","templated":true}]}}