{"id":1262023,"date":"2025-12-19T08:18:48","date_gmt":"2025-12-19T14:18:48","guid":{"rendered":"https:\/\/www.acapulcopress.com\/?p=1262023"},"modified":"2025-12-19T13:58:14","modified_gmt":"2025-12-19T19:58:14","slug":"estrecha-cercania-de-esthela-damian-con-la-presidenta-sheinbaum","status":"publish","type":"post","link":"https:\/\/www.acapulcopress.com\/index.php\/2025\/12\/19\/estrecha-cercania-de-esthela-damian-con-la-presidenta-sheinbaum\/","title":{"rendered":"Estrecha cercan\u00eda de Esthela Dami\u00e1n con la presidenta Sheinbaum"},"content":{"rendered":"<p>Marem\u00e1gnum<br \/>\n\u00bb <a href=\"https:\/\/www.facebook.com\/ricardocastill01\" target=\"_blank\" rel=\"noopener\"><strong>RICARDO<\/strong> | <strong>CASTILLO BARRIENTOS<\/strong><\/a><\/p>\n<p>En pol\u00edtica no existen casualidades, sino causalidades con significado y efectos trascendentes, algunas personas no lo perciben con facilidad, otros en autom\u00e1tico sacan conclusiones m\u00e1s apegadas a los motivos reales de la toma de decisiones.<\/p>\n<p>Esta ha sido la premisa en torno al nombramiento otorgado por la presidenta Claudia Sheinbaum, a la abogada chilpancingue\u00f1a, Esthela Dami\u00e1n Peralta, como <strong>Consejera Jur\u00eddica de la Presidencia de la Rep\u00fablica<\/strong>, posici\u00f3n estrat\u00e9gica de primer nivel en el gabinete presidencial, en sustituci\u00f3n de Ernestina Godoy, nueva Titular de la Fiscal\u00eda General de la Rep\u00fablica.<\/p>\n<p>La decisi\u00f3n de la mandataria de la Naci\u00f3n, convierte a la maestra Esthela Dami\u00e1n, como la guerrerense m\u00e1s destacada en la pol\u00edtica nacional por su pertenencia al equipo de trabajo de la presidenta Sheinbaum, a quien ha acompa\u00f1ado como Jefa de Gobierno de la Ciudad de M\u00e9xico, en la direcci\u00f3n general del <strong>DIF<\/strong> y en la secretar\u00eda particular. En la campa\u00f1a presidencial de <strong>Morena<\/strong>, tuvo bajo su responsabilidad, la Comisi\u00f3n de Defensa Jur\u00eddica del Voto.<\/p>\n<p>Dami\u00e1n Peralta pertenece al c\u00edrculo de confianza del grupo pol\u00edtico gobernante, que habr\u00e1 de afianzarse con la inclusi\u00f3n preponderante de sus miembros, en el momento de la nominaci\u00f3n del mayor n\u00famero de las 17 candidaturas a gobiernos estatales en la elecci\u00f3n de 2027.<\/p>\n<p>Dami\u00e1n Peralta ven\u00eda desempe\u00f1\u00e1ndose eficientemente como subsecretaria de Prevenci\u00f3n de las Violencias de la Secretar\u00eda de Seguridad y Protecci\u00f3n Ciudadana (<strong>SSPC<\/strong>), a cargo de Omar Garc\u00eda Harfuch. En esa responsabilidad instituy\u00f3 el exitoso programa \u201c<strong>Sembradores de Paz<\/strong>\u201d, en las entidades federativas con altos \u00edndices delictivos del pa\u00eds.<\/p>\n<p>El mismo d\u00eda del previsible nombramiento presidencial, se gener\u00f3 en las redes sociales locales, una pol\u00e9mica bizantina orientada a la sucesi\u00f3n gubernamental, cuando debieron generalizarse las congratulaciones por la acertada designaci\u00f3n, a una brillante mujer guerrerense destacada en la pol\u00edtica nacional, con aspiraciones naturales a la gubernatura del estado.<\/p>\n<p>Las opiniones en sentido contrario estuvieron orientadas en nado sincronizado, sobre la posibilidad del descarte de Esthela Dami\u00e1n a gobernar su estado natal, muy alejado de la realidad pol\u00edtica, pues la nueva responsabilidad asumida reafirma su posici\u00f3n como la aspirante de mayor crecimiento pol\u00edtico y en las encuestas m\u00e1s reconocidas y profesionales.<\/p>\n<p>En las circunstancias actuales se consolida y despeja el camino hacia el siguiente objetivo pol\u00edtico, pr\u00e1cticamente sin adversarios que puedan hacerle sombra en el trayecto hacia la candidatura despu\u00e9s del mes de septiembre, una vez se defina la sucesi\u00f3n gubernamental a trav\u00e9s de encuestas levantadas por el Comit\u00e9 Ejecutivo Nacional de <strong>Morena<\/strong>.<\/p>\n<p>Como reza el refr\u00e1n popular: Estela Dami\u00e1n Peralta \u201cva en caballo de hacienda\u201d.<\/p>\n<p><strong>Marea Baja.-<\/strong> Casi siete mil elementos de las distintas corporaciones de seguridad, estar\u00e1n atentas a salvaguardar a la poblaci\u00f3n guerrerense y a quienes visitan el estado, durante la presente temporada decembrina, anunci\u00f3 la gobernadora Evelyn Salgado Pineda, al poner en marcha el Operativo Temporada Vacacional Invierno 2025.<\/p>\n<p>Este Operativo cuenta con el despliegue de binomios caninos, 641 patrullas y motopatrullas, helic\u00f3pteros, drones, dos unidades Black Mamba, adem\u00e1s de ambulancias, pipas y unidades acu\u00e1ticas.<\/p>\n<p>Asimismo, la mandataria estatal inaugur\u00f3 los miradores del Amanecer y del Atardecen, en la avenida Esc\u00e9nica, ambos miradores del Hogar del Sol, ser\u00e1n magn\u00edficos escaparates para el turismo nacional, a fin de recrearse de las maravillosas vistas a las bah\u00edas de Acapulco y Puerto Marqu\u00e9s.<\/p>\n<p><strong>Marea Alta.-<\/strong> El dilecto camarada y promotor cultural, Enrique Moreno, mejor conocido como \u201c<strong>Pajarito<\/strong>\u201d, no para en su actividades rockeras y hace la invitaci\u00f3n al Gran Festival \u201cRock 5\u00ba. Tributo a Rockdrigo Gonz\u00e1les\u201d, el domingo 21 del actual, en la Plaza Quebec, a partir de la seis de la tarde.<\/p>\n<p>Participar\u00e1n en este magno concierto las bandas \u201cMantra\u201d, \u201cValium\u201d, \u201cTepache Soul\u201d y Mario Sabino, fieles exponentes del rock mexicano, con presencia en Acapulco y la entidad.<\/p>\n<p><strong>Maremoto.-<\/strong> La decisi\u00f3n del director de <strong>Fonatur<\/strong>, Sebasti\u00e1n Ram\u00edrez, sobre la creaci\u00f3n del \u201cConsejo Consultivo de la Bah\u00eda Hist\u00f3rica\u201d, a simple vista fue aceptada por la comunidad acapulque\u00f1a, por el noble objetivo de coadyuvar al seguimiento y fortalecimiento de las acciones de esa dependencia federal, a trav\u00e9s del Programa \u201c<strong>Acapulco se Transforma Contigo<\/strong>\u201d.<\/p>\n<p>Queda claro que todas las acciones ejecutivas y operativas corresponden al <strong>Fonatur<\/strong>, mientras los 24 miembros del Consejo Consultivo solamente podr\u00e1n emitir opiniones respecto al \u201cPlan Maestro\u201d que tendr\u00e1 vigencia del 18 de noviembre de 2025, al mismo mes de 2027, periodo que se mantendr\u00e1 vigente el actual Comit\u00e9, donde participan destacados profesionistas, especialistas, acad\u00e9micos y representantes de asociaciones civiles y organizaciones sociales.<br \/>\n*\u00a0<a class=\"x1fey0fg xmper1u x1edh9d7\" href=\"https:\/\/fb.me\/steparious\">fb.me\/steparious<\/a>\u00a0*\u00a0<a class=\"x1fey0fg xmper1u x1edh9d7\" href=\"https:\/\/fb.me\/acapulcopress\">fb.me\/acapulcopress\u00a0<\/a><\/p>\n","protected":false},"excerpt":{"rendered":"<p>Ricardo Castillo | En pol\u00edtica no existen casualidades, sino causalidades con significado y efectos trascendentes, algunas personas no lo perciben con facilidad<\/p>\n","protected":false},"author":1,"featured_media":1262024,"comment_status":"closed","ping_status":"open","sticky":false,"template":"","format":"standard","meta":{"footnotes":""},"categories":[2071,1991],"tags":[15574],"class_list":["post-1262023","post","type-post","status-publish","format-standard","has-post-thumbnail","hentry","category-opinion-analisis-columnas","category-libertad-de-expresion","tag-ricardo-castillo-barriento"],"_links":{"self":[{"href":"https:\/\/www.acapulcopress.com\/index.php\/wp-json\/wp\/v2\/posts\/1262023","targetHints":{"allow":["GET"]}}],"collection":[{"href":"https:\/\/www.acapulcopress.com\/index.php\/wp-json\/wp\/v2\/posts"}],"about":[{"href":"https:\/\/www.acapulcopress.com\/index.php\/wp-json\/wp\/v2\/types\/post"}],"author":[{"embeddable":true,"href":"https:\/\/www.acapulcopress.com\/index.php\/wp-json\/wp\/v2\/users\/1"}],"replies":[{"embeddable":true,"href":"https:\/\/www.acapulcopress.com\/index.php\/wp-json\/wp\/v2\/comments?post=1262023"}],"version-history":[{"count":1,"href":"https:\/\/www.acapulcopress.com\/index.php\/wp-json\/wp\/v2\/posts\/1262023\/revisions"}],"predecessor-version":[{"id":1262025,"href":"https:\/\/www.acapulcopress.com\/index.php\/wp-json\/wp\/v2\/posts\/1262023\/revisions\/1262025"}],"wp:featuredmedia":[{"embeddable":true,"href":"https:\/\/www.acapulcopress.com\/index.php\/wp-json\/wp\/v2\/media\/1262024"}],"wp:attachment":[{"href":"https:\/\/www.acapulcopress.com\/index.php\/wp-json\/wp\/v2\/media?parent=1262023"}],"wp:term":[{"taxonomy":"category","embeddable":true,"href":"https:\/\/www.acapulcopress.com\/index.php\/wp-json\/wp\/v2\/categories?post=1262023"},{"taxonomy":"post_tag","embeddable":true,"href":"https:\/\/www.acapulcopress.com\/index.php\/wp-json\/wp\/v2\/tags?post=1262023"}],"curies":[{"name":"wp","href":"https:\/\/api.w.org\/{rel}","templated":true}]}}