{"id":1262026,"date":"2025-12-19T08:07:09","date_gmt":"2025-12-19T14:07:09","guid":{"rendered":"https:\/\/www.acapulcopress.com\/?p=1262026"},"modified":"2025-12-19T17:51:55","modified_gmt":"2025-12-19T23:51:55","slug":"en-politica-no-hay-coincidencias","status":"publish","type":"post","link":"https:\/\/www.acapulcopress.com\/index.php\/2025\/12\/19\/en-politica-no-hay-coincidencias\/","title":{"rendered":"En pol\u00edtica no hay coincidencias"},"content":{"rendered":"<p>Tercera V\u00eda<br \/>\n\u00bb<a href=\"https:\/\/www.facebook.com\/profile.php?id=100029214670744\" target=\"_blank\" rel=\"noopener\"> <strong>ERNESTO<\/strong> |<strong> RIVERA RODR\u00cdGUEZ<\/strong><\/a><\/p>\n<p>En la \u00abMa\u00f1anera\u00bb de este viernes, la gobernadora <strong>Evelyn Cesia Salgado Pineda<\/strong>, en enlace en vivo dio a conocer a la presidenta <strong>Claudia Sheinbaum Pardo<\/strong> los avances de rehabilitaci\u00f3n de la Avenida Costera de Acapulco, acompa\u00f1ada del director de Fonatur, <strong>Sebastian Ramirez<\/strong>, y del Oficial Mayor, Maestro<strong> Ricardo Salinas Mendez<\/strong>, en lo que se advierte de su presencia y participaci\u00f3n como un \u00abFirme espaldarazo\u00bb a sus aspiraciones por el Municipio de Acapulco.<\/p>\n<p>Como parte del programa \u00abAcapulco se Transforma Contigo\u00bb, el director de <em>Fonatur,<\/em> <strong>Sebastian Ram\u00edrez<\/strong>, le informo de los avances de obra de la rehabilitaci\u00f3n m\u00e1s importante del puerto, la fue rehabilitada con 2,700 metros cuadrados de concreto hidr\u00e1ulico y 3 mil de banquetas qu\u00e9 estaban en malas condiciones.<\/p>\n<p>En su participacion la gobernadora expres\u00f3 a la presidenta, qu\u00e9 \u00abdesde Guerrero se trabaja de manera coordinada para seguir transformando la entidad y sus municipios.<\/p>\n<p>En pol\u00edtica no existen las coincidencias ni las casualidades, y fue claro que en la imagen del Oficial Mayor Ricardo Salinas Mendez, muestra fuerza en la ruta pol\u00edtica.<br \/>\n<em>*\u00a0<a class=\"x1fey0fg xmper1u x1edh9d7\" href=\"https:\/\/fb.me\/steparious\">fb.me\/steparious<\/a>\u00a0*\u00a0<a class=\"x1fey0fg xmper1u x1edh9d7\" href=\"https:\/\/fb.me\/acapulcopress\">fb.me\/acapulcopress<\/a><\/em><\/p>\n","protected":false},"excerpt":{"rendered":"<p>Ernesto Rivera | En la \u00abMa\u00f1anera\u00bb de este viernes, la gobernadora Evelyn Cesia Salgado Pineda, en enlace en vivo dio a conocer a la presidenta Claudia Sheinbaum Pardo<\/p>\n","protected":false},"author":1,"featured_media":1262027,"comment_status":"closed","ping_status":"open","sticky":false,"template":"","format":"standard","meta":{"footnotes":""},"categories":[2071,1991],"tags":[8063,8242,8748,15598,18644,17071],"class_list":["post-1262026","post","type-post","status-publish","format-standard","has-post-thumbnail","hentry","category-opinion-analisis-columnas","category-libertad-de-expresion","tag-ernesto-rivera-rodriguez","tag-evelyn-cesia-salgado-pineda","tag-fonatur","tag-ricardo-salinas-mendez","tag-sebastian-ramirez","tag-tercera-via"],"_links":{"self":[{"href":"https:\/\/www.acapulcopress.com\/index.php\/wp-json\/wp\/v2\/posts\/1262026","targetHints":{"allow":["GET"]}}],"collection":[{"href":"https:\/\/www.acapulcopress.com\/index.php\/wp-json\/wp\/v2\/posts"}],"about":[{"href":"https:\/\/www.acapulcopress.com\/index.php\/wp-json\/wp\/v2\/types\/post"}],"author":[{"embeddable":true,"href":"https:\/\/www.acapulcopress.com\/index.php\/wp-json\/wp\/v2\/users\/1"}],"replies":[{"embeddable":true,"href":"https:\/\/www.acapulcopress.com\/index.php\/wp-json\/wp\/v2\/comments?post=1262026"}],"version-history":[{"count":1,"href":"https:\/\/www.acapulcopress.com\/index.php\/wp-json\/wp\/v2\/posts\/1262026\/revisions"}],"predecessor-version":[{"id":1262028,"href":"https:\/\/www.acapulcopress.com\/index.php\/wp-json\/wp\/v2\/posts\/1262026\/revisions\/1262028"}],"wp:featuredmedia":[{"embeddable":true,"href":"https:\/\/www.acapulcopress.com\/index.php\/wp-json\/wp\/v2\/media\/1262027"}],"wp:attachment":[{"href":"https:\/\/www.acapulcopress.com\/index.php\/wp-json\/wp\/v2\/media?parent=1262026"}],"wp:term":[{"taxonomy":"category","embeddable":true,"href":"https:\/\/www.acapulcopress.com\/index.php\/wp-json\/wp\/v2\/categories?post=1262026"},{"taxonomy":"post_tag","embeddable":true,"href":"https:\/\/www.acapulcopress.com\/index.php\/wp-json\/wp\/v2\/tags?post=1262026"}],"curies":[{"name":"wp","href":"https:\/\/api.w.org\/{rel}","templated":true}]}}