{"id":1262041,"date":"2025-12-19T18:47:33","date_gmt":"2025-12-20T00:47:33","guid":{"rendered":"https:\/\/www.acapulcopress.com\/?p=1262041"},"modified":"2025-12-19T18:48:51","modified_gmt":"2025-12-20T00:48:51","slug":"en-mexico-hay-mas-clase-media-y-menos-pobreza","status":"publish","type":"post","link":"https:\/\/www.acapulcopress.com\/index.php\/2025\/12\/19\/en-mexico-hay-mas-clase-media-y-menos-pobreza\/","title":{"rendered":"En M\u00e9xico hay m\u00e1s clase media y menos pobreza"},"content":{"rendered":"<p>CIUDAD DE M\u00c9XICO * 19 de diciembre 2025<br \/>\n)<em> Morena<\/em><br \/>\nEl <em>Comit\u00e9 Ejecutivo Nacional (CEN)<\/em> de Morena respalda plenamente el anuncio presentado por la Presidenta <strong>Claudia Sheinbaum<\/strong> en la <em>Ma\u00f1anera del Pueblo<\/em>, con base en informaci\u00f3n oficial del <em>Banco Mundial,<\/em> que confirma un hecho hist\u00f3rico: \u00abM\u00e9xico cambi\u00f3 su estructura social. Hoy hay m\u00e1s clase media y menos pobreza\u00bb.<\/p>\n<p>Durante a\u00f1os nos dijeron que subir el salario m\u00ednimo \u201cno serv\u00eda\u201d, que los programas sociales \u201cromp\u00edan la econom\u00eda\u201d y que reconocer derechos sociales universales era irresponsable. Ese discurso neoliberal no fue neutral: sirvi\u00f3 para justificar salarios de miseria, abandono del Estado y una desigualdad que parec\u00eda permanente.<\/p>\n<p>Hoy, los datos hablan m\u00e1s fuerte que los prejuicios.<\/p>\n<p>La informaci\u00f3n presentada por la Presidenta demuestra una reducci\u00f3n hist\u00f3rica de la pobreza y un crecimiento sostenido de la clase media. No es casualidad. Es el resultado de una pol\u00edtica econ\u00f3mica que dej\u00f3 de apostar al goteo y decidi\u00f3 fortalecer directamente el ingreso, el empleo y el bienestar de las familias.<\/p>\n<p>Este cambio no ocurri\u00f3 solo. Ocurri\u00f3 porque hubo decisiones firmes:<\/p>\n<p><em>* Recuperar el poder adquisitivo del salario m\u00ednimo.<\/em><br \/>\n<em>* Convertir los programas de Bienestar en derechos constitucionales.<\/em><br \/>\n<em>* Fortalecer el empleo y el mercado interno.<\/em><br \/>\n<em>* Mantener disciplina fiscal con justicia social.<\/em><br \/>\n<em>* Morena lo ha sostenido desde el inicio y hoy se confirma con hechos: cuando se fortalece a quienes hist\u00f3ricamente fueron excluidos, la econom\u00eda crece y el pa\u00eds se estabiliza desde abajo.<\/em><\/p>\n<p>La pensi\u00f3n universal para personas adultas mayores, las becas para ni\u00f1as, ni\u00f1os y j\u00f3venes, y los apoyos a personas con discapacidad no son privilegios ni d\u00e1divas: son inversi\u00f3n social, cohesi\u00f3n y futuro. Son pol\u00edticas que reducen brechas, generan movilidad social y ampl\u00edan una clase media con derechos, no con deuda.<\/p>\n<p>La <em>Cuarta Transformaci\u00f3n<\/em> no prometi\u00f3 milagros. Prometi\u00f3 dignidad, trabajo y bienestar.<\/p>\n<p>Y hoy, M\u00e9xico demuestra que cuando el pueblo avanza, el pa\u00eds tambi\u00e9n.<br \/>\n<em>*\u00a0<a class=\"x1fey0fg xmper1u x1edh9d7\" href=\"https:\/\/fb.me\/steparious\">fb.me\/steparious<\/a>\u00a0*\u00a0<a class=\"x1fey0fg xmper1u x1edh9d7\" href=\"https:\/\/fb.me\/acapulcopress\">fb.me\/acapulcopress<\/a><\/em><\/p>\n","protected":false},"excerpt":{"rendered":"<p>El Comit\u00e9 Ejecutivo Nacional (CEN) de Morena respalda plenamente el anuncio presentado por la Presidenta Claudia Sheinbaum en la Ma\u00f1anera del Pueblo, con base en informaci\u00f3n oficial del Banco Mundial, que confirma un hecho hist\u00f3rico: \u00abM\u00e9xico cambi\u00f3 su estructura social. Hoy hay m\u00e1s clase media y menos pobreza\u00bb.<\/p>\n<p>Durante a\u00f1os nos dijeron que subir el salario m\u00ednimo \u201cno serv\u00eda\u201d, que los programas sociales \u201cromp\u00edan la econom\u00eda\u201d y que reconocer derechos sociales universales era irresponsable. Ese discurso neoliberal no fue neutral: sirvi\u00f3 para justificar salarios de miseria, abandono del Estado y una desigualdad que parec\u00eda permanente.<\/p>\n<p>Hoy, los datos hablan m\u00e1s fuerte <\/p>\n","protected":false},"author":1,"featured_media":1262042,"comment_status":"closed","ping_status":"open","sticky":false,"template":"","format":"standard","meta":{"footnotes":""},"categories":[2009],"tags":[5851,6809,13297],"class_list":["post-1262041","post","type-post","status-publish","format-standard","has-post-thumbnail","hentry","category-politics","tag-claudia-sheinbaum","tag-cuarta-transformacion","tag-morena"],"_links":{"self":[{"href":"https:\/\/www.acapulcopress.com\/index.php\/wp-json\/wp\/v2\/posts\/1262041","targetHints":{"allow":["GET"]}}],"collection":[{"href":"https:\/\/www.acapulcopress.com\/index.php\/wp-json\/wp\/v2\/posts"}],"about":[{"href":"https:\/\/www.acapulcopress.com\/index.php\/wp-json\/wp\/v2\/types\/post"}],"author":[{"embeddable":true,"href":"https:\/\/www.acapulcopress.com\/index.php\/wp-json\/wp\/v2\/users\/1"}],"replies":[{"embeddable":true,"href":"https:\/\/www.acapulcopress.com\/index.php\/wp-json\/wp\/v2\/comments?post=1262041"}],"version-history":[{"count":3,"href":"https:\/\/www.acapulcopress.com\/index.php\/wp-json\/wp\/v2\/posts\/1262041\/revisions"}],"predecessor-version":[{"id":1262045,"href":"https:\/\/www.acapulcopress.com\/index.php\/wp-json\/wp\/v2\/posts\/1262041\/revisions\/1262045"}],"wp:featuredmedia":[{"embeddable":true,"href":"https:\/\/www.acapulcopress.com\/index.php\/wp-json\/wp\/v2\/media\/1262042"}],"wp:attachment":[{"href":"https:\/\/www.acapulcopress.com\/index.php\/wp-json\/wp\/v2\/media?parent=1262041"}],"wp:term":[{"taxonomy":"category","embeddable":true,"href":"https:\/\/www.acapulcopress.com\/index.php\/wp-json\/wp\/v2\/categories?post=1262041"},{"taxonomy":"post_tag","embeddable":true,"href":"https:\/\/www.acapulcopress.com\/index.php\/wp-json\/wp\/v2\/tags?post=1262041"}],"curies":[{"name":"wp","href":"https:\/\/api.w.org\/{rel}","templated":true}]}}