{"id":1262052,"date":"2025-12-24T08:13:44","date_gmt":"2025-12-24T14:13:44","guid":{"rendered":"https:\/\/www.acapulcopress.com\/?p=1262052"},"modified":"2025-12-24T08:13:44","modified_gmt":"2025-12-24T14:13:44","slug":"feliz-navidad-a-pesar-de-hechos-y-amenazas-latentes","status":"publish","type":"post","link":"https:\/\/www.acapulcopress.com\/index.php\/2025\/12\/24\/feliz-navidad-a-pesar-de-hechos-y-amenazas-latentes\/","title":{"rendered":"Feliz Navidad, a pesar de hechos y amenazas latentes\u00a0"},"content":{"rendered":"<p>Marem\u00e1gnum<br \/>\n\u00bb<a href=\"https:\/\/www.facebook.com\/ricardocastill01\" target=\"_blank\" rel=\"noopener\"><strong> RICARDO<\/strong> | <strong>CASTILLO BARRIENTOS<\/strong><\/a><\/p>\n<p>Teniendo como fondo un concierto musical de c\u00e1nticos navide\u00f1os, \u00a0escribo estas l\u00edneas en este d\u00eda tan especial para gran parte de la humanidad, por la Natividad de <strong>Jes\u00fas de Nazareth<\/strong>, llegada divina simbolizada en la \u201cLuz del Mundo\u201d, con proyecci\u00f3n a nuestra era en\u00a0 diversos cultos religiosos.<\/p>\n<p>La <strong>Nochebuena<\/strong> es una extraordinaria celebraci\u00f3n familiar, motivo de reflexi\u00f3n, alegr\u00eda o tristeza, expres\u00e1ndose los mejores deseos de buena ventura a los seres queridos y a los hombres y mujeres de buena voluntad.<\/p>\n<p>El momento hist\u00f3rico que vive la humanidad, M\u00e9xico y Guerrero, en particular, es una etapa cr\u00edtica, convulsionada y dif\u00edcil, para infinidad de familias, en aspectos elementales consagrados en derechos universales, extraviados por la descomposici\u00f3n social y la inefectividad de la estructura institucional, no satisfactoria de las leg\u00edtimas aspiraciones humanas, a\u00fan as\u00ed, la esperanza permanece.<\/p>\n<p>Estar inmersos en este panorama, impacta en mayor o menor medida, en las condiciones clim\u00e1ticas, econ\u00f3micas, sociales, ambientales y pol\u00edticas, trastocando la normalidad o cotidianidad que a todos nos gustar\u00eda vivir.<\/p>\n<p>Desde una \u00f3ptica optimista los mexicanos y guerrerenses, no hemos perdido la capacidad de asombro, no obstante nuestra capacidad de resiliencia puesta a toda prueba, reaccionando favorablemente para superar fen\u00f3menos clim\u00e1ticos, s\u00edsmicos y sociales descomunales, siempre latentes en algunas \u00e9pocas del a\u00f1o.<\/p>\n<p>Ni estas fechas escapan a las amenazas de diversa naturaleza, tendientes a romper la armon\u00eda y tranquilidad que debiera prevalecer en todas las \u00e9pocas del a\u00f1o, como finalidad primordial de la convivencia humana y pac\u00edfica.<\/p>\n<p>Hagamos lo que nos corresponde, nuestra mejor contribuci\u00f3n a generar un orden global y nacional, sin sobresaltos, sin miedos y temores, a la construcci\u00f3n de un h\u00e1bitat m\u00e1s perfectible y satisfactorio, en todos los sentidos.<\/p>\n<p>La venida de <strong>Jes\u00fas de Nazaret<\/strong>, sea el aliciente efectivo para renovarnos y ser mejores en el transcurrir de la existencia, para realmente tener una <strong>Feliz Navidad y Nochebuena<\/strong> y no solamente quede en buenos deseos.<\/p>\n<p>Marea Baja.- No todo es malo en la vi\u00f1a del Se\u00f1or, o mejor dicho, en el H. Ayuntamiento de Chilpancingo, que preside el doctor Gustavo Alarc\u00f3n Herrera, quien en un gesto humanista les llev\u00f3 pizas a cientos de j\u00f3venes capitalinos que desde el mediod\u00eda comenzaron a congregarse en la plaza central, para ocupar los mejores lugares, a fin de admirar al rapero, cantante y compositor de moda, conocido como \u201c<strong>El Malilla<\/strong>\u201d.<\/p>\n<p>Al percatarse de la presencia del nutrido numer\u00f3 de chamacos, que llegaron desde temprano para apartar los mejores lugares del evento, el alcalde capitalino ni tardo ni perezoso orden\u00f3 se les invitara decenas de pizas para que aguantaran con m\u00e1s ganas la espera del afamado artista, gan\u00e1ndose el aplauso generalizado y el reconocimiento de la juventud chilpancingue\u00f1a. Un punto para el doctor Alarc\u00f3n Herrera.<\/p>\n<p><strong>Marea Alta.-<\/strong> En vista que la relaci\u00f3n de merecedores a reconocimientos a luchadores sociales aprobada por el Consejo Universitario hab\u00eda quedado incompleta, corrigieron la plana e incorporaron a m\u00e1s personajes, sin embargo, quedaron excluidos Carmelo Cortez Castro y Fernando Pineda M\u00e9nez.<\/p>\n<p>El Consejo Universitario aprob\u00f3 adicionar a las siguientes personas: Alejandra C\u00e1rdenas Santana, Dem\u00f3stenes Lozano Vadovinos, Gregorio Fern\u00e1ndez Brito y Oth\u00f3n Salazar Ram\u00edrez. El homenaje se llevar\u00e1 a cabo en la Alameda Granados Maldonado, el pr\u00f3ximo 30 de diciembre, con motivo del 65 aniversario de la masacre de Chilpancingo.<\/p>\n<p>Maremoto.- Siempre existen personas interesadas por razones pol\u00edticas o personales, en tergiversar las declaraciones de la presidenta Claudia Sheinbaum, referente al nombramiento de la abogada chilpancingue\u00f1a, Esthela Dami\u00e1n Peralta, designada Consejera Jur\u00eddica del Ejecutivo Federal, por la mandataria nacional.<\/p>\n<p>Est\u00e1 claro que todos los nombramientos presidenciales sin excepci\u00f3n, son permanentes o definitivos, excepto cuando son encargados de Despacho. No existen nombramientos temporales, ni de ning\u00fan otro tipo. No se valen las interpretaciones tendenciosas o mal intencionadas.<\/p>\n<p>Los funcionarios designados podr\u00e1n ser removidos o renunciar a sus cargos, cuando as\u00ed lo estimen conveniente para desempe\u00f1ar otros cargos de mayor responsabilidad. Eso no quieren entender francotiradores que pretenden generar desconcierto o confusi\u00f3n en la opini\u00f3n p\u00fablica.<\/p>\n<p><em>* <a href=\"http:\/\/fb.me\/steparious\" target=\"_blank\" rel=\"noopener\">fb.me\/steparious\u00a0<\/a> * <a href=\"http:\/\/fb.me\/acapulcopress\" target=\"_blank\" rel=\"noopener\">fb.me\/acapulcopress<\/a><\/em><\/p>\n","protected":false},"excerpt":{"rendered":"<p>Ricardo Castillo | Teniendo como fondo un concierto musical de c\u00e1nticos navide\u00f1os, \u00a0escribo estas l\u00edneas en este d\u00eda tan especial para gran parte de la humanidad,<\/p>\n","protected":false},"author":1,"featured_media":1262053,"comment_status":"closed","ping_status":"open","sticky":false,"template":"","format":"standard","meta":{"footnotes":""},"categories":[2071,1991],"tags":[19008,12503,13576,19009,15575],"class_list":["post-1262052","post","type-post","status-publish","format-standard","has-post-thumbnail","hentry","category-opinion-analisis-columnas","category-libertad-de-expresion","tag-jesus-de-nazareth","tag-maremagnum","tag-navidad","tag-nochebuena","tag-ricardo-castillo-barrientos"],"_links":{"self":[{"href":"https:\/\/www.acapulcopress.com\/index.php\/wp-json\/wp\/v2\/posts\/1262052","targetHints":{"allow":["GET"]}}],"collection":[{"href":"https:\/\/www.acapulcopress.com\/index.php\/wp-json\/wp\/v2\/posts"}],"about":[{"href":"https:\/\/www.acapulcopress.com\/index.php\/wp-json\/wp\/v2\/types\/post"}],"author":[{"embeddable":true,"href":"https:\/\/www.acapulcopress.com\/index.php\/wp-json\/wp\/v2\/users\/1"}],"replies":[{"embeddable":true,"href":"https:\/\/www.acapulcopress.com\/index.php\/wp-json\/wp\/v2\/comments?post=1262052"}],"version-history":[{"count":1,"href":"https:\/\/www.acapulcopress.com\/index.php\/wp-json\/wp\/v2\/posts\/1262052\/revisions"}],"predecessor-version":[{"id":1262054,"href":"https:\/\/www.acapulcopress.com\/index.php\/wp-json\/wp\/v2\/posts\/1262052\/revisions\/1262054"}],"wp:featuredmedia":[{"embeddable":true,"href":"https:\/\/www.acapulcopress.com\/index.php\/wp-json\/wp\/v2\/media\/1262053"}],"wp:attachment":[{"href":"https:\/\/www.acapulcopress.com\/index.php\/wp-json\/wp\/v2\/media?parent=1262052"}],"wp:term":[{"taxonomy":"category","embeddable":true,"href":"https:\/\/www.acapulcopress.com\/index.php\/wp-json\/wp\/v2\/categories?post=1262052"},{"taxonomy":"post_tag","embeddable":true,"href":"https:\/\/www.acapulcopress.com\/index.php\/wp-json\/wp\/v2\/tags?post=1262052"}],"curies":[{"name":"wp","href":"https:\/\/api.w.org\/{rel}","templated":true}]}}