{"id":1262077,"date":"2025-12-02T14:10:27","date_gmt":"2025-12-02T20:10:27","guid":{"rendered":"https:\/\/www.acapulcopress.com\/?p=1262077"},"modified":"2025-12-28T12:11:24","modified_gmt":"2025-12-28T18:11:24","slug":"exhorta-congreso-fortaleces-proteccion-de-datos-de-victimas-de-feminicidios","status":"publish","type":"post","link":"https:\/\/www.acapulcopress.com\/index.php\/2025\/12\/02\/exhorta-congreso-fortaleces-proteccion-de-datos-de-victimas-de-feminicidios\/","title":{"rendered":"Exhorta Congreso fortaleces protecci\u00f3n de datos de v\u00edctimas de feminicidios"},"content":{"rendered":"<p>CHILPANCINGO * 2 de diciembre 2025<br \/>\n<em>) LXIV Legislatura | Guerrero<\/em><br \/>\nEl Congreso del Estado exhort\u00f3 a las autoridades municipales, para que, en coordinaci\u00f3n con las estatales, capaciten a las y los servidores p\u00fablicos en materia de protecci\u00f3n de datos, especialmente aquellos relacionados con casos de violencia contra ni\u00f1as, ni\u00f1os, adolescentes y mujeres. Asimismo, se hizo un llamado a la Fiscal\u00eda General del Estado para que agilice las investigaciones de feminicidios y homicidios de mujeres, ni\u00f1as, ni\u00f1os y adolescentes.<\/p>\n<p>En la sesi\u00f3n de este martes se aprobaron dos dict\u00e1menes. El primero, emitido por las <em>Comisiones Unidas<\/em> para la <em>Igualdad de G\u00e9nero<\/em> y de <em>Justicia<\/em>, deriva de una propuesta presentada por la diputada <strong>Claudia Sierra P\u00e9rez<\/strong>. En \u00e9l se destaca que la protecci\u00f3n de los datos personales es un derecho fundamental, esencial para garantizar la privacidad y seguridad de las personas, y cuya salvaguarda constituye una responsabilidad compartida por todas las autoridades e instituciones.<\/p>\n<p>Al fundamentar el dictamen, la diputada <strong>Leticia Mosso Hern\u00e1ndez<\/strong>, se\u00f1al\u00f3 que la protecci\u00f3n de los datos personales de mujeres, adolescentes, ni\u00f1os y ni\u00f1as v\u00edctimas de violencia adquiere una relevancia mayor, dado que la informaci\u00f3n relacionada con ellas es de naturaleza sensible y su manejo inadecuado puede generar consecuencias devastadoras, como la revictimizaci\u00f3n, la exposici\u00f3n p\u00fablica de su identidad o la vulneraci\u00f3n de su seguridad e integridad f\u00edsica y emocional. Por ello, consider\u00f3 indispensable que las autoridades e instituciones involucradas en la atenci\u00f3n a v\u00edctimas prioricen la protecci\u00f3n de sus datos personales mediante la implementaci\u00f3n de protocolos de seguridad para el manejo y almacenamiento de la informaci\u00f3n, la capacitaci\u00f3n del personal encargado y el establecimiento de mecanismos de supervisi\u00f3n y sanci\u00f3n en caso de incumplimiento.<\/p>\n<p>El segundo dictamen, tambi\u00e9n emitido por las Comisiones Unidas de Igualdad de G\u00e9nero y Justicia, deriva de una propuesta de la diputada Erika Lorena L\u00fchrs Cort\u00e9s. En \u00e9l se exhorta a la Fiscal\u00eda General del Estado a agilizar las investigaciones de feminicidios y homicidios de mujeres, ni\u00f1as, ni\u00f1os y adolescentes, y a remitir al Congreso, en un plazo de 15 d\u00edas, un informe estad\u00edstico sobre estos delitos y su estado procesal.<\/p>\n<p>Asimismo, para que la Secretar\u00eda de la Mujer del Gobierno del Estado otorgue asesor\u00eda, acompa\u00f1amiento y seguimiento a las v\u00edctimas de feminicidio, homicidio y delitos derivados de embarazos en ni\u00f1as y adolescentes, debiendo informar al Congreso en un plazo de 15 d\u00edas sobre las acciones realizadas en estos rubros.<\/p>\n<p>Finalmente, se hace un llamado a los 84 Ayuntamientos, al Concejo Municipal Comunitario de Ayutla de los Libres y a la coordinaci\u00f3n del IMSS-BIENESTAR en Guerrero, la Secretar\u00eda de Salud del Gobierno del Estado, a las dem\u00e1s dependencias y entidades del Poder Ejecutivo, para que informen a las autoridades competentes sobre los casos de embarazo en ni\u00f1as y adolescentes, y establezcan protocolos, bases de datos y cat\u00e1logos de servicios que garanticen la atenci\u00f3n y protecci\u00f3n de sus derechos durante el embarazo, parto y puerperio.<br \/>\n<em>*\u00a0<a href=\"http:\/\/fb.me\/steparious\" target=\"_blank\" rel=\"noopener\">fb.me\/steparious\u00a0<\/a>\u00a0*\u00a0<a href=\"http:\/\/fb.me\/acapulcopress\" target=\"_blank\" rel=\"noopener\">fb.me\/acapulcopress<\/a><\/em><\/p>\n","protected":false},"excerpt":{"rendered":"<p>CHILPANCINGO * 2 de diciembre 2025 ) LXIV Legislatura | Guerrero El Congreso del Estado exhort\u00f3 a las autoridades municipales, para que, en coordinaci\u00f3n con las estatales, capaciten a las y los servidores p\u00fablicos en materia de protecci\u00f3n de datos, especialmente aquellos relacionados con casos de violencia contra ni\u00f1as, ni\u00f1os, adolescentes y mujeres. Asimismo, se&#8230;<\/p>\n","protected":false},"author":1,"featured_media":1262078,"comment_status":"closed","ping_status":"open","sticky":false,"template":"","format":"standard","meta":{"footnotes":""},"categories":[2037,61],"tags":[5855,11793],"class_list":["post-1262077","post","type-post","status-publish","format-standard","has-post-thumbnail","hentry","category-congreso-de-guerrero","category-legislacion","tag-claudia-sierra-perez","tag-leticia-mosso-hernandez"],"_links":{"self":[{"href":"https:\/\/www.acapulcopress.com\/index.php\/wp-json\/wp\/v2\/posts\/1262077","targetHints":{"allow":["GET"]}}],"collection":[{"href":"https:\/\/www.acapulcopress.com\/index.php\/wp-json\/wp\/v2\/posts"}],"about":[{"href":"https:\/\/www.acapulcopress.com\/index.php\/wp-json\/wp\/v2\/types\/post"}],"author":[{"embeddable":true,"href":"https:\/\/www.acapulcopress.com\/index.php\/wp-json\/wp\/v2\/users\/1"}],"replies":[{"embeddable":true,"href":"https:\/\/www.acapulcopress.com\/index.php\/wp-json\/wp\/v2\/comments?post=1262077"}],"version-history":[{"count":1,"href":"https:\/\/www.acapulcopress.com\/index.php\/wp-json\/wp\/v2\/posts\/1262077\/revisions"}],"predecessor-version":[{"id":1262079,"href":"https:\/\/www.acapulcopress.com\/index.php\/wp-json\/wp\/v2\/posts\/1262077\/revisions\/1262079"}],"wp:featuredmedia":[{"embeddable":true,"href":"https:\/\/www.acapulcopress.com\/index.php\/wp-json\/wp\/v2\/media\/1262078"}],"wp:attachment":[{"href":"https:\/\/www.acapulcopress.com\/index.php\/wp-json\/wp\/v2\/media?parent=1262077"}],"wp:term":[{"taxonomy":"category","embeddable":true,"href":"https:\/\/www.acapulcopress.com\/index.php\/wp-json\/wp\/v2\/categories?post=1262077"},{"taxonomy":"post_tag","embeddable":true,"href":"https:\/\/www.acapulcopress.com\/index.php\/wp-json\/wp\/v2\/tags?post=1262077"}],"curies":[{"name":"wp","href":"https:\/\/api.w.org\/{rel}","templated":true}]}}