{"id":1262105,"date":"2025-12-29T21:16:23","date_gmt":"2025-12-30T03:16:23","guid":{"rendered":"https:\/\/www.acapulcopress.com\/?p=1262105"},"modified":"2025-12-29T21:18:51","modified_gmt":"2025-12-30T03:18:51","slug":"acapulco-celebrara-el-50-aniversario-del-tiaguis-turistico","status":"publish","type":"post","link":"https:\/\/www.acapulcopress.com\/index.php\/2025\/12\/29\/acapulco-celebrara-el-50-aniversario-del-tiaguis-turistico\/","title":{"rendered":"Acapulco celebrar\u00e1 el 50 Aniversario del Tiaguis Tur\u00edstico"},"content":{"rendered":"<p>ACAPULCO * 29 de diciembre 2025<br \/>\n<em>) Gobierno de Guerrero<\/em><br \/>\nLa gobernadora <strong>Evelyn Salgado Pineda<\/strong>, recibi\u00f3 en Acapulco a la titular de la Secretar\u00eda de Turismo Federal, <strong>Josefina Rodr\u00edguez Zamora<\/strong>, para <a href=\"https:\/\/www.acapulcopress.com\/wp-content\/uploads\/2025\/12\/tianguis-turistico-2026.3.jpg\"><img loading=\"lazy\" decoding=\"async\" class=\"alignleft size-cmsmasters-square-thumb wp-image-1262109\" src=\"https:\/\/www.acapulcopress.com\/wp-content\/uploads\/2025\/12\/tianguis-turistico-2026.3-360x360.jpg\" alt=\"\" width=\"360\" height=\"360\" srcset=\"https:\/\/www.acapulcopress.com\/wp-content\/uploads\/2025\/12\/tianguis-turistico-2026.3-360x360.jpg 360w, https:\/\/www.acapulcopress.com\/wp-content\/uploads\/2025\/12\/tianguis-turistico-2026.3-150x150.jpg 150w, https:\/\/www.acapulcopress.com\/wp-content\/uploads\/2025\/12\/tianguis-turistico-2026.3-70x70.jpg 70w\" sizes=\"auto, (max-width: 360px) 100vw, 360px\" \/><\/a>fortalecer el trabajo interinstitucional en este rubro tan importante para la econom\u00eda del <em>Hogar del Sol.<\/em><\/p>\n<p>Acompa\u00f1ada por el secretario de Turismo del estado, Sim\u00f3n Qui\u00f1ones Orozco, la mandataria encabez\u00f3 el encuentro en donde se revisaron y afinaron los detalles de la organizaci\u00f3n del Tianguis Tur\u00edstico 2026, el cual determina un evento hist\u00f3rico para el turismo en M\u00e9xico, al cumplir 50 a\u00f1os de realizaci\u00f3n y celebrar en su casa la edici\u00f3n de oro.<\/p>\n<p>En este sentido, la jefa del Ejecutivo estatal, resalt\u00f3 que esta edici\u00f3n ser\u00e1 la que ponga a Guerrero, en especial a Acapulco, en los ojos del mundo, pues adem\u00e1s de demostrar la resiliencia de su gente, se catapultar\u00e1n los destinos que hasta ahora se manten\u00edan fuera del inter\u00e9s p\u00fablico.<\/p>\n<p>En esta misma reuni\u00f3n, tambi\u00e9n se revisaron los grandes eventos que marcan el cierre de la agenda tur\u00edstica 2025, as\u00ed como el inicio del 2026, como es la gala de pirotecnia, en donde la gobernadora Evelyn Salgado, la secretaria de Turismo, Josefina Rodr\u00edguez, y el secretario de Turismo estatal, Sim\u00f3n Qui\u00f1ones, refrendaron el compromiso de continuar trabajando en conjunto y sumando esfuerzos, para seguir trayendo proyectos de crecimiento para Guerrero.<\/p>\n<p><em>*\u00a0<a href=\"http:\/\/fb.me\/steparious\" target=\"_blank\" rel=\"noopener\">fb.me\/steparious\u00a0<\/a>\u00a0*\u00a0<a href=\"http:\/\/fb.me\/acapulcopress\" target=\"_blank\" rel=\"noopener\">fb.me\/acapulcopress<\/a><\/em><\/p>\n","protected":false},"excerpt":{"rendered":"<p>La gobernadora Evelyn Salgado Pineda, recibi\u00f3 en Acapulco a la titular de la Secretar\u00eda de Turismo Federal, Josefina Rodr\u00edguez Zamora, para fortalecer el trabajo interinstitucional en este rubro tan importante para la econom\u00eda del Hogar del Sol.<\/p>\n","protected":false},"author":1,"featured_media":1262110,"comment_status":"closed","ping_status":"open","sticky":false,"template":"","format":"standard","meta":{"footnotes":""},"categories":[1988,18470],"tags":[8251,11125,19015],"class_list":["post-1262105","post","type-post","status-publish","format-standard","has-post-thumbnail","hentry","category-lifestyles","category-turismo","tag-evelyn-salgado-pineda","tag-josefina-rodriguez-zamora","tag-tiaguis-turistico-2026"],"_links":{"self":[{"href":"https:\/\/www.acapulcopress.com\/index.php\/wp-json\/wp\/v2\/posts\/1262105","targetHints":{"allow":["GET"]}}],"collection":[{"href":"https:\/\/www.acapulcopress.com\/index.php\/wp-json\/wp\/v2\/posts"}],"about":[{"href":"https:\/\/www.acapulcopress.com\/index.php\/wp-json\/wp\/v2\/types\/post"}],"author":[{"embeddable":true,"href":"https:\/\/www.acapulcopress.com\/index.php\/wp-json\/wp\/v2\/users\/1"}],"replies":[{"embeddable":true,"href":"https:\/\/www.acapulcopress.com\/index.php\/wp-json\/wp\/v2\/comments?post=1262105"}],"version-history":[{"count":2,"href":"https:\/\/www.acapulcopress.com\/index.php\/wp-json\/wp\/v2\/posts\/1262105\/revisions"}],"predecessor-version":[{"id":1262112,"href":"https:\/\/www.acapulcopress.com\/index.php\/wp-json\/wp\/v2\/posts\/1262105\/revisions\/1262112"}],"wp:featuredmedia":[{"embeddable":true,"href":"https:\/\/www.acapulcopress.com\/index.php\/wp-json\/wp\/v2\/media\/1262110"}],"wp:attachment":[{"href":"https:\/\/www.acapulcopress.com\/index.php\/wp-json\/wp\/v2\/media?parent=1262105"}],"wp:term":[{"taxonomy":"category","embeddable":true,"href":"https:\/\/www.acapulcopress.com\/index.php\/wp-json\/wp\/v2\/categories?post=1262105"},{"taxonomy":"post_tag","embeddable":true,"href":"https:\/\/www.acapulcopress.com\/index.php\/wp-json\/wp\/v2\/tags?post=1262105"}],"curies":[{"name":"wp","href":"https:\/\/api.w.org\/{rel}","templated":true}]}}