{"id":1262119,"date":"2026-01-05T20:08:19","date_gmt":"2026-01-06T02:08:19","guid":{"rendered":"https:\/\/www.acapulcopress.com\/?p=1262119"},"modified":"2026-01-05T21:13:39","modified_gmt":"2026-01-06T03:13:39","slug":"problema-del-agua-culpa-de-antecesores-y-del-sismo-dice-abelina","status":"publish","type":"post","link":"https:\/\/www.acapulcopress.com\/index.php\/2026\/01\/05\/problema-del-agua-culpa-de-antecesores-y-del-sismo-dice-abelina\/","title":{"rendered":"Problema del agua, culpa de antecesores y del sismo, dice Abelina"},"content":{"rendered":"<p><strong>E d i t o r i a l<\/strong><\/p>\n<p>A\u00fan cuando la <em>Comisi\u00f3n de Agua Potable y Alcantarillado del Municipio de Acapulco (<span class=\"xv78j7m\" spellcheck=\"false\">CAPAMA<\/span>)<\/em> surgi\u00f3 oficialmente en el a\u00f1o 1977 como entidad paraestatal y antes de ella el primer organismo regulador del agua potable en el municipio se llamaba <em>Junta Administradora de Agua Potable y Alcantarillado (JAAPA),<\/em> que fue creada en 1972 con la construcci\u00f3n de los sistemas de captaci\u00f3n de agua Papagayo I y Pagayo II, seg\u00fan el excronista de la ciudad, <strong>Anituy Rebolledo Ayerdi<\/strong>, durante la conferencia de prensa de esta ma\u00f1ana, la alcaldesa de Acapulco, <strong><span class=\"xv78j7m\" spellcheck=\"false\">Abelina L\u00f3pez Rodr\u00edguez<\/span><\/strong>, culp\u00f3 a todos sus antecesores de \u00ab70 a\u00f1os\u00bb atr\u00e1s &#8211;pr\u00e1cticamente desde <strong><span class=\"xv78j7m\" spellcheck=\"false\">Adela Rom\u00e1n Ocampo<\/span><\/strong> (2018-2021) <strong>hasta Efr\u00e9n Villalvazo Alarc\u00f3n<\/strong> (1955)&#8211; de los complejos problemas por los que atraviesa la CAPAMA, pues quienes la antecedieron por m\u00e1s de siete d\u00e9cadas atr\u00e1s no arreglaron \u00abni un tornillo\u00bb, dijo, de all\u00ed la obsoleta estructura de la dependencia que actualmente presenta cr\u00f3nicos problemas en el suministro de agua potable a la poblaci\u00f3n.<\/p>\n<p>Menos mal que quien siempre se hab\u00eda venido apropiando de las obras federales y estatales como suyas esta vez acredit\u00f3 al gobierno federal y estatal &#8211;l\u00e9ase tal como lo dijo, la presidenta <strong>Claudia Sheinbaum Pardo<\/strong> y la gobernadora <strong>Evelyn Salgado Pineda<\/strong>&#8212; las labores que se realizan, a trav\u00e9s de la <em><span class=\"xv78j7m\" spellcheck=\"false\">Comisi\u00f3n Nacional del Agua<\/span> (Conagua)<\/em> y la <em>Comisi\u00f3n de Agua Potable, Alcantarillado y Saneamiento del Estado de Guerrero, (<span class=\"xv78j7m\" spellcheck=\"false\">CAPASEG<\/span>)<\/em> en la reparaci\u00f3n de las fallas de los sistemas de captaci\u00f3n de agua potable Papagayo I, Papagayo II y Lomas de Chapultepec, supuestamente afectadas por el pasado sismo, mientras CAPAMA se avoca a la reparaci\u00f3n de la red averiada &#8211;tambi\u00e9n \u00abpor el sismo\u00bb&#8211; en algunas zonas del municipio.<\/p>\n<p>Al darse ba\u00f1os de pureza, la alcaldesa de alcaldesa Acapulco, que no pudo comprobar el paradero m\u00e1s de 898 millones de pesos del ejercicio fiscal 2023 otorgados por el <em>FAIS<\/em> para obras p\u00fablicas y servicios sociales y se contradijo cuando fue cuestionada por portar un lujoso collar valuado en m\u00e1s de 200 mil pesos, el cual asegur\u00f3 se lo hab\u00eda regalado el pueblo que la ama y despu\u00e9s rectific\u00f3 que hab\u00eda sido una se\u00f1ora de la Sim\u00f3n Bol\u00edvar, una de las colonias m\u00e1s pobres de Acapulco. No obstante, contrario a lo que la famosa &#8216;t\u00eda Abe&#8217; dijo, por m\u00e1s de cuatro a\u00f1os consecutivos el pueblo que seg\u00fan la ama le ha reclamado la falta de obras y servicios en el puerto, se\u00f1al\u00f3 que a pesar de las calumnias y acusaciones que le hacen en su contra ella ha cuidado \u00absagradamente\u00bb el dinero de los acapulque\u00f1os.<\/p>\n<p>Por cierto, ya que le gusta buscar culpables, que Abelina L\u00f3pez no olvide que fue regidora por el PRD de 1999 a 2002 en el ayuntamiento de Acapulco presidido por el perredista <strong><span class=\"xv78j7m\" spellcheck=\"false\">Zeferino Torreblanca Galindo<\/span><\/strong>&#8230; as\u00ed que ella tambi\u00e9n es culpable de lo que acusa a sus antecesores porque tampoco ella puso ni para un tornillo de los sistemas captadores de agua potable de la CAPAMA.<\/p>\n<p>) En el siguiente link, sus palabras textuales: <a class=\"x1fey0fg xmper1u x1edh9d7\" href=\"https:\/\/www.facebook.com\/share\/v\/1BbMof4AUb\">https:\/\/www.facebook.com\/share\/v\/1BbMof4AUb<\/a><\/p>\n<p>* <a class=\"x1fey0fg xmper1u x1edh9d7\" href=\"https:\/\/fb.me\/steparious\">fb.me\/steparious<\/a> * <a class=\"x1fey0fg xmper1u x1edh9d7\" href=\"https:\/\/fb.me\/acapulcopress\">fb.me\/acapulcopress<\/a><\/p>\n<p><em>) En el siguiente link, sus palabras textuales: <a class=\"x1fey0fg xmper1u x1edh9d7\" href=\"https:\/\/www.facebook.com\/share\/v\/1BbMof4AUb\" target=\"_blank\" rel=\"noopener\">https:\/\/www.facebook.com\/share\/v\/1BbMof4AUb<\/a><\/em><\/p>\n<p>* <a class=\"x1fey0fg xmper1u x1edh9d7\" href=\"https:\/\/fb.me\/steparious\">fb.me\/steparious<\/a> * <a class=\"x1fey0fg xmper1u x1edh9d7\" href=\"https:\/\/fb.me\/acapulcopress\">fb.me\/acapulcopress<\/a><\/p>\n","protected":false},"excerpt":{"rendered":"<p>Editorial | A\u00fan cuando la Comisi\u00f3n de Agua Potable y Alcantarillado del Municipio de Acapulco (CAPAMA) surgi\u00f3 oficialmente en el a\u00f1o 1977 como entidad paraestatal<\/p>\n","protected":false},"author":1,"featured_media":1262120,"comment_status":"closed","ping_status":"open","sticky":false,"template":"","format":"standard","meta":{"footnotes":""},"categories":[2048,1991],"tags":[3077,3257,19022,5115,6068,6080,6186,19021,19020,18304],"class_list":["post-1262119","post","type-post","status-publish","format-standard","has-post-thumbnail","hentry","category-editorial-editorial","category-libertad-de-expresion","tag-abelina-lopez-rodriguez","tag-adela-roman-ocampo","tag-alcantarillado-y-saneamiento-del-estado-de-guerrero","tag-capaseg","tag-comision-de-agua-potable","tag-comision-de-agua-potable-y-alcantarillado-del-municipio-de-acapulco-capama","tag-comision-nacional-del-agua-conagua","tag-hasta-efren-villalvazo-alarcon","tag-junta-administradora-de-agua-potable-y-alcantarillado-jaapa","tag-zeferino-torreblanca-galindo"],"_links":{"self":[{"href":"https:\/\/www.acapulcopress.com\/index.php\/wp-json\/wp\/v2\/posts\/1262119","targetHints":{"allow":["GET"]}}],"collection":[{"href":"https:\/\/www.acapulcopress.com\/index.php\/wp-json\/wp\/v2\/posts"}],"about":[{"href":"https:\/\/www.acapulcopress.com\/index.php\/wp-json\/wp\/v2\/types\/post"}],"author":[{"embeddable":true,"href":"https:\/\/www.acapulcopress.com\/index.php\/wp-json\/wp\/v2\/users\/1"}],"replies":[{"embeddable":true,"href":"https:\/\/www.acapulcopress.com\/index.php\/wp-json\/wp\/v2\/comments?post=1262119"}],"version-history":[{"count":3,"href":"https:\/\/www.acapulcopress.com\/index.php\/wp-json\/wp\/v2\/posts\/1262119\/revisions"}],"predecessor-version":[{"id":1262133,"href":"https:\/\/www.acapulcopress.com\/index.php\/wp-json\/wp\/v2\/posts\/1262119\/revisions\/1262133"}],"wp:featuredmedia":[{"embeddable":true,"href":"https:\/\/www.acapulcopress.com\/index.php\/wp-json\/wp\/v2\/media\/1262120"}],"wp:attachment":[{"href":"https:\/\/www.acapulcopress.com\/index.php\/wp-json\/wp\/v2\/media?parent=1262119"}],"wp:term":[{"taxonomy":"category","embeddable":true,"href":"https:\/\/www.acapulcopress.com\/index.php\/wp-json\/wp\/v2\/categories?post=1262119"},{"taxonomy":"post_tag","embeddable":true,"href":"https:\/\/www.acapulcopress.com\/index.php\/wp-json\/wp\/v2\/tags?post=1262119"}],"curies":[{"name":"wp","href":"https:\/\/api.w.org\/{rel}","templated":true}]}}