{"id":1262129,"date":"2026-01-05T20:56:25","date_gmt":"2026-01-06T02:56:25","guid":{"rendered":"https:\/\/www.acapulcopress.com\/?p=1262129"},"modified":"2026-01-05T21:02:32","modified_gmt":"2026-01-06T03:02:32","slug":"coordinacion-interinstitucional-fortalece-seguridad-en-guerrero","status":"publish","type":"post","link":"https:\/\/www.acapulcopress.com\/index.php\/2026\/01\/05\/coordinacion-interinstitucional-fortalece-seguridad-en-guerrero\/","title":{"rendered":"Coordinaci\u00f3n interinstitucional fortalece seguridad en Guerrero"},"content":{"rendered":"<p>CHILPANCINGO * 5 de enero, 2026.<br \/>\n<em>) Coordinaci\u00f3n para la Construcci\u00f3n de Paz en Guerrero<br \/>\n<\/em>El vocero de la <em>Mesa de Coordinaci\u00f3n para la Construcci\u00f3n de Paz en Guerrero,<\/em> <strong>Randy Suastegui Cebrero<\/strong>, present\u00f3 los resultados m\u00e1s recientes en materia de seguridad, procuraci\u00f3n de justicia y prevenci\u00f3n del delito, los cuales reflejan el impacto del trabajo coordinado entre instituciones estatales y federales para fortalecer la paz y el Estado de derecho en la entidad.<\/p>\n<p>La Secretar\u00eda de Seguridad P\u00fablica, inform\u00f3 que, en la semana del 29 de diciembre al 4 de enero, se logr\u00f3 la detenci\u00f3n de 11 personas, una por delitos del fuero federal y diez por delitos del fuero com\u00fan, asimismo, se aseguraron 11 veh\u00edculos, de los cuales dos veh\u00edculos y dos motocicletas fueron recuperados al contar con reporte de robo, adem\u00e1s de seis veh\u00edculos y una motocicleta asegurados por su probable participaci\u00f3n en hechos delictivos, mientras que en materia de armamento, se asegur\u00f3 un arma corta y cinco cartuchos \u00fatiles.<\/p>\n<p>Adem\u00e1s, indic\u00f3 que se decomisaron 80 gramos de marihuana, 67 dosis de cristal, 30 dosis de piedra y 18 dosis de coca\u00edna, generando una afectaci\u00f3n econ\u00f3mica estimada en 36 mil 350 pesos a los grupos delictivos y como parte de estas acciones, tambi\u00e9n fue asegurado un tel\u00e9fono celular.<\/p>\n<p>A estos resultados se suman los avances registrados durante el mes de diciembre por la Fiscal\u00eda General del Estado de Guerrero, donde se ejecutaron 87 \u00f3rdenes de aprehensi\u00f3n por delitos de alto impacto, entre ellos homicidio calificado, secuestro agravado, violaci\u00f3n, abuso sexual, extorsi\u00f3n, trata de personas y feminicidio en grado de tentativa, de igual forma se realizaron 34 detenciones en flagrancia y se obtuvieron 87 vinculaciones a proceso, derivadas del seguimiento puntual a las carpetas de investigaci\u00f3n.<\/p>\n<p>Asimismo, se lograron 28 sentencias condenatorias, con penas que van de 8 meses hasta 107 a\u00f1os de prisi\u00f3n, destacando resoluciones por delitos como feminicidio, secuestro agravado, homicidio calificado y violaci\u00f3n equiparada, adem\u00e1s se aseguraron 148 veh\u00edculos vinculados con actividades il\u00edcitas y se recuperaron 87 unidades con reporte de robo.<\/p>\n<p>En materia de prevenci\u00f3n de la extorsi\u00f3n, la Fiscal\u00eda, a trav\u00e9s de la aplicaci\u00f3n Ponte Buso y la l\u00ednea directa, atendi\u00f3 69 eventos relacionados con extorsi\u00f3n y secuestro virtual, evitando el pago de casi 3 millones de pesos en perjuicio de las v\u00edctimas, adem\u00e1s de lograr la cancelaci\u00f3n de 113 l\u00edneas telef\u00f3nicas y 10 IMEI utilizados para la comisi\u00f3n de estos delitos.<\/p>\n<p>Adem\u00e1s, destaca el decomiso de 590 dosis de marihuana y 16 dosis de una sustancia con caracter\u00edsticas de cristal en el municipio de Coyuca de Ben\u00edtez, as\u00ed como el aseguramiento de aproximadamente 178 kilogramos de marihuana en el municipio de Quechultenango.<\/p>\n<p>Finalmente, Suastegui Cebrero reiter\u00f3 que la Mesa de Coordinaci\u00f3n para la Construcci\u00f3n de Paz continuar\u00e1 fortaleciendo la colaboraci\u00f3n entre dependencias de los tres \u00f3rdenes de gobierno, con el objetivo de prevenir el delito, garantizar el acceso a la justicia y generar condiciones de tranquilidad y bienestar para las y los guerrerenses.<br \/>\n*\u00a0<a class=\"x1fey0fg xmper1u x1edh9d7\" href=\"https:\/\/fb.me\/steparious\">fb.me\/steparious<\/a>\u00a0*\u00a0<a class=\"x1fey0fg xmper1u x1edh9d7\" href=\"https:\/\/fb.me\/acapulcopress\">fb.me\/acapulcopress<\/a><\/p>\n","protected":false},"excerpt":{"rendered":"<p>El vocero de Coordinaci\u00f3n para la Construcci\u00f3n de Paz en Guerrero, Randy Suastegui Cebrero, present\u00f3 los resultados m\u00e1s recientes en materia de seguridad,<\/p>\n","protected":false},"author":1,"featured_media":1262130,"comment_status":"closed","ping_status":"open","sticky":false,"template":"","format":"standard","meta":{"footnotes":""},"categories":[2005],"tags":[12969,15272],"class_list":["post-1262129","post","type-post","status-publish","format-standard","has-post-thumbnail","hentry","category-seguridad-y-justicia","tag-mesa-de-coordinacion-para-la-construccion-de-paz-en-guerrero","tag-randy-suastegui-cebrero"],"_links":{"self":[{"href":"https:\/\/www.acapulcopress.com\/index.php\/wp-json\/wp\/v2\/posts\/1262129","targetHints":{"allow":["GET"]}}],"collection":[{"href":"https:\/\/www.acapulcopress.com\/index.php\/wp-json\/wp\/v2\/posts"}],"about":[{"href":"https:\/\/www.acapulcopress.com\/index.php\/wp-json\/wp\/v2\/types\/post"}],"author":[{"embeddable":true,"href":"https:\/\/www.acapulcopress.com\/index.php\/wp-json\/wp\/v2\/users\/1"}],"replies":[{"embeddable":true,"href":"https:\/\/www.acapulcopress.com\/index.php\/wp-json\/wp\/v2\/comments?post=1262129"}],"version-history":[{"count":2,"href":"https:\/\/www.acapulcopress.com\/index.php\/wp-json\/wp\/v2\/posts\/1262129\/revisions"}],"predecessor-version":[{"id":1262132,"href":"https:\/\/www.acapulcopress.com\/index.php\/wp-json\/wp\/v2\/posts\/1262129\/revisions\/1262132"}],"wp:featuredmedia":[{"embeddable":true,"href":"https:\/\/www.acapulcopress.com\/index.php\/wp-json\/wp\/v2\/media\/1262130"}],"wp:attachment":[{"href":"https:\/\/www.acapulcopress.com\/index.php\/wp-json\/wp\/v2\/media?parent=1262129"}],"wp:term":[{"taxonomy":"category","embeddable":true,"href":"https:\/\/www.acapulcopress.com\/index.php\/wp-json\/wp\/v2\/categories?post=1262129"},{"taxonomy":"post_tag","embeddable":true,"href":"https:\/\/www.acapulcopress.com\/index.php\/wp-json\/wp\/v2\/tags?post=1262129"}],"curies":[{"name":"wp","href":"https:\/\/api.w.org\/{rel}","templated":true}]}}