{"id":1262142,"date":"2026-01-06T17:15:52","date_gmt":"2026-01-06T23:15:52","guid":{"rendered":"https:\/\/www.acapulcopress.com\/?p=1262142"},"modified":"2026-01-06T17:22:57","modified_gmt":"2026-01-06T23:22:57","slug":"alista-evelyn-salgado-visita-de-sheinbaum-a-guerrero","status":"publish","type":"post","link":"https:\/\/www.acapulcopress.com\/index.php\/2026\/01\/06\/alista-evelyn-salgado-visita-de-sheinbaum-a-guerrero\/","title":{"rendered":"Alista Evelyn Salgado visita de Sheinbaum a Guerrero"},"content":{"rendered":"<p>CHILPANCINGO * 6 de enero, 2026.<br \/>\n<em>) Seguridad Guerrero<\/em><br \/>\nLa gobernadora <strong>Evelyn Salgado Pineda<\/strong> encabez\u00f3 los trabajos de la<em> Mesa de Coordinaci\u00f3n para la Construcci\u00f3n de la Paz<\/em>, donde se evaluaron los resultados del operativo implementado con motivo del \u00abD\u00eda de Reyes\u00bb.<\/p>\n<p>Asimismo, de manera coordinada con las autoridades que integran este \u00f3rgano interinstitucional, se afin\u00f3 la planeaci\u00f3n para la visita de la presidenta,<strong> Claudia Sheinbaum<\/strong>, en pr\u00f3ximos d\u00edas.<\/p>\n<p>La mandataria estatal puntualiz\u00f3 que en Guerrero hay una coordinaci\u00f3n permanente y con responsabilidad entre los tres \u00f3rdenes de gobierno que se refleja en resultados para la construcci\u00f3n de paz en Guerrero.<\/p>\n<p><a href=\"https:\/\/www.acapulcopress.com\/wp-content\/uploads\/2026\/01\/EVELYN.SEGURIDAD3.jpg\"><img loading=\"lazy\" decoding=\"async\" class=\"alignnone wp-image-1262144 size-large\" src=\"https:\/\/www.acapulcopress.com\/wp-content\/uploads\/2026\/01\/EVELYN.SEGURIDAD3-1024x682.jpg\" alt=\"\" width=\"1024\" height=\"682\" srcset=\"https:\/\/www.acapulcopress.com\/wp-content\/uploads\/2026\/01\/EVELYN.SEGURIDAD3-1024x682.jpg 1024w, https:\/\/www.acapulcopress.com\/wp-content\/uploads\/2026\/01\/EVELYN.SEGURIDAD3-300x200.jpg 300w, https:\/\/www.acapulcopress.com\/wp-content\/uploads\/2026\/01\/EVELYN.SEGURIDAD3-768x512.jpg 768w, https:\/\/www.acapulcopress.com\/wp-content\/uploads\/2026\/01\/EVELYN.SEGURIDAD3-580x387.jpg 580w, https:\/\/www.acapulcopress.com\/wp-content\/uploads\/2026\/01\/EVELYN.SEGURIDAD3-860x573.jpg 860w, https:\/\/www.acapulcopress.com\/wp-content\/uploads\/2026\/01\/EVELYN.SEGURIDAD3-1160x773.jpg 1160w, https:\/\/www.acapulcopress.com\/wp-content\/uploads\/2026\/01\/EVELYN.SEGURIDAD3.jpg 1280w\" sizes=\"auto, (max-width: 1024px) 100vw, 1024px\" \/><\/a><\/p>\n<p><em>*\u00a0<a class=\"x1fey0fg xmper1u x1edh9d7\" href=\"https:\/\/fb.me\/steparious\">fb.me\/steparious<\/a>\u00a0*\u00a0<a class=\"x1fey0fg xmper1u x1edh9d7\" href=\"https:\/\/fb.me\/acapulcopress\">fb.me\/acapulcopress<\/a><\/em><\/p>\n","protected":false},"excerpt":{"rendered":"<p>La gobernadora Evelyn Salgado Pineda encabez\u00f3 los trabajos de la Mesa de Coordinaci\u00f3n para la Construcci\u00f3n de la Paz,<\/p>\n","protected":false},"author":1,"featured_media":1262143,"comment_status":"closed","ping_status":"open","sticky":false,"template":"","format":"standard","meta":{"footnotes":""},"categories":[2005],"tags":[5851,8251,12964],"class_list":["post-1262142","post","type-post","status-publish","format-standard","has-post-thumbnail","hentry","category-seguridad-y-justicia","tag-claudia-sheinbaum","tag-evelyn-salgado-pineda","tag-mesa-de-coordinacion-para-la-construccion-de-la-paz"],"_links":{"self":[{"href":"https:\/\/www.acapulcopress.com\/index.php\/wp-json\/wp\/v2\/posts\/1262142","targetHints":{"allow":["GET"]}}],"collection":[{"href":"https:\/\/www.acapulcopress.com\/index.php\/wp-json\/wp\/v2\/posts"}],"about":[{"href":"https:\/\/www.acapulcopress.com\/index.php\/wp-json\/wp\/v2\/types\/post"}],"author":[{"embeddable":true,"href":"https:\/\/www.acapulcopress.com\/index.php\/wp-json\/wp\/v2\/users\/1"}],"replies":[{"embeddable":true,"href":"https:\/\/www.acapulcopress.com\/index.php\/wp-json\/wp\/v2\/comments?post=1262142"}],"version-history":[{"count":1,"href":"https:\/\/www.acapulcopress.com\/index.php\/wp-json\/wp\/v2\/posts\/1262142\/revisions"}],"predecessor-version":[{"id":1262145,"href":"https:\/\/www.acapulcopress.com\/index.php\/wp-json\/wp\/v2\/posts\/1262142\/revisions\/1262145"}],"wp:featuredmedia":[{"embeddable":true,"href":"https:\/\/www.acapulcopress.com\/index.php\/wp-json\/wp\/v2\/media\/1262143"}],"wp:attachment":[{"href":"https:\/\/www.acapulcopress.com\/index.php\/wp-json\/wp\/v2\/media?parent=1262142"}],"wp:term":[{"taxonomy":"category","embeddable":true,"href":"https:\/\/www.acapulcopress.com\/index.php\/wp-json\/wp\/v2\/categories?post=1262142"},{"taxonomy":"post_tag","embeddable":true,"href":"https:\/\/www.acapulcopress.com\/index.php\/wp-json\/wp\/v2\/tags?post=1262142"}],"curies":[{"name":"wp","href":"https:\/\/api.w.org\/{rel}","templated":true}]}}