{"id":1262163,"date":"2026-01-07T18:03:34","date_gmt":"2026-01-08T00:03:34","guid":{"rendered":"https:\/\/www.acapulcopress.com\/?p=1262163"},"modified":"2026-01-07T18:03:34","modified_gmt":"2026-01-08T00:03:34","slug":"secretarias-de-turismo-estatal-y-municipal-unen-fuerza-por-la-imagen-turistica-de-acapulco","status":"publish","type":"post","link":"https:\/\/www.acapulcopress.com\/index.php\/2026\/01\/07\/secretarias-de-turismo-estatal-y-municipal-unen-fuerza-por-la-imagen-turistica-de-acapulco\/","title":{"rendered":"Secretar\u00edas de Turismo estatal y municipal unen fuerza por la imagen tur\u00edstica de Acapulco"},"content":{"rendered":"<p>ACAPULCO * 7 de enero, 2026.<br \/>\n<em>) Aps<br \/>\n<\/em>Las secretar\u00edas de Turismo municipal y estatal sumaron fuerza para organizar caravanas tur\u00edsticas y fortalecer las acciones de promoci\u00f3n tur\u00edstica de Acapulco durante el primer semestre de 2026.<\/p>\n<p>En reuni\u00f3n sostenica con representantes de la <em>Sectur Guerrero<\/em>, el <em>Fideicomiso para la Promoci\u00f3n Tur\u00edstica de Acapulco (Fitur)<\/em> y la <em>Asociaci\u00f3n de Hoteles y Empresas Tur\u00edsticas de Acapulco (AHETA),<\/em> el secretario de Turismo de Acapulco, <strong>No\u00e9 Peralta Herrera<\/strong>, subray\u00f3 que la \u00abPromoci\u00f3n Focalizada en Mercados Clave\u00bb ayudar\u00e1 a intensificar la promoci\u00f3n de Acapulco en las ciudades m\u00e1s importantes de M\u00e9xico y contribuir\u00e1 a seguir impulsando su posicionamiento tur\u00edstico\u00bb.<\/p>\n<p>Para tal efecto, el titular de la Sectur Acapulco inform\u00f3 que se ha implementado un plan puntual para visitar las principales entidades federativas del pa\u00eds con vuelos directos y mercados naturales de mayor afluencia.<\/p>\n<p>As\u00ed mismo, se realizar\u00e1n diversas caravanas de promoci\u00f3n y participaciones en ferias internacionales, como la <em>Seatrade Cruise Events, <\/em>con la finalidad de incrementar el arribo de cruceros y consolidar a Acapulco como un destino estrat\u00e9gico del turismo mar\u00edtimo internacional.<br \/>\n*<em>\u00a0<a class=\"x1fey0fg xmper1u x1edh9d7\" href=\"https:\/\/fb.me\/steparious\">fb.me\/steparious<\/a>\u00a0*\u00a0<a class=\"x1fey0fg xmper1u x1edh9d7\" href=\"https:\/\/fb.me\/acapulcopress\">fb.me\/acapulcopress<\/a><\/em><\/p>\n","protected":false},"excerpt":{"rendered":"<p>ACAPULCO * 7 de enero, 2026. ) Aps Las secretar\u00edas de Turismo municipal y estatal sumaron fuerza para organizar caravanas tur\u00edsticas y fortalecer las acciones de promoci\u00f3n tur\u00edstica de Acapulco durante el primer semestre de 2026. En reuni\u00f3n sostenica con representantes de la Sectur Guerrero, el Fideicomiso para la Promoci\u00f3n Tur\u00edstica de Acapulco (Fitur) y&#8230;<\/p>\n","protected":false},"author":1,"featured_media":1262164,"comment_status":"closed","ping_status":"open","sticky":false,"template":"","format":"standard","meta":{"footnotes":""},"categories":[2080],"tags":[4283,19035,13711,19036,16334,16336],"class_list":["post-1262163","post","type-post","status-publish","format-standard","has-post-thumbnail","hentry","category-regiones-de-guerrero","tag-asociacion-de-hoteles-y-empresas-turisticas-de-acapulco-aheta","tag-fideicomiso-para-la-promocion-turistica-de-acapulco-fitur","tag-noe-peralta-herrera","tag-seatrade-cruise-events","tag-sectur-acapulco","tag-sectur-guerrero"],"_links":{"self":[{"href":"https:\/\/www.acapulcopress.com\/index.php\/wp-json\/wp\/v2\/posts\/1262163","targetHints":{"allow":["GET"]}}],"collection":[{"href":"https:\/\/www.acapulcopress.com\/index.php\/wp-json\/wp\/v2\/posts"}],"about":[{"href":"https:\/\/www.acapulcopress.com\/index.php\/wp-json\/wp\/v2\/types\/post"}],"author":[{"embeddable":true,"href":"https:\/\/www.acapulcopress.com\/index.php\/wp-json\/wp\/v2\/users\/1"}],"replies":[{"embeddable":true,"href":"https:\/\/www.acapulcopress.com\/index.php\/wp-json\/wp\/v2\/comments?post=1262163"}],"version-history":[{"count":2,"href":"https:\/\/www.acapulcopress.com\/index.php\/wp-json\/wp\/v2\/posts\/1262163\/revisions"}],"predecessor-version":[{"id":1262166,"href":"https:\/\/www.acapulcopress.com\/index.php\/wp-json\/wp\/v2\/posts\/1262163\/revisions\/1262166"}],"wp:featuredmedia":[{"embeddable":true,"href":"https:\/\/www.acapulcopress.com\/index.php\/wp-json\/wp\/v2\/media\/1262164"}],"wp:attachment":[{"href":"https:\/\/www.acapulcopress.com\/index.php\/wp-json\/wp\/v2\/media?parent=1262163"}],"wp:term":[{"taxonomy":"category","embeddable":true,"href":"https:\/\/www.acapulcopress.com\/index.php\/wp-json\/wp\/v2\/categories?post=1262163"},{"taxonomy":"post_tag","embeddable":true,"href":"https:\/\/www.acapulcopress.com\/index.php\/wp-json\/wp\/v2\/tags?post=1262163"}],"curies":[{"name":"wp","href":"https:\/\/api.w.org\/{rel}","templated":true}]}}