{"id":1262174,"date":"2026-01-07T19:24:11","date_gmt":"2026-01-08T01:24:11","guid":{"rendered":"https:\/\/www.acapulcopress.com\/?p=1262174"},"modified":"2026-01-07T19:31:35","modified_gmt":"2026-01-08T01:31:35","slug":"anuncia-delcy-rodriguez-rescate-de-maduro-y-su-esposa-presos-en-estados-unidos","status":"publish","type":"post","link":"https:\/\/www.acapulcopress.com\/index.php\/2026\/01\/07\/anuncia-delcy-rodriguez-rescate-de-maduro-y-su-esposa-presos-en-estados-unidos\/","title":{"rendered":"Anuncia Delcy Rodr\u00edguez rescate de Maduro y su esposa, presos en EU"},"content":{"rendered":"<p>CARACAS * 7 de enero, 2026.<br \/>\n<em>) Efe<\/em><br \/>\nLa presidenta encargada de Venezuela, <strong>Delcy Rodr\u00edguez<\/strong> (Delcy Elo\u00edna Rodr\u00edguez G\u00f3mez), y los partidos chavistas agrupados en el Gran Polo Patri\u00f3tico se comprometieron este mi\u00e9rcoles con \u00abel rescate\u00bb de<strong> Nicol\u00e1s Maduro <\/strong>(Nicol\u00e1s Maduro Moros) y su esposa, <strong>Cilia Flores <\/strong>(Cilia Adela Flores Gaviria), detenidos en Estados Unidos tras su captura el s\u00e1bado en Caracas por parte de fuerzas de este pa\u00eds.<\/p>\n<p>Rodr\u00edguez encabez\u00f3 una reuni\u00f3n con esa coalici\u00f3n a fin de \u00abtrazar metas en defensa de la paz y la soberan\u00eda\u00bb, entre ellas, \u00abel rescate\u00bb de Maduro y Flores \u00abtras su secuestro por fuerzas de ocupaci\u00f3n\u00bb estadounidenses, seg\u00fan el equipo de prensa de la Presidencia.<\/p>\n<p>Las otras dos \u00abdirectrices fundamentales\u00bb son \u00abgarantizar la paz en toda la rep\u00fablica y mantener la gobernabilidad pol\u00edtica ante los desaf\u00edos actuales\u00bb, se\u00f1ala la nota de prensa.<\/p>\n<p>En el encuentro en el Teatro Teresa Carre\u00f1o, en la capital venezolana, participaron el presidente del Parlamento y hermano de la mandataria encargada, <strong>Jorge Rodr\u00edguez<\/strong>, y el ministro de Interior, <strong>Diosdado Cabello<\/strong>, adem\u00e1s de gobernadores, diputados, vicepresidentes sectoriales y representantes del <em>Gran Polo Patri\u00f3tico<\/em>.<\/p>\n<p><strong>Compromiso chavista con el rescate de Maduro<\/strong><\/p>\n<p>Delcy Rodr\u00edguez, quien ya ha hecho sus primeras designaciones en las \u00e1reas de seguridad y econom\u00eda, llam\u00f3 a una \u00abunidad monol\u00edtica\u00bb y a asegurar \u00abla producci\u00f3n nacional a trav\u00e9s de los motores de la agenda econ\u00f3mica bolivariana\u00bb, prosigue el texto oficial.<\/p>\n<p>Por su parte, las fuerzas pol\u00edticas del chavismo expresaron \u00absu compromiso inquebrantable de cumplir con las tareas de rescate\u00bb de Maduro y Flores, capturados la madrugada del s\u00e1bado 3 de enero en medio de una serie de ataques en Caracas y tres estados cercanos a la capital que, seg\u00fan el fiscal general,<strong> Tarek William Saab<\/strong>, dej\u00f3 \u00abdecenas\u00bb de muertos.<\/p>\n<p>Maduro, que fue trasladado de inmediato a Estados Unidos est\u00e1 acusado por la Justicia de ese pa\u00eds de cuatro cargos federales, entre ellos conspiraci\u00f3n de narcoterrorismo y conspiraci\u00f3n para la importaci\u00f3n de coca\u00edna.<\/p>\n<p>El pasado lunes, Maduro y Flores se declararon no culpables de todos los cargos que enfrentan ante el tribunal del Distrito Sur de Nueva York, durante su primera comparecencia.<\/p>\n<p>El Gobierno venezolano invit\u00f3 al secretario general de la <em>Organizaci\u00f3n de las Naciones Unidas (ONU)<\/em>, <strong>Ant\u00f3nio Guterres<\/strong>, a visitar el pa\u00eds suramericano para que compruebe \u00abde primera mano\u00bb las consecuencias del ataque.<br \/>\n*<em>\u00a0<a class=\"x1fey0fg xmper1u x1edh9d7\" href=\"https:\/\/fb.me\/steparious\">fb.me\/steparious<\/a>\u00a0*\u00a0<a class=\"x1fey0fg xmper1u x1edh9d7\" href=\"https:\/\/fb.me\/acapulcopress\">fb.me\/acapulcopress<\/a><\/em><\/p>\n","protected":false},"excerpt":{"rendered":"<p>CARACAS * 7 de enero, 2026. ) Efe La presidenta encargada de Venezuela, Delcy Rodr\u00edguez (Delcy Elo\u00edna Rodr\u00edguez G\u00f3mez), y los partidos chavistas agrupados en el Gran Polo Patri\u00f3tico se comprometieron este mi\u00e9rcoles con \u00abel rescate\u00bb de Nicol\u00e1s Maduro (Nicol\u00e1s Maduro Moros) y su esposa, Cilia Flores (Cilia Adela Flores Gaviria), detenidos en Estados Unidos&#8230;<\/p>\n","protected":false},"author":1,"featured_media":1262175,"comment_status":"closed","ping_status":"open","sticky":false,"template":"","format":"standard","meta":{"footnotes":""},"categories":[1997],"tags":[4013,19039,19016,19038,19037,19040,19041,10922,13669,13670,14021,19042],"class_list":["post-1262174","post","type-post","status-publish","format-standard","has-post-thumbnail","hentry","category-noticias-destacadas","tag-antonio-guterres","tag-cilia-adela-flores-gaviria","tag-cilia-flores","tag-delcy-eloina-rodriguez-gomez","tag-delcy-rodriguez","tag-diosdado-cabello","tag-gran-polo-patriotico","tag-jorge-rodriguez","tag-nicolas-maduro","tag-nicolas-maduro-moros","tag-organizacion-de-las-naciones-unidas-onu","tag-tarek-william-saab"],"_links":{"self":[{"href":"https:\/\/www.acapulcopress.com\/index.php\/wp-json\/wp\/v2\/posts\/1262174","targetHints":{"allow":["GET"]}}],"collection":[{"href":"https:\/\/www.acapulcopress.com\/index.php\/wp-json\/wp\/v2\/posts"}],"about":[{"href":"https:\/\/www.acapulcopress.com\/index.php\/wp-json\/wp\/v2\/types\/post"}],"author":[{"embeddable":true,"href":"https:\/\/www.acapulcopress.com\/index.php\/wp-json\/wp\/v2\/users\/1"}],"replies":[{"embeddable":true,"href":"https:\/\/www.acapulcopress.com\/index.php\/wp-json\/wp\/v2\/comments?post=1262174"}],"version-history":[{"count":4,"href":"https:\/\/www.acapulcopress.com\/index.php\/wp-json\/wp\/v2\/posts\/1262174\/revisions"}],"predecessor-version":[{"id":1262179,"href":"https:\/\/www.acapulcopress.com\/index.php\/wp-json\/wp\/v2\/posts\/1262174\/revisions\/1262179"}],"wp:featuredmedia":[{"embeddable":true,"href":"https:\/\/www.acapulcopress.com\/index.php\/wp-json\/wp\/v2\/media\/1262175"}],"wp:attachment":[{"href":"https:\/\/www.acapulcopress.com\/index.php\/wp-json\/wp\/v2\/media?parent=1262174"}],"wp:term":[{"taxonomy":"category","embeddable":true,"href":"https:\/\/www.acapulcopress.com\/index.php\/wp-json\/wp\/v2\/categories?post=1262174"},{"taxonomy":"post_tag","embeddable":true,"href":"https:\/\/www.acapulcopress.com\/index.php\/wp-json\/wp\/v2\/tags?post=1262174"}],"curies":[{"name":"wp","href":"https:\/\/api.w.org\/{rel}","templated":true}]}}