{"id":1262180,"date":"2026-01-08T20:09:34","date_gmt":"2026-01-09T02:09:34","guid":{"rendered":"https:\/\/www.acapulcopress.com\/?p=1262180"},"modified":"2026-01-08T20:16:37","modified_gmt":"2026-01-09T02:16:37","slug":"fgegro-logra-sentencia-de-50-anos","status":"publish","type":"post","link":"https:\/\/www.acapulcopress.com\/index.php\/2026\/01\/08\/fgegro-logra-sentencia-de-50-anos\/","title":{"rendered":"#FGEGro logra sentencia de 50 a\u00f1os"},"content":{"rendered":"<p><em>* Desde el tres de enero estamos frente a un Nuevo Orden Mundial; el que quiera entender qu\u00e9 entienda<\/em><\/p>\n<p>Tercera V\u00eda<br \/>\n\u00bb <a href=\"https:\/\/www.facebook.com\/profile.php?id=100029214670744\" target=\"_blank\" rel=\"noopener\"><strong>ERNESTO<\/strong> | <strong>RIVERA RODR\u00cdGUEZ<\/strong><\/a><\/p>\n<p>La Fiscal\u00eda General del Estado de Guerrero logr\u00f3 que un Juez dictara sentencia condenatoria de 50 a\u00f1os de prisi\u00f3n en contra de Moises \u00abN\u00bb alias \u00abEl Derek\u00bb, por el delito de secuestro agravado, cometido en perjuicio de una v\u00edctima de identidad reservada en el municipio de Acapulco de Ju\u00e1rez.<\/p>\n<p>Mediante investigaciones intensivas que permitieron recabar pruebas definitivas, la FGE Guerrero logr\u00f3 establecer la participaci\u00f3n de Moises \u00abN\u00bb alias \u00abEl Derek\u00bb, los cuales ocurrieron el 19 de febrero 2022, cuando el hoy sentenciado, en compa\u00f1\u00eda de otros sujetos, privo de la libertad a una pareja, a quienes mantuvieran cautivos por varias horas, despojandolos de sus pertenencias y dinero mediante retiros bancarios, en el citado puerto.<\/p>\n<p>Por lo anterior, el juez dict\u00f3 sentencia condenatoria de 50 a\u00f1os de prisi\u00f3n en contra del imputado, as\u00ed c\u00f3mo el pago correspondiente a una multa y la reparaci\u00f3n del da\u00f1o.<\/p>\n<p>La Fiscal\u00eda General del Estado de Guerrero con esta sentencia, refrenda su compromiso con la sociedad guerrerense de procurar justicia a las v\u00edctimas de delito y buscar sanciones ejemplares para aquellos que atenten contra el derecho a una vida libre de violencia.<br \/>\n*<em>\u00a0<a class=\"x1fey0fg xmper1u x1edh9d7\" href=\"https:\/\/fb.me\/steparious\">fb.me\/steparious<\/a>\u00a0*\u00a0<a class=\"x1fey0fg xmper1u x1edh9d7\" href=\"https:\/\/fb.me\/acapulcopress\">fb.me\/acapulcopress<\/a><\/em><\/p>\n","protected":false},"excerpt":{"rendered":"<p>Ernesto Rivera | La Fiscal\u00eda General de Guerrero logr\u00f3 que un Juez dictara sentencia condenatoria de 50 a\u00f1os de prisi\u00f3n contra de Moises \u00abN\u00bb<\/p>\n","protected":false},"author":1,"featured_media":1262181,"comment_status":"closed","ping_status":"open","sticky":false,"template":"","format":"standard","meta":{"footnotes":""},"categories":[2071,1991],"tags":[8063,17071],"class_list":["post-1262180","post","type-post","status-publish","format-standard","has-post-thumbnail","hentry","category-opinion-analisis-columnas","category-libertad-de-expresion","tag-ernesto-rivera-rodriguez","tag-tercera-via"],"_links":{"self":[{"href":"https:\/\/www.acapulcopress.com\/index.php\/wp-json\/wp\/v2\/posts\/1262180","targetHints":{"allow":["GET"]}}],"collection":[{"href":"https:\/\/www.acapulcopress.com\/index.php\/wp-json\/wp\/v2\/posts"}],"about":[{"href":"https:\/\/www.acapulcopress.com\/index.php\/wp-json\/wp\/v2\/types\/post"}],"author":[{"embeddable":true,"href":"https:\/\/www.acapulcopress.com\/index.php\/wp-json\/wp\/v2\/users\/1"}],"replies":[{"embeddable":true,"href":"https:\/\/www.acapulcopress.com\/index.php\/wp-json\/wp\/v2\/comments?post=1262180"}],"version-history":[{"count":3,"href":"https:\/\/www.acapulcopress.com\/index.php\/wp-json\/wp\/v2\/posts\/1262180\/revisions"}],"predecessor-version":[{"id":1262184,"href":"https:\/\/www.acapulcopress.com\/index.php\/wp-json\/wp\/v2\/posts\/1262180\/revisions\/1262184"}],"wp:featuredmedia":[{"embeddable":true,"href":"https:\/\/www.acapulcopress.com\/index.php\/wp-json\/wp\/v2\/media\/1262181"}],"wp:attachment":[{"href":"https:\/\/www.acapulcopress.com\/index.php\/wp-json\/wp\/v2\/media?parent=1262180"}],"wp:term":[{"taxonomy":"category","embeddable":true,"href":"https:\/\/www.acapulcopress.com\/index.php\/wp-json\/wp\/v2\/categories?post=1262180"},{"taxonomy":"post_tag","embeddable":true,"href":"https:\/\/www.acapulcopress.com\/index.php\/wp-json\/wp\/v2\/tags?post=1262180"}],"curies":[{"name":"wp","href":"https:\/\/api.w.org\/{rel}","templated":true}]}}